{"id":3274,"date":"2018-04-09T14:03:26","date_gmt":"2018-04-09T14:03:26","guid":{"rendered":"http:\/\/escolacasablanca.org\/?p=3274"},"modified":"2018-04-09T14:03:26","modified_gmt":"2018-04-09T14:03:26","slug":"jornada-dia-mundial-de-la-salut","status":"publish","type":"post","link":"https:\/\/agora.xtec.cat\/esccasablanca\/informacions\/jornada-dia-mundial-de-la-salut\/","title":{"rendered":"Jornada Dia Mundial de la Salut"},"content":{"rendered":"<p><span style=\"font-family:sans-serif;font-size:small;\">La Jornada del Dia Mundial de la Salut 2018 es celebrar\u00e0 el dia el dia 12 d&#8217;abril a Can Massallera.<\/span><br \/>\n<span style=\"font-family:sans-serif;font-size:small;\">Enguany est\u00e0 dedicat a l&#8217;Activitat f\u00edsica i han organitzat una jornada al voltant d&#8217;aquesta acci\u00f3 com a un h\u00e0bit imprescindible per a una bona salut, en totes les franges d&#8217;edat; des de la inf\u00e0ncia fins a arribar a la gent gran, i tamb\u00e9 per aquelles persones amb capacitat diferents.<\/span><\/p>\n<p><span style=\"font-family:sans-serif;font-size:small;\">Us deixem l&#8217;enlla\u00e7 amb els diferents activitats que es duran a terme. <a title=\"Diptic Salut_2018\" href=\"https:\/\/agora.xtec.cat\/esccasablanca\/wp-content\/uploads\/usu1964\/2018\/04\/diptic-salut_2018.pdf\">Activa&#8217;t<\/a><\/span><\/p>\n<p><img loading=\"lazy\" decoding=\"async\" class=\"alignnone size-full wp-image-3276\" src=\"https:\/\/agora.xtec.cat\/esccasablanca\/wp-content\/uploads\/usu1964\/2018\/04\/activat.png\" alt=\"activat\" width=\"1247\" height=\"698\" srcset=\"https:\/\/agora.xtec.cat\/esccasablanca\/wp-content\/uploads\/usu1964\/2018\/04\/activat.png 1247w, https:\/\/agora.xtec.cat\/esccasablanca\/wp-content\/uploads\/usu1964\/2018\/04\/activat-300x168.png 300w, https:\/\/agora.xtec.cat\/esccasablanca\/wp-content\/uploads\/usu1964\/2018\/04\/activat-768x430.png 768w, https:\/\/agora.xtec.cat\/esccasablanca\/wp-content\/uploads\/usu1964\/2018\/04\/activat-1024x573.png 1024w\" sizes=\"auto, (max-width: 1247px) 100vw, 1247px\" \/><\/p>\n","protected":false},"excerpt":{"rendered":"<p>La Jornada del Dia Mundial de la Salut 2018 es celebrar\u00e0 el dia el dia 12 d&#8217;abril a Can Massallera. Enguany est\u00e0 dedicat a l&#8217;Activitat f\u00edsica i han organitzat una jornada al voltant d&#8217;aquesta acci\u00f3 com a un h\u00e0bit imprescindible per a una bona salut, en totes les franges d&#8217;edat; des de la inf\u00e0ncia fins [&hellip;]<\/p>\n","protected":false},"author":1,"featured_media":0,"comment_status":"open","ping_status":"open","sticky":false,"template":"","format":"standard","meta":{"_bbp_topic_count":0,"_bbp_reply_count":0,"_bbp_total_topic_count":0,"_bbp_total_reply_count":0,"_bbp_voice_count":0,"_bbp_anonymous_reply_count":0,"_bbp_topic_count_hidden":0,"_bbp_reply_count_hidden":0,"_bbp_forum_subforum_count":0,"site-sidebar-layout":"default","site-content-layout":"","ast-site-content-layout":"","site-content-style":"default","site-sidebar-style":"default","ast-global-header-display":"","ast-banner-title-visibility":"","ast-main-header-display":"","ast-hfb-above-header-display":"","ast-hfb-below-header-display":"","ast-hfb-mobile-header-display":"","site-post-title":"","ast-breadcrumbs-content":"","ast-featured-img":"","footer-sml-layout":"","theme-transparent-header-meta":"","adv-header-id-meta":"","stick-header-meta":"","header-above-stick-meta":"","header-main-stick-meta":"","header-below-stick-meta":"","astra-migrate-meta-layouts":"default","ast-page-background-enabled":"default","ast-page-background-meta":{"desktop":{"background-color":"var(--ast-global-color-4)","background-image":"","background-repeat":"repeat","background-position":"center center","background-size":"auto","background-attachment":"scroll","background-type":"","background-media":"","overlay-type":"","overlay-color":"","overlay-opacity":"","overlay-gradient":""},"tablet":{"background-color":"","background-image":"","background-repeat":"repeat","background-position":"center center","background-size":"auto","background-attachment":"scroll","background-type":"","background-media":"","overlay-type":"","overlay-color":"","overlay-opacity":"","overlay-gradient":""},"mobile":{"background-color":"","background-image":"","background-repeat":"repeat","background-position":"center center","background-size":"auto","background-attachment":"scroll","background-type":"","background-media":"","overlay-type":"","overlay-color":"","overlay-opacity":"","overlay-gradient":""}},"ast-content-background-meta":{"desktop":{"background-color":"var(--ast-global-color-5)","background-image":"","background-repeat":"repeat","background-position":"center center","background-size":"auto","background-attachment":"scroll","background-type":"","background-media":"","overlay-type":"","overlay-color":"","overlay-opacity":"","overlay-gradient":""},"tablet":{"background-color":"var(--ast-global-color-5)","background-image":"","background-repeat":"repeat","background-position":"center center","background-size":"auto","background-attachment":"scroll","background-type":"","background-media":"","overlay-type":"","overlay-color":"","overlay-opacity":"","overlay-gradient":""},"mobile":{"background-color":"var(--ast-global-color-5)","background-image":"","background-repeat":"repeat","background-position":"center center","background-size":"auto","background-attachment":"scroll","background-type":"","background-media":"","overlay-type":"","overlay-color":"","overlay-opacity":"","overlay-gradient":""}},"footnotes":""},"categories":[61,62],"tags":[],"class_list":["post-3274","post","type-post","status-publish","format-standard","hentry","category-informacions","category-medi-ambient-i-habits-saludables"],"post_mailing_queue_ids":[],"_links":{"self":[{"href":"https:\/\/agora.xtec.cat\/esccasablanca\/wp-json\/wp\/v2\/posts\/3274","targetHints":{"allow":["GET"]}}],"collection":[{"href":"https:\/\/agora.xtec.cat\/esccasablanca\/wp-json\/wp\/v2\/posts"}],"about":[{"href":"https:\/\/agora.xtec.cat\/esccasablanca\/wp-json\/wp\/v2\/types\/post"}],"author":[{"embeddable":true,"href":"https:\/\/agora.xtec.cat\/esccasablanca\/wp-json\/wp\/v2\/users\/1"}],"replies":[{"embeddable":true,"href":"https:\/\/agora.xtec.cat\/esccasablanca\/wp-json\/wp\/v2\/comments?post=3274"}],"version-history":[{"count":0,"href":"https:\/\/agora.xtec.cat\/esccasablanca\/wp-json\/wp\/v2\/posts\/3274\/revisions"}],"wp:attachment":[{"href":"https:\/\/agora.xtec.cat\/esccasablanca\/wp-json\/wp\/v2\/media?parent=3274"}],"wp:term":[{"taxonomy":"category","embeddable":true,"href":"https:\/\/agora.xtec.cat\/esccasablanca\/wp-json\/wp\/v2\/categories?post=3274"},{"taxonomy":"post_tag","embeddable":true,"href":"https:\/\/agora.xtec.cat\/esccasablanca\/wp-json\/wp\/v2\/tags?post=3274"}],"curies":[{"name":"wp","href":"https:\/\/api.w.org\/{rel}","templated":true}]}}