{"id":3248,"date":"2018-03-01T09:57:43","date_gmt":"2018-03-01T09:57:43","guid":{"rendered":"http:\/\/escolacasablanca.org\/?p=3248"},"modified":"2018-03-01T09:57:43","modified_gmt":"2018-03-01T09:57:43","slug":"inauguracio-projecte-colors","status":"publish","type":"post","link":"https:\/\/agora.xtec.cat\/esccasablanca\/nivells\/infantil\/inauguracio-projecte-colors\/","title":{"rendered":"Inauguraci\u00f3 projecte colors"},"content":{"rendered":"<p>Durant aquest trimestre hem col\u00b7laborat amb el Centre d&#8217;Art Can Castellet dins el projecte &#8220;Colors&#8221;. Tots els alumnes de la nostra escola han treballat els colors tot creant una petita obra d&#8217;art, que formar\u00e0 part d&#8217;una gran exposici\u00f3.<\/p>\n<p>Totes les produccions de les escoles Casablanca, Gaud\u00ed, Amat Verd\u00fa i Rafael Casanova romandran exposades del 3 de mar\u00e7 al 28 de juliol. Us convidem a passar per all\u00e0, entrar i gaudir de l&#8217;espectacle de veure el conjunt d&#8217;obres de centenars de petits artistes.<\/p>\n<p>El proper dissabte a les 12h ser\u00e0 la inauguraci\u00f3. Us hi esperem a tots vestits del vostre color preferit!!!<\/p>\n<p>&nbsp;<\/p>\n<div id='gallery-1' class='gallery galleryid-3248 gallery-columns-3 gallery-size-thumbnail'><figure class='gallery-item'>\n\t\t\t<div class='gallery-icon landscape'>\n\t\t\t\t<a href='https:\/\/agora.xtec.cat\/esccasablanca\/nivells\/infantil\/inauguracio-projecte-colors\/attachment\/colors_invitacio1\/'><img loading=\"lazy\" decoding=\"async\" width=\"150\" height=\"150\" src=\"https:\/\/agora.xtec.cat\/esccasablanca\/wp-content\/uploads\/usu1964\/2018\/03\/colors_invitacio1-150x150.png\" class=\"attachment-thumbnail size-thumbnail\" alt=\"\" \/><\/a>\n\t\t\t<\/div><\/figure><figure class='gallery-item'>\n\t\t\t<div class='gallery-icon portrait'>\n\t\t\t\t<a href='https:\/\/agora.xtec.cat\/esccasablanca\/nivells\/infantil\/inauguracio-projecte-colors\/attachment\/colors_invitacio2\/'><img loading=\"lazy\" decoding=\"async\" width=\"150\" height=\"150\" src=\"https:\/\/agora.xtec.cat\/esccasablanca\/wp-content\/uploads\/usu1964\/2018\/03\/colors_invitacio2-150x150.png\" class=\"attachment-thumbnail size-thumbnail\" alt=\"\" \/><\/a>\n\t\t\t<\/div><\/figure>\n\t\t<\/div>\n\n<div class=\"ast-oembed-container \" style=\"height: 100%;\"><iframe loading=\"lazy\" title=\"COLORS 1r. Teaser de l\u2019exposici\u00f3 Colors al CCCA (3 de mar\u00e7 - 28 de juliol 2018)\" width=\"500\" height=\"281\" src=\"https:\/\/www.youtube.com\/embed\/y5H-bw8sltE?feature=oembed\" frameborder=\"0\" allow=\"accelerometer; autoplay; clipboard-write; encrypted-media; gyroscope; picture-in-picture; web-share\" referrerpolicy=\"strict-origin-when-cross-origin\" allowfullscreen><\/iframe><\/div>\n","protected":false},"excerpt":{"rendered":"<p>Durant aquest trimestre hem col\u00b7laborat amb el Centre d&#8217;Art Can Castellet dins el projecte &#8220;Colors&#8221;. Tots els alumnes de la nostra escola han treballat els colors tot creant una petita obra d&#8217;art, que formar\u00e0 part d&#8217;una gran exposici\u00f3. Totes les produccions de les escoles Casablanca, Gaud\u00ed, Amat Verd\u00fa i Rafael Casanova romandran exposades del 3 [&hellip;]<\/p>\n","protected":false},"author":1,"featured_media":0,"comment_status":"open","ping_status":"open","sticky":false,"template":"","format":"standard","meta":{"_bbp_topic_count":0,"_bbp_reply_count":0,"_bbp_total_topic_count":0,"_bbp_total_reply_count":0,"_bbp_voice_count":0,"_bbp_anonymous_reply_count":0,"_bbp_topic_count_hidden":0,"_bbp_reply_count_hidden":0,"_bbp_forum_subforum_count":0,"site-sidebar-layout":"default","site-content-layout":"","ast-site-content-layout":"","site-content-style":"default","site-sidebar-style":"default","ast-global-header-display":"","ast-banner-title-visibility":"","ast-main-header-display":"","ast-hfb-above-header-display":"","ast-hfb-below-header-display":"","ast-hfb-mobile-header-display":"","site-post-title":"","ast-breadcrumbs-content":"","ast-featured-img":"","footer-sml-layout":"","theme-transparent-header-meta":"","adv-header-id-meta":"","stick-header-meta":"","header-above-stick-meta":"","header-main-stick-meta":"","header-below-stick-meta":"","astra-migrate-meta-layouts":"default","ast-page-background-enabled":"default","ast-page-background-meta":{"desktop":{"background-color":"var(--ast-global-color-4)","background-image":"","background-repeat":"repeat","background-position":"center center","background-size":"auto","background-attachment":"scroll","background-type":"","background-media":"","overlay-type":"","overlay-color":"","overlay-opacity":"","overlay-gradient":""},"tablet":{"background-color":"","background-image":"","background-repeat":"repeat","background-position":"center center","background-size":"auto","background-attachment":"scroll","background-type":"","background-media":"","overlay-type":"","overlay-color":"","overlay-opacity":"","overlay-gradient":""},"mobile":{"background-color":"","background-image":"","background-repeat":"repeat","background-position":"center center","background-size":"auto","background-attachment":"scroll","background-type":"","background-media":"","overlay-type":"","overlay-color":"","overlay-opacity":"","overlay-gradient":""}},"ast-content-background-meta":{"desktop":{"background-color":"var(--ast-global-color-5)","background-image":"","background-repeat":"repeat","background-position":"center center","background-size":"auto","background-attachment":"scroll","background-type":"","background-media":"","overlay-type":"","overlay-color":"","overlay-opacity":"","overlay-gradient":""},"tablet":{"background-color":"var(--ast-global-color-5)","background-image":"","background-repeat":"repeat","background-position":"center center","background-size":"auto","background-attachment":"scroll","background-type":"","background-media":"","overlay-type":"","overlay-color":"","overlay-opacity":"","overlay-gradient":""},"mobile":{"background-color":"var(--ast-global-color-5)","background-image":"","background-repeat":"repeat","background-position":"center center","background-size":"auto","background-attachment":"scroll","background-type":"","background-media":"","overlay-type":"","overlay-color":"","overlay-opacity":"","overlay-gradient":""}},"footnotes":""},"categories":[69,70,71,2,61,63],"tags":[81,91,97,100,112,116],"class_list":["post-3248","post","type-post","status-publish","format-standard","hentry","category-cicle-inicial","category-cicle-mitja","category-cicle-superior","category-infantil","category-informacions","category-nivells","tag-art","tag-colors","tag-escola","tag-festa","tag-noticies","tag-projectes"],"post_mailing_queue_ids":[],"_links":{"self":[{"href":"https:\/\/agora.xtec.cat\/esccasablanca\/wp-json\/wp\/v2\/posts\/3248","targetHints":{"allow":["GET"]}}],"collection":[{"href":"https:\/\/agora.xtec.cat\/esccasablanca\/wp-json\/wp\/v2\/posts"}],"about":[{"href":"https:\/\/agora.xtec.cat\/esccasablanca\/wp-json\/wp\/v2\/types\/post"}],"author":[{"embeddable":true,"href":"https:\/\/agora.xtec.cat\/esccasablanca\/wp-json\/wp\/v2\/users\/1"}],"replies":[{"embeddable":true,"href":"https:\/\/agora.xtec.cat\/esccasablanca\/wp-json\/wp\/v2\/comments?post=3248"}],"version-history":[{"count":0,"href":"https:\/\/agora.xtec.cat\/esccasablanca\/wp-json\/wp\/v2\/posts\/3248\/revisions"}],"wp:attachment":[{"href":"https:\/\/agora.xtec.cat\/esccasablanca\/wp-json\/wp\/v2\/media?parent=3248"}],"wp:term":[{"taxonomy":"category","embeddable":true,"href":"https:\/\/agora.xtec.cat\/esccasablanca\/wp-json\/wp\/v2\/categories?post=3248"},{"taxonomy":"post_tag","embeddable":true,"href":"https:\/\/agora.xtec.cat\/esccasablanca\/wp-json\/wp\/v2\/tags?post=3248"}],"curies":[{"name":"wp","href":"https:\/\/api.w.org\/{rel}","templated":true}]}}