{"id":2563,"date":"2016-12-01T11:37:12","date_gmt":"2016-12-01T11:37:12","guid":{"rendered":"http:\/\/escolacasablanca.org\/?p=2563"},"modified":"2016-12-01T11:37:12","modified_gmt":"2016-12-01T11:37:12","slug":"jubilacio-del-mestre-jose-a-garrido-lopez","status":"publish","type":"post","link":"https:\/\/agora.xtec.cat\/esccasablanca\/informacions\/jubilacio-del-mestre-jose-a-garrido-lopez\/","title":{"rendered":"Jubilaci\u00f3 del mestre Jos\u00e9 A. Garrido L\u00f3pez"},"content":{"rendered":"<p style=\"text-align:justify;\">El dia 2 de desembre ser\u00e0 el darrer dia de feina del mestre Jos\u00e9 A. Garrido a l&#8217;escola Casablanca, i t\u00e9 unes paraules per a tota la comunitat<\/p>\n<p style=\"text-align:justify;\">&#8220;Benvolgudes fam\u00edlies. Benvolguts membres de la comunitat educativa de l\u2019escola Casablanca.<\/p>\n<p style=\"text-align:justify;\">S\u00f3c en Jos\u00e9 Garrido, mestre de l\u2019escola\u00a0 des de fa m\u00e9s de 35 anys i aquest mes de desembre em jubilo.<\/p>\n<p style=\"text-align:justify;\">Aquestes breus l\u00ednies s\u00f3n per acomiadar-me i manifestar a l\u2019hora el meu profund agra\u00efment a tots vosaltres per haver- me perm\u00e8s formar part de la vida del barri i de l\u2019escola. Tots aquests anys he sentit el respecte i l\u2019estimaci\u00f3 amb que m\u2019heu acollit i \u00e9s per aix\u00f2 que sempre em considerar\u00e9 part d\u2019aquesta gran fam\u00edlia que \u00e9s la nostra escol<img loading=\"lazy\" decoding=\"async\" class=\" size-full wp-image-2571 alignright\" src=\"https:\/\/agora.xtec.cat\/esccasablanca\/wp-content\/uploads\/usu1964\/2016\/12\/img_1023.jpg\" alt=\"img_1023\" width=\"133\" height=\"185\" \/>a.<\/p>\n<p style=\"text-align:justify;\">Us desitjo molts \u00e8xits en la vostra vida personal i, si em permeteu, us demano que , com sempre, feu confian\u00e7a als mestres i a totes les persones que treballen al centre acompanyant als vostres fills i filles en l\u2019aventura de cr\u00e9ixer i aprendre.<\/p>\n<p style=\"text-align:justify;\">Gr\u00e0cies.<\/p>\n<p style=\"text-align:justify;\">Una abra\u00e7ada molt forta.<\/p>\n<p style=\"text-align:justify;\">Jos\u00e9&#8221;<\/p>\n","protected":false},"excerpt":{"rendered":"<p>El dia 2 de desembre ser\u00e0 el darrer dia de feina del mestre Jos\u00e9 A. Garrido a l&#8217;escola Casablanca, i t\u00e9 unes paraules per a tota la comunitat &#8220;Benvolgudes fam\u00edlies. Benvolguts membres de la comunitat educativa de l\u2019escola Casablanca. S\u00f3c en Jos\u00e9 Garrido, mestre de l\u2019escola\u00a0 des de fa m\u00e9s de 35 anys i aquest [&hellip;]<\/p>\n","protected":false},"author":1,"featured_media":0,"comment_status":"open","ping_status":"open","sticky":false,"template":"","format":"standard","meta":{"_bbp_topic_count":0,"_bbp_reply_count":0,"_bbp_total_topic_count":0,"_bbp_total_reply_count":0,"_bbp_voice_count":0,"_bbp_anonymous_reply_count":0,"_bbp_topic_count_hidden":0,"_bbp_reply_count_hidden":0,"_bbp_forum_subforum_count":0,"site-sidebar-layout":"default","site-content-layout":"","ast-site-content-layout":"","site-content-style":"default","site-sidebar-style":"default","ast-global-header-display":"","ast-banner-title-visibility":"","ast-main-header-display":"","ast-hfb-above-header-display":"","ast-hfb-below-header-display":"","ast-hfb-mobile-header-display":"","site-post-title":"","ast-breadcrumbs-content":"","ast-featured-img":"","footer-sml-layout":"","theme-transparent-header-meta":"","adv-header-id-meta":"","stick-header-meta":"","header-above-stick-meta":"","header-main-stick-meta":"","header-below-stick-meta":"","astra-migrate-meta-layouts":"default","ast-page-background-enabled":"default","ast-page-background-meta":{"desktop":{"background-color":"var(--ast-global-color-4)","background-image":"","background-repeat":"repeat","background-position":"center center","background-size":"auto","background-attachment":"scroll","background-type":"","background-media":"","overlay-type":"","overlay-color":"","overlay-opacity":"","overlay-gradient":""},"tablet":{"background-color":"","background-image":"","background-repeat":"repeat","background-position":"center center","background-size":"auto","background-attachment":"scroll","background-type":"","background-media":"","overlay-type":"","overlay-color":"","overlay-opacity":"","overlay-gradient":""},"mobile":{"background-color":"","background-image":"","background-repeat":"repeat","background-position":"center center","background-size":"auto","background-attachment":"scroll","background-type":"","background-media":"","overlay-type":"","overlay-color":"","overlay-opacity":"","overlay-gradient":""}},"ast-content-background-meta":{"desktop":{"background-color":"var(--ast-global-color-5)","background-image":"","background-repeat":"repeat","background-position":"center center","background-size":"auto","background-attachment":"scroll","background-type":"","background-media":"","overlay-type":"","overlay-color":"","overlay-opacity":"","overlay-gradient":""},"tablet":{"background-color":"var(--ast-global-color-5)","background-image":"","background-repeat":"repeat","background-position":"center center","background-size":"auto","background-attachment":"scroll","background-type":"","background-media":"","overlay-type":"","overlay-color":"","overlay-opacity":"","overlay-gradient":""},"mobile":{"background-color":"var(--ast-global-color-5)","background-image":"","background-repeat":"repeat","background-position":"center center","background-size":"auto","background-attachment":"scroll","background-type":"","background-media":"","overlay-type":"","overlay-color":"","overlay-opacity":"","overlay-gradient":""}},"footnotes":""},"categories":[61],"tags":[],"class_list":["post-2563","post","type-post","status-publish","format-standard","hentry","category-informacions"],"post_mailing_queue_ids":[],"_links":{"self":[{"href":"https:\/\/agora.xtec.cat\/esccasablanca\/wp-json\/wp\/v2\/posts\/2563","targetHints":{"allow":["GET"]}}],"collection":[{"href":"https:\/\/agora.xtec.cat\/esccasablanca\/wp-json\/wp\/v2\/posts"}],"about":[{"href":"https:\/\/agora.xtec.cat\/esccasablanca\/wp-json\/wp\/v2\/types\/post"}],"author":[{"embeddable":true,"href":"https:\/\/agora.xtec.cat\/esccasablanca\/wp-json\/wp\/v2\/users\/1"}],"replies":[{"embeddable":true,"href":"https:\/\/agora.xtec.cat\/esccasablanca\/wp-json\/wp\/v2\/comments?post=2563"}],"version-history":[{"count":0,"href":"https:\/\/agora.xtec.cat\/esccasablanca\/wp-json\/wp\/v2\/posts\/2563\/revisions"}],"wp:attachment":[{"href":"https:\/\/agora.xtec.cat\/esccasablanca\/wp-json\/wp\/v2\/media?parent=2563"}],"wp:term":[{"taxonomy":"category","embeddable":true,"href":"https:\/\/agora.xtec.cat\/esccasablanca\/wp-json\/wp\/v2\/categories?post=2563"},{"taxonomy":"post_tag","embeddable":true,"href":"https:\/\/agora.xtec.cat\/esccasablanca\/wp-json\/wp\/v2\/tags?post=2563"}],"curies":[{"name":"wp","href":"https:\/\/api.w.org\/{rel}","templated":true}]}}