{"id":1909,"date":"2016-02-10T19:55:38","date_gmt":"2016-02-10T19:55:38","guid":{"rendered":"http:\/\/escolamfl.org\/?p=1909"},"modified":"2016-02-10T19:55:38","modified_gmt":"2016-02-10T19:55:38","slug":"setmana-verda-2016","status":"publish","type":"post","link":"https:\/\/agora.xtec.cat\/esccasablanca\/informacions\/setmana-verda-2016\/","title":{"rendered":"SETMANA VERDA 2016"},"content":{"rendered":"<p><img loading=\"lazy\" decoding=\"async\" class=\" wp-image-1910 aligncenter\" src=\"https:\/\/agora.xtec.cat\/esccasablanca\/wp-content\/uploads\/usu1964\/2016\/02\/setmana-verde.jpg?w=680\" alt=\"setmana verde\" width=\"569\" height=\"346\" srcset=\"https:\/\/agora.xtec.cat\/esccasablanca\/wp-content\/uploads\/usu1964\/2016\/02\/setmana-verde.jpg 3185w, https:\/\/agora.xtec.cat\/esccasablanca\/wp-content\/uploads\/usu1964\/2016\/02\/setmana-verde-300x182.jpg 300w, https:\/\/agora.xtec.cat\/esccasablanca\/wp-content\/uploads\/usu1964\/2016\/02\/setmana-verde-768x467.jpg 768w, https:\/\/agora.xtec.cat\/esccasablanca\/wp-content\/uploads\/usu1964\/2016\/02\/setmana-verde-1024x622.jpg 1024w\" sizes=\"auto, (max-width: 569px) 100vw, 569px\" \/><\/p>\n<h3 style=\"text-align:center;\">Escalfant motors. No contaminants, per\u00f2..!<\/h3>\n<h3 style=\"text-align:center;\">La setmana vinent engeguem la <strong><span style=\"color:#99cc00;\">SETMANA VERDA<\/span><\/strong> de l\u2019escola Maria Fern\u00e1ndez de Lara. Hi participarem tots i totes, i ens posarem a treballar de valent per tal d\u2019anar integrant en el nostre dia a dia, i de manera \u00a0natural, <span style=\"color:#99cc00;\">el reciclatge selectiu, \u00a0i els bons h\u00e0bits d\u2019alimentaci\u00f3<\/span>. Som esola\u2026<span style=\"color:#99cc00;\">verda<\/span>!<\/h3>\n<p><img loading=\"lazy\" decoding=\"async\" class=\" wp-image-1917 aligncenter\" src=\"https:\/\/agora.xtec.cat\/esccasablanca\/wp-content\/uploads\/usu1964\/2016\/02\/descarga.png\" alt=\"descarga\" width=\"283\" height=\"222\" \/><\/p>\n<h2>I aquest \u00e9s el programa d\u2019activitats:<\/h2>\n<p style=\"text-align:center;\"><span style=\"color:#ff0000;\"><span style=\"color:#000000;\"><strong>DILLUNS 15:<\/strong><\/span>\u00a0apenem la can\u00e7\u00f3 de la setmana verda,&#8221;Necesito una flor&#8221;. \u00a0Veurem v\u00eddeos i animacions que ens ajudin a reflexionar sobre la import\u00e0ncia del reciclatge selectiu.<\/span><\/p>\n<p style=\"text-align:center;\"><span style=\"color:#0000ff;\"><span style=\"color:#000000;\"><strong>DIMARTS 16:<\/strong><\/span>\u00a0dia sense residus al pati. Fruita i esmorzars saludables. \u00das preferent de carmanyoles i embolcalls ecol\u00f2gics.\u00a0<\/span><\/p>\n<p style=\"text-align:center;\"><span style=\"color:#ff00ff;\"><span style=\"color:#000000;\"><strong>DIMECRES 17:<\/strong><\/span>\u00a0Concurs: Quina classe \u00a0recicla m\u00e9s b\u00e9 perqu\u00e8 ha aconseguit de fer la bola de paper d&#8217;alumini m\u00e9s petita? Premi simb\u00f2lic pel\u00a0grup guanyador.<\/span><\/p>\n<p style=\"text-align:center;\"><span style=\"color:#339966;\"><strong><span style=\"color:#000000;\">DIJOUS 18:<\/span>\u00a0<\/strong>El dia de l&#8217;esmorzar de fruita de temporada. Estad\u00edstica: quin grup ha aconseguit que m\u00e9s nens i nenes de la classe han portat nom\u00e9s fruita per l&#8217;esmorzar del pati? \u00a0Premi simb\u00f2lic pel grup guanyador.<\/span><\/p>\n<p style=\"text-align:center;\"><span style=\"color:#993300;\"><strong><span style=\"color:#000000;\">DIVENDRES 19:<\/span>\u00a0<\/strong>Cloenda. En el pati, tots i totes, petits i grans, \u00a0cantare la can\u00e7\u00f3 de la setmana verda.\u00a0Entega de premis.<\/span><\/p>\n<p style=\"text-align:center;\"><img loading=\"lazy\" decoding=\"async\" class=\"alignnone wp-image-1939\" src=\"https:\/\/agora.xtec.cat\/esccasablanca\/wp-content\/uploads\/usu1964\/2016\/02\/descarga-1.png\" alt=\"descarga (1)\" width=\"213\" height=\"132\" \/><\/p>\n<h1 style=\"text-align:center;\">Els nois i noies de 6\u00e8 pels<\/h1>\n<h1 style=\"text-align:center;\"><span style=\"color:#339966;\">H\u00c0BITS SALUDABLES:<\/span><\/h1>\n<p><img loading=\"lazy\" decoding=\"async\" class=\" wp-image-1945 aligncenter\" src=\"https:\/\/agora.xtec.cat\/esccasablanca\/wp-content\/uploads\/usu1964\/2016\/02\/img-20160211-wa0001.jpg\" alt=\"IMG-20160211-WA0001\" width=\"549\" height=\"469\" srcset=\"https:\/\/agora.xtec.cat\/esccasablanca\/wp-content\/uploads\/usu1964\/2016\/02\/img-20160211-wa0001.jpg 1436w, https:\/\/agora.xtec.cat\/esccasablanca\/wp-content\/uploads\/usu1964\/2016\/02\/img-20160211-wa0001-300x256.jpg 300w, https:\/\/agora.xtec.cat\/esccasablanca\/wp-content\/uploads\/usu1964\/2016\/02\/img-20160211-wa0001-768x656.jpg 768w, https:\/\/agora.xtec.cat\/esccasablanca\/wp-content\/uploads\/usu1964\/2016\/02\/img-20160211-wa0001-1024x874.jpg 1024w\" sizes=\"auto, (max-width: 549px) 100vw, 549px\" \/><\/p>\n<p><img loading=\"lazy\" decoding=\"async\" class=\" wp-image-1939 aligncenter\" src=\"https:\/\/agora.xtec.cat\/esccasablanca\/wp-content\/uploads\/usu1964\/2016\/02\/descarga-1.png\" alt=\"descarga (1)\" width=\"187\" height=\"116\" \/><\/p>\n<p><img loading=\"lazy\" decoding=\"async\" class=\"alignnone wp-image-1955 aligncenter\" src=\"https:\/\/agora.xtec.cat\/esccasablanca\/wp-content\/uploads\/usu1964\/2016\/02\/20160212_084058.jpg\" alt=\"20160212_084058\" width=\"378\" height=\"497\" srcset=\"https:\/\/agora.xtec.cat\/esccasablanca\/wp-content\/uploads\/usu1964\/2016\/02\/20160212_084058.jpg 507w, https:\/\/agora.xtec.cat\/esccasablanca\/wp-content\/uploads\/usu1964\/2016\/02\/20160212_084058-228x300.jpg 228w\" sizes=\"auto, (max-width: 378px) 100vw, 378px\" \/><\/p>\n<h2 style=\"text-align:center;\">La can\u00e7\u00f3 de la <span style=\"color:#339966;\">SETMANA VERDA<\/span>:<\/h2>\n<p><img loading=\"lazy\" decoding=\"async\" class=\" wp-image-1946 aligncenter\" src=\"https:\/\/agora.xtec.cat\/esccasablanca\/wp-content\/uploads\/usu1964\/2016\/02\/ii.jpg\" alt=\"ii\" width=\"324\" height=\"185\" srcset=\"https:\/\/agora.xtec.cat\/esccasablanca\/wp-content\/uploads\/usu1964\/2016\/02\/ii.jpg 623w, https:\/\/agora.xtec.cat\/esccasablanca\/wp-content\/uploads\/usu1964\/2016\/02\/ii-300x172.jpg 300w\" sizes=\"auto, (max-width: 324px) 100vw, 324px\" \/><\/p>\n<div class=\"ast-oembed-container \" style=\"height: 100%;\"><iframe loading=\"lazy\" title=\"Necesito una flor\" width=\"500\" height=\"281\" src=\"https:\/\/www.youtube.com\/embed\/C7eMUpI6z30?feature=oembed\" frameborder=\"0\" allow=\"accelerometer; autoplay; clipboard-write; encrypted-media; gyroscope; picture-in-picture; web-share\" referrerpolicy=\"strict-origin-when-cross-origin\" allowfullscreen><\/iframe><\/div>\n<p style=\"text-align:center;\"><img loading=\"lazy\" decoding=\"async\" class=\"alignnone wp-image-1939\" src=\"https:\/\/agora.xtec.cat\/esccasablanca\/wp-content\/uploads\/usu1964\/2016\/02\/descarga-1.png\" alt=\"descarga (1)\" width=\"187\" height=\"116\" \/><\/p>\n<p style=\"text-align:center;\"><img loading=\"lazy\" decoding=\"async\" class=\"alignnone size-full wp-image-1954\" src=\"https:\/\/agora.xtec.cat\/esccasablanca\/wp-content\/uploads\/usu1964\/2016\/02\/20160212_083959.jpg\" alt=\"20160212_083959\" width=\"500\" height=\"556\" srcset=\"https:\/\/agora.xtec.cat\/esccasablanca\/wp-content\/uploads\/usu1964\/2016\/02\/20160212_083959.jpg 500w, https:\/\/agora.xtec.cat\/esccasablanca\/wp-content\/uploads\/usu1964\/2016\/02\/20160212_083959-270x300.jpg 270w\" sizes=\"auto, (max-width: 500px) 100vw, 500px\" \/><\/p>\n<p style=\"text-align:center;\"><strong>UN CONTE ANIMAT PELS M\u00c9S JOVES:<\/strong><\/p>\n<h2 class=\"yt watch-title-container\" style=\"text-align:center;\"><strong><span id=\"eow-title\" class=\"watch-title \" dir=\"ltr\" style=\"color:#339966;\" title=\"EL PLANETA RECICLAT I ELS MONSTRES NYAM-NYAM (Conte animat amb so)\">EL PLANETA <em>RECICLAT<\/em> I ELS MONSTRES <em>NYAM-NYAM<\/em><\/span><\/strong><\/h2>\n<div class=\"ast-oembed-container \" style=\"height: 100%;\"><iframe loading=\"lazy\" title=\"EL PLANETA RECICLAT I ELS MONSTRES NYAM-NYAM (Conte animat amb so)\" width=\"500\" height=\"375\" src=\"https:\/\/www.youtube.com\/embed\/U74rNI0GBfA?feature=oembed\" frameborder=\"0\" allow=\"accelerometer; autoplay; clipboard-write; encrypted-media; gyroscope; picture-in-picture; web-share\" referrerpolicy=\"strict-origin-when-cross-origin\" allowfullscreen><\/iframe><\/div>\n<p><img loading=\"lazy\" decoding=\"async\" class=\" wp-image-1939 aligncenter\" src=\"https:\/\/agora.xtec.cat\/esccasablanca\/wp-content\/uploads\/usu1964\/2016\/02\/descarga-1.png\" alt=\"descarga (1)\" width=\"187\" height=\"116\" \/><\/p>\n<h2 style=\"text-align:center;\"><span style=\"color:#339966;\"><strong>1a jornada de la SETMANA VERDA:<\/strong><\/span><\/h2>\n<p style=\"text-align:center;\"><span style=\"color:#000000;\"><strong>Veiem v\u00eddeos. Expliquem experi\u00e8ncies. Recordem els colors dels contenidors de recollida de deixalles i \u00a0repassem quins s\u00f3n \u00a0i quins no els residus \u00a0que recullen aquests \u00a0contenidors. Parlem de la import\u00e0ncia de la recollida selectiva de brossa i de la manera que la\u00a0fem, a casa i a l&#8217;escola. Proposem maneres pr\u00e0ctiques de reciclar i de reutilitzar el paper, el vidre i el pl\u00e0stics. Volem una societat ecol\u00f2gicament <span style=\"color:#00ff00;\">SOSTENIBLE<\/span>! <\/strong>(en la imatge, 3r)<\/span><\/p>\n<p style=\"text-align:center;\"><img loading=\"lazy\" decoding=\"async\" class=\"alignnone wp-image-1988\" src=\"https:\/\/agora.xtec.cat\/esccasablanca\/wp-content\/uploads\/usu1964\/2016\/02\/aaa.jpg\" alt=\"AAA\" width=\"504\" height=\"378\" srcset=\"https:\/\/agora.xtec.cat\/esccasablanca\/wp-content\/uploads\/usu1964\/2016\/02\/aaa.jpg 640w, https:\/\/agora.xtec.cat\/esccasablanca\/wp-content\/uploads\/usu1964\/2016\/02\/aaa-300x225.jpg 300w, https:\/\/agora.xtec.cat\/esccasablanca\/wp-content\/uploads\/usu1964\/2016\/02\/aaa-200x150.jpg 200w\" sizes=\"auto, (max-width: 504px) 100vw, 504px\" \/><\/p>\n<p style=\"text-align:center;\"><strong>Hem cantat la \u00a0can\u00e7\u00f3 de la setmana. En castell\u00e0. I, tamb\u00e9, \u00a0l&#8217;estem aprenent en angl\u00e8s (2n):<\/strong><\/p>\n<p style=\"text-align:center;\"><img loading=\"lazy\" decoding=\"async\" class=\"alignnone wp-image-1989\" src=\"https:\/\/agora.xtec.cat\/esccasablanca\/wp-content\/uploads\/usu1964\/2016\/02\/img-20160215-wa0001.jpg?w=680\" alt=\"IMG-20160215-WA0001\" width=\"442\" height=\"786\" srcset=\"https:\/\/agora.xtec.cat\/esccasablanca\/wp-content\/uploads\/usu1964\/2016\/02\/img-20160215-wa0001.jpg 900w, https:\/\/agora.xtec.cat\/esccasablanca\/wp-content\/uploads\/usu1964\/2016\/02\/img-20160215-wa0001-169x300.jpg 169w, https:\/\/agora.xtec.cat\/esccasablanca\/wp-content\/uploads\/usu1964\/2016\/02\/img-20160215-wa0001-768x1365.jpg 768w, https:\/\/agora.xtec.cat\/esccasablanca\/wp-content\/uploads\/usu1964\/2016\/02\/img-20160215-wa0001-576x1024.jpg 576w\" sizes=\"auto, (max-width: 442px) 100vw, 442px\" \/><\/p>\n<p style=\"text-align:center;\"><strong>Escrivim, en angl\u00e8s, que ens agrada reciclar (5\u00e8):<\/strong><\/p>\n<p style=\"text-align:center;\"><img loading=\"lazy\" decoding=\"async\" class=\"alignnone size-full wp-image-1990\" src=\"https:\/\/agora.xtec.cat\/esccasablanca\/wp-content\/uploads\/usu1964\/2016\/02\/20160215_204621.jpg\" alt=\"20160215_204621\" width=\"311\" height=\"412\" srcset=\"https:\/\/agora.xtec.cat\/esccasablanca\/wp-content\/uploads\/usu1964\/2016\/02\/20160215_204621.jpg 311w, https:\/\/agora.xtec.cat\/esccasablanca\/wp-content\/uploads\/usu1964\/2016\/02\/20160215_204621-226x300.jpg 226w\" sizes=\"auto, (max-width: 311px) 100vw, 311px\" \/><\/p>\n<p style=\"text-align:center;\"><strong>I 2n tamb\u00e9 reflexiona i dibuixa sobre el \u00a0<span style=\"color:#00ff00;\">reciclatge selectiu<\/span>:<\/strong><\/p>\n<p style=\"text-align:center;\"><img loading=\"lazy\" decoding=\"async\" class=\"alignnone size-full wp-image-2040\" src=\"https:\/\/agora.xtec.cat\/esccasablanca\/wp-content\/uploads\/usu1964\/2016\/02\/aa1.jpg\" alt=\"AA1\" width=\"676\" height=\"516\" srcset=\"https:\/\/agora.xtec.cat\/esccasablanca\/wp-content\/uploads\/usu1964\/2016\/02\/aa1.jpg 676w, https:\/\/agora.xtec.cat\/esccasablanca\/wp-content\/uploads\/usu1964\/2016\/02\/aa1-300x229.jpg 300w\" sizes=\"auto, (max-width: 676px) 100vw, 676px\" \/><\/p>\n<p style=\"text-align:center;\"><img loading=\"lazy\" decoding=\"async\" class=\"alignnone size-full wp-image-2041\" src=\"https:\/\/agora.xtec.cat\/esccasablanca\/wp-content\/uploads\/usu1964\/2016\/02\/aa2.jpg\" alt=\"AA2\" width=\"658\" height=\"498\" srcset=\"https:\/\/agora.xtec.cat\/esccasablanca\/wp-content\/uploads\/usu1964\/2016\/02\/aa2.jpg 658w, https:\/\/agora.xtec.cat\/esccasablanca\/wp-content\/uploads\/usu1964\/2016\/02\/aa2-300x227.jpg 300w, https:\/\/agora.xtec.cat\/esccasablanca\/wp-content\/uploads\/usu1964\/2016\/02\/aa2-200x150.jpg 200w\" sizes=\"auto, (max-width: 658px) 100vw, 658px\" \/><\/p>\n<p style=\"text-align:center;\"><img loading=\"lazy\" decoding=\"async\" class=\" wp-image-1939 aligncenter\" src=\"https:\/\/agora.xtec.cat\/esccasablanca\/wp-content\/uploads\/usu1964\/2016\/02\/descarga-1.png\" alt=\"descarga (1)\" width=\"187\" height=\"116\" \/><\/p>\n<h2 style=\"text-align:center;\"><span style=\"color:#339966;\"><strong>2a jornada de la SETMANA VERDA:<\/strong><\/span><\/h2>\n<p style=\"text-align:center;\"><strong>Hem volgut fer un esmorzar ben saludable, alhora que\u00a0tract\u00e0vem\u00a0de reduir residus tot fent servir embolcalls reutilitzables. I ha funcionat! (en la fotografia, alumnes de 4rt the prim\u00e0ria ens mostren els seus \u00e0pats d&#8217;avui a l&#8217;hora d&#8217;esbarjo)<\/strong>\u00a0<img loading=\"lazy\" decoding=\"async\" class=\" wp-image-2001 aligncenter\" src=\"https:\/\/agora.xtec.cat\/esccasablanca\/wp-content\/uploads\/usu1964\/2016\/02\/fruit1.jpg\" alt=\"fruit1\" width=\"310\" height=\"286\" \/><\/p>\n<h1 style=\"text-align:center;\"><span style=\"color:#ff0000;\"><strong>Ens encanta la fruita. I les verdures!<\/strong><\/span><\/h1>\n<p><img loading=\"lazy\" decoding=\"async\" class=\"aligncenter size-full wp-image-2002\" src=\"https:\/\/agora.xtec.cat\/esccasablanca\/wp-content\/uploads\/usu1964\/2016\/02\/fruit2.jpg\" alt=\"fruit2.jpg\" width=\"225\" height=\"225\" srcset=\"https:\/\/agora.xtec.cat\/esccasablanca\/wp-content\/uploads\/usu1964\/2016\/02\/fruit2.jpg 225w, https:\/\/agora.xtec.cat\/esccasablanca\/wp-content\/uploads\/usu1964\/2016\/02\/fruit2-150x150.jpg 150w\" sizes=\"auto, (max-width: 225px) 100vw, 225px\" \/><\/p>\n<h2 style=\"text-align:center;\"><span style=\"color:#008000;\">Menja fruita: el karaoke saludable<strong>!<\/strong><\/span><br \/>\nhttps:\/\/www.youtube.com\/watch?v=S8fSFpos0ZI<\/h2>\n<p><img loading=\"lazy\" decoding=\"async\" class=\" wp-image-1939 aligncenter\" src=\"https:\/\/agora.xtec.cat\/esccasablanca\/wp-content\/uploads\/usu1964\/2016\/02\/descarga-1.png\" alt=\"descarga (1)\" width=\"187\" height=\"116\" \/><\/p>\n<h2 style=\"text-align:center;\"><span style=\"color:#339966;\"><strong>3a jornada de la SETMANA VERDA:<\/strong><\/span><\/h2>\n<p style=\"text-align:center;\"><strong>Ens hem proposat de reduir, \u00a0com m\u00e9s millor, i d&#8217;ara en endavant, \u00a0el contaminant\u00edssim\u00a0\u00a0paper\u00a0d&#8217;alumini com a embolcall dels nostres esmorzars, per \u00a0anar substituint-lo progressivament \u00a0per de <span style=\"color:#00ff00;\">embolcalls m\u00e9s ecol\u00f2gics<\/span>, com ara les reutilitzables i pr\u00e0ctiques carmanyoles. Hem fet una simp\u00e0tica competici\u00f3 entre classes i, cal a dir que, avui, d&#8217;alumini, ben poquet! Quines boles m\u00e9s petites!\u00a0<\/strong><\/p>\n<p style=\"text-align:center;\"><img loading=\"lazy\" decoding=\"async\" class=\"alignnone size-full wp-image-2037\" src=\"https:\/\/agora.xtec.cat\/esccasablanca\/wp-content\/uploads\/usu1964\/2016\/02\/20160217_164424.jpg\" alt=\"20160217_164424\" width=\"640\" height=\"480\" srcset=\"https:\/\/agora.xtec.cat\/esccasablanca\/wp-content\/uploads\/usu1964\/2016\/02\/20160217_164424.jpg 640w, https:\/\/agora.xtec.cat\/esccasablanca\/wp-content\/uploads\/usu1964\/2016\/02\/20160217_164424-300x225.jpg 300w, https:\/\/agora.xtec.cat\/esccasablanca\/wp-content\/uploads\/usu1964\/2016\/02\/20160217_164424-200x150.jpg 200w\" sizes=\"auto, (max-width: 640px) 100vw, 640px\" \/><\/p>\n<p style=\"text-align:center;\"><strong>Ep! Que aix\u00f2 acaba aqu\u00ed: ha de continuar dem\u00e0 tamb\u00e9. I &#8216;altre. I l&#8217;altre. I l&#8217;altre&#8230;<\/strong><\/p>\n<p style=\"text-align:center;\"><strong>Veieu com de net ha quedat el pati avui?\u00a0<\/strong><\/p>\n<div id='gallery-1' class='gallery galleryid-1909 gallery-columns-3 gallery-size-thumbnail'><figure class='gallery-item'>\n\t\t\t<div class='gallery-icon landscape'>\n\t\t\t\t<a href='https:\/\/agora.xtec.cat\/esccasablanca\/informacions\/setmana-verda-2016\/attachment\/20160217_113231\/'><img loading=\"lazy\" decoding=\"async\" width=\"150\" height=\"150\" src=\"https:\/\/agora.xtec.cat\/esccasablanca\/wp-content\/uploads\/usu1964\/2016\/02\/20160217_113231-150x150.jpg\" class=\"attachment-thumbnail size-thumbnail\" alt=\"\" \/><\/a>\n\t\t\t<\/div><\/figure><figure class='gallery-item'>\n\t\t\t<div class='gallery-icon landscape'>\n\t\t\t\t<a href='https:\/\/agora.xtec.cat\/esccasablanca\/informacions\/setmana-verda-2016\/attachment\/20160217_113349\/'><img loading=\"lazy\" decoding=\"async\" width=\"150\" height=\"150\" src=\"https:\/\/agora.xtec.cat\/esccasablanca\/wp-content\/uploads\/usu1964\/2016\/02\/20160217_113349-150x150.jpg\" class=\"attachment-thumbnail size-thumbnail\" alt=\"\" \/><\/a>\n\t\t\t<\/div><\/figure>\n\t\t<\/div>\n\n<p style=\"text-align:center;\"><strong>Espl\u00e8ndid!<\/strong><\/p>\n<p style=\"text-align:center;\"><strong>El volem sempre \u00a0(SEMPRE!) aix\u00ed!<\/strong><\/p>\n<p style=\"text-align:center;\"><img loading=\"lazy\" decoding=\"async\" class=\" wp-image-1939 aligncenter\" src=\"https:\/\/agora.xtec.cat\/esccasablanca\/wp-content\/uploads\/usu1964\/2016\/02\/descarga-1.png\" alt=\"descarga (1)\" width=\"187\" height=\"116\" \/><\/p>\n<h2 style=\"text-align:center;\"><span style=\"color:#339966;\"><strong>4a jornada de la SETMANA VERDA:<\/strong><\/span><\/h2>\n<p style=\"text-align:center;\"><strong>I avui esmorzem nom\u00e9s fruita: pomes, maduixes, pl\u00e0tans, mandarines, pastanagues, kiwis&#8230;un FESTIVAL de salut embolicat en carmanyoles ecol\u00f2giques (3B)!<\/strong><\/p>\n<div id='gallery-2' class='gallery galleryid-1909 gallery-columns-3 gallery-size-thumbnail'><figure class='gallery-item'>\n\t\t\t<div class='gallery-icon landscape'>\n\t\t\t\t<a href='https:\/\/agora.xtec.cat\/esccasablanca\/informacions\/setmana-verda-2016\/attachment\/img-20160218-wa0002\/'><img loading=\"lazy\" decoding=\"async\" width=\"150\" height=\"150\" src=\"https:\/\/agora.xtec.cat\/esccasablanca\/wp-content\/uploads\/usu1964\/2016\/02\/img-20160218-wa0002-150x150.jpg\" class=\"attachment-thumbnail size-thumbnail\" alt=\"\" \/><\/a>\n\t\t\t<\/div><\/figure><figure class='gallery-item'>\n\t\t\t<div class='gallery-icon portrait'>\n\t\t\t\t<a href='https:\/\/agora.xtec.cat\/esccasablanca\/informacions\/setmana-verda-2016\/attachment\/img-20160218-wa0003\/'><img loading=\"lazy\" decoding=\"async\" width=\"150\" height=\"150\" src=\"https:\/\/agora.xtec.cat\/esccasablanca\/wp-content\/uploads\/usu1964\/2016\/02\/img-20160218-wa0003-150x150.jpg\" class=\"attachment-thumbnail size-thumbnail\" alt=\"\" \/><\/a>\n\t\t\t<\/div><\/figure>\n\t\t<\/div>\n\n<div id='gallery-3' class='gallery galleryid-1909 gallery-columns-3 gallery-size-thumbnail'><figure class='gallery-item'>\n\t\t\t<div class='gallery-icon landscape'>\n\t\t\t\t<a href='https:\/\/agora.xtec.cat\/esccasablanca\/informacions\/setmana-verda-2016\/attachment\/img-20160218-wa0002\/'><img loading=\"lazy\" decoding=\"async\" width=\"150\" height=\"150\" src=\"https:\/\/agora.xtec.cat\/esccasablanca\/wp-content\/uploads\/usu1964\/2016\/02\/img-20160218-wa0002-150x150.jpg\" class=\"attachment-thumbnail size-thumbnail\" alt=\"\" \/><\/a>\n\t\t\t<\/div><\/figure><figure class='gallery-item'>\n\t\t\t<div class='gallery-icon portrait'>\n\t\t\t\t<a href='https:\/\/agora.xtec.cat\/esccasablanca\/informacions\/setmana-verda-2016\/attachment\/img-20160218-wa0003\/'><img loading=\"lazy\" decoding=\"async\" width=\"150\" height=\"150\" src=\"https:\/\/agora.xtec.cat\/esccasablanca\/wp-content\/uploads\/usu1964\/2016\/02\/img-20160218-wa0003-150x150.jpg\" class=\"attachment-thumbnail size-thumbnail\" alt=\"\" \/><\/a>\n\t\t\t<\/div><\/figure>\n\t\t<\/div>\n\n<p style=\"text-align:center;\"><strong>I firmem un &#8220;document verd&#8221; assumint el nostre \u00a0comprom\u00eds d&#8217;ACTITUD VERDA (per sempre m\u00e9s):<\/strong><\/p>\n<div id='gallery-4' class='gallery galleryid-1909 gallery-columns-3 gallery-size-thumbnail'><figure class='gallery-item'>\n\t\t\t<div class='gallery-icon portrait'>\n\t\t\t\t<a href='https:\/\/agora.xtec.cat\/esccasablanca\/informacions\/setmana-verda-2016\/attachment\/img-20160218-wa0012\/'><img loading=\"lazy\" decoding=\"async\" width=\"150\" height=\"150\" src=\"https:\/\/agora.xtec.cat\/esccasablanca\/wp-content\/uploads\/usu1964\/2016\/02\/img-20160218-wa0012-150x150.jpg\" class=\"attachment-thumbnail size-thumbnail\" alt=\"\" \/><\/a>\n\t\t\t<\/div><\/figure><figure class='gallery-item'>\n\t\t\t<div class='gallery-icon portrait'>\n\t\t\t\t<a href='https:\/\/agora.xtec.cat\/esccasablanca\/informacions\/setmana-verda-2016\/attachment\/img-20160218-wa0009\/'><img loading=\"lazy\" decoding=\"async\" width=\"150\" height=\"150\" src=\"https:\/\/agora.xtec.cat\/esccasablanca\/wp-content\/uploads\/usu1964\/2016\/02\/img-20160218-wa0009-150x150.jpg\" class=\"attachment-thumbnail size-thumbnail\" alt=\"\" \/><\/a>\n\t\t\t<\/div><\/figure><figure class='gallery-item'>\n\t\t\t<div class='gallery-icon landscape'>\n\t\t\t\t<a href='https:\/\/agora.xtec.cat\/esccasablanca\/informacions\/setmana-verda-2016\/attachment\/img-20160218-wa0006\/'><img loading=\"lazy\" decoding=\"async\" width=\"150\" height=\"150\" src=\"https:\/\/agora.xtec.cat\/esccasablanca\/wp-content\/uploads\/usu1964\/2016\/02\/img-20160218-wa0006-150x150.jpg\" class=\"attachment-thumbnail size-thumbnail\" alt=\"\" \/><\/a>\n\t\t\t<\/div><\/figure>\n\t\t<\/div>\n\n<div id='gallery-5' class='gallery galleryid-1909 gallery-columns-3 gallery-size-thumbnail'><figure class='gallery-item'>\n\t\t\t<div class='gallery-icon portrait'>\n\t\t\t\t<a href='https:\/\/agora.xtec.cat\/esccasablanca\/informacions\/setmana-verda-2016\/attachment\/img-20160218-wa0012\/'><img loading=\"lazy\" decoding=\"async\" width=\"150\" height=\"150\" src=\"https:\/\/agora.xtec.cat\/esccasablanca\/wp-content\/uploads\/usu1964\/2016\/02\/img-20160218-wa0012-150x150.jpg\" class=\"attachment-thumbnail size-thumbnail\" alt=\"\" \/><\/a>\n\t\t\t<\/div><\/figure><figure class='gallery-item'>\n\t\t\t<div class='gallery-icon portrait'>\n\t\t\t\t<a href='https:\/\/agora.xtec.cat\/esccasablanca\/informacions\/setmana-verda-2016\/attachment\/img-20160218-wa0009\/'><img loading=\"lazy\" decoding=\"async\" width=\"150\" height=\"150\" src=\"https:\/\/agora.xtec.cat\/esccasablanca\/wp-content\/uploads\/usu1964\/2016\/02\/img-20160218-wa0009-150x150.jpg\" class=\"attachment-thumbnail size-thumbnail\" alt=\"\" \/><\/a>\n\t\t\t<\/div><\/figure><figure class='gallery-item'>\n\t\t\t<div class='gallery-icon landscape'>\n\t\t\t\t<a href='https:\/\/agora.xtec.cat\/esccasablanca\/informacions\/setmana-verda-2016\/attachment\/img-20160218-wa0007\/'><img loading=\"lazy\" decoding=\"async\" width=\"150\" height=\"150\" src=\"https:\/\/agora.xtec.cat\/esccasablanca\/wp-content\/uploads\/usu1964\/2016\/02\/img-20160218-wa0007-150x150.jpg\" class=\"attachment-thumbnail size-thumbnail\" alt=\"\" \/><\/a>\n\t\t\t<\/div><\/figure><figure class='gallery-item'>\n\t\t\t<div class='gallery-icon portrait'>\n\t\t\t\t<a href='https:\/\/agora.xtec.cat\/esccasablanca\/informacions\/setmana-verda-2016\/attachment\/img-20160218-wa0005\/'><img loading=\"lazy\" decoding=\"async\" width=\"150\" height=\"150\" src=\"https:\/\/agora.xtec.cat\/esccasablanca\/wp-content\/uploads\/usu1964\/2016\/02\/img-20160218-wa0005-150x150.jpg\" class=\"attachment-thumbnail size-thumbnail\" alt=\"\" \/><\/a>\n\t\t\t<\/div><\/figure><figure class='gallery-item'>\n\t\t\t<div class='gallery-icon landscape'>\n\t\t\t\t<a href='https:\/\/agora.xtec.cat\/esccasablanca\/informacions\/setmana-verda-2016\/attachment\/img-20160218-wa0011\/'><img loading=\"lazy\" decoding=\"async\" width=\"150\" height=\"150\" src=\"https:\/\/agora.xtec.cat\/esccasablanca\/wp-content\/uploads\/usu1964\/2016\/02\/img-20160218-wa0011-150x150.jpg\" class=\"attachment-thumbnail size-thumbnail\" alt=\"\" \/><\/a>\n\t\t\t<\/div><\/figure>\n\t\t<\/div>\n\n<h2 style=\"text-align:center;\"><span style=\"color:#339966;\"><strong>5a\u00a0jornada de la SETMANA VERDA:<\/strong><\/span><\/h2>\n<h2 style=\"text-align:center;\">Cloenda, resum de la setmana, entrega de medalla i diplomes i invitaci\u00f3 a gaudir d&#8217;una vida verda i sostenible. Can\u00e7\u00f3 de la setmana agafats de la m\u00e0. Comiat fins la pr\u00f2xima edici\u00f3.<\/h2>\n<h1 style=\"text-align:center;\"><span style=\"color:#339966;\">Som escola verda!<\/span><\/h1>\n","protected":false},"excerpt":{"rendered":"<p>Escalfant motors. No contaminants, per\u00f2..! La setmana vinent engeguem la SETMANA VERDA de l\u2019escola Maria Fern\u00e1ndez de Lara. Hi participarem tots i totes, i ens posarem a treballar de valent per tal d\u2019anar integrant en el nostre dia a dia, i de manera \u00a0natural, el reciclatge selectiu, \u00a0i els bons h\u00e0bits d\u2019alimentaci\u00f3. Som esola\u2026verda! I [&hellip;]<\/p>\n","protected":false},"author":1,"featured_media":0,"comment_status":"open","ping_status":"open","sticky":false,"template":"","format":"standard","meta":{"_bbp_topic_count":0,"_bbp_reply_count":0,"_bbp_total_topic_count":0,"_bbp_total_reply_count":0,"_bbp_voice_count":0,"_bbp_anonymous_reply_count":0,"_bbp_topic_count_hidden":0,"_bbp_reply_count_hidden":0,"_bbp_forum_subforum_count":0,"site-sidebar-layout":"default","site-content-layout":"","ast-site-content-layout":"","site-content-style":"default","site-sidebar-style":"default","ast-global-header-display":"","ast-banner-title-visibility":"","ast-main-header-display":"","ast-hfb-above-header-display":"","ast-hfb-below-header-display":"","ast-hfb-mobile-header-display":"","site-post-title":"","ast-breadcrumbs-content":"","ast-featured-img":"","footer-sml-layout":"","theme-transparent-header-meta":"","adv-header-id-meta":"","stick-header-meta":"","header-above-stick-meta":"","header-main-stick-meta":"","header-below-stick-meta":"","astra-migrate-meta-layouts":"default","ast-page-background-enabled":"default","ast-page-background-meta":{"desktop":{"background-color":"var(--ast-global-color-4)","background-image":"","background-repeat":"repeat","background-position":"center center","background-size":"auto","background-attachment":"scroll","background-type":"","background-media":"","overlay-type":"","overlay-color":"","overlay-opacity":"","overlay-gradient":""},"tablet":{"background-color":"","background-image":"","background-repeat":"repeat","background-position":"center center","background-size":"auto","background-attachment":"scroll","background-type":"","background-media":"","overlay-type":"","overlay-color":"","overlay-opacity":"","overlay-gradient":""},"mobile":{"background-color":"","background-image":"","background-repeat":"repeat","background-position":"center center","background-size":"auto","background-attachment":"scroll","background-type":"","background-media":"","overlay-type":"","overlay-color":"","overlay-opacity":"","overlay-gradient":""}},"ast-content-background-meta":{"desktop":{"background-color":"var(--ast-global-color-5)","background-image":"","background-repeat":"repeat","background-position":"center center","background-size":"auto","background-attachment":"scroll","background-type":"","background-media":"","overlay-type":"","overlay-color":"","overlay-opacity":"","overlay-gradient":""},"tablet":{"background-color":"var(--ast-global-color-5)","background-image":"","background-repeat":"repeat","background-position":"center center","background-size":"auto","background-attachment":"scroll","background-type":"","background-media":"","overlay-type":"","overlay-color":"","overlay-opacity":"","overlay-gradient":""},"mobile":{"background-color":"var(--ast-global-color-5)","background-image":"","background-repeat":"repeat","background-position":"center center","background-size":"auto","background-attachment":"scroll","background-type":"","background-media":"","overlay-type":"","overlay-color":"","overlay-opacity":"","overlay-gradient":""}},"footnotes":""},"categories":[61,62],"tags":[],"class_list":["post-1909","post","type-post","status-publish","format-standard","hentry","category-informacions","category-medi-ambient-i-habits-saludables"],"post_mailing_queue_ids":[],"_links":{"self":[{"href":"https:\/\/agora.xtec.cat\/esccasablanca\/wp-json\/wp\/v2\/posts\/1909","targetHints":{"allow":["GET"]}}],"collection":[{"href":"https:\/\/agora.xtec.cat\/esccasablanca\/wp-json\/wp\/v2\/posts"}],"about":[{"href":"https:\/\/agora.xtec.cat\/esccasablanca\/wp-json\/wp\/v2\/types\/post"}],"author":[{"embeddable":true,"href":"https:\/\/agora.xtec.cat\/esccasablanca\/wp-json\/wp\/v2\/users\/1"}],"replies":[{"embeddable":true,"href":"https:\/\/agora.xtec.cat\/esccasablanca\/wp-json\/wp\/v2\/comments?post=1909"}],"version-history":[{"count":0,"href":"https:\/\/agora.xtec.cat\/esccasablanca\/wp-json\/wp\/v2\/posts\/1909\/revisions"}],"wp:attachment":[{"href":"https:\/\/agora.xtec.cat\/esccasablanca\/wp-json\/wp\/v2\/media?parent=1909"}],"wp:term":[{"taxonomy":"category","embeddable":true,"href":"https:\/\/agora.xtec.cat\/esccasablanca\/wp-json\/wp\/v2\/categories?post=1909"},{"taxonomy":"post_tag","embeddable":true,"href":"https:\/\/agora.xtec.cat\/esccasablanca\/wp-json\/wp\/v2\/tags?post=1909"}],"curies":[{"name":"wp","href":"https:\/\/api.w.org\/{rel}","templated":true}]}}