{"id":1886,"date":"2016-02-04T10:19:27","date_gmt":"2016-02-04T10:19:27","guid":{"rendered":"http:\/\/escolamfl.org\/?p=1886"},"modified":"2016-02-04T10:19:27","modified_gmt":"2016-02-04T10:19:27","slug":"primera-votacio-nom-escola","status":"publish","type":"post","link":"https:\/\/agora.xtec.cat\/esccasablanca\/informacions\/primera-votacio-nom-escola\/","title":{"rendered":"Primera votaci\u00f3 nom escola"},"content":{"rendered":"<p class=\"western\" align=\"justify\"><span style=\"font-size:small;color:#808080;\">Us comuniquem que la comissi\u00f3 \u00abDenominaci\u00f3 escola\u00bb ja ha revisat les propostes i onze de les que s&#8217;havien presentat s&#8217;han donat per v\u00e0lides. Us agra\u00efm la participaci\u00f3 que heu tingut, perqu\u00e8 s&#8217;han recollit m\u00e9s de vint propostes, algunes repetides i altres que no s&#8217;han donat per v\u00e0lides. Compartim les v\u00e0lides amb vosaltres en aquest escrit amb la justificaci\u00f3 que ha donat l&#8217;autora o autor de cadascuna. <\/span><\/p>\n<p class=\"western\" align=\"justify\"><img loading=\"lazy\" decoding=\"async\" class=\"alignnone size-full wp-image-1895\" src=\"https:\/\/agora.xtec.cat\/esccasablanca\/wp-content\/uploads\/usu1964\/2016\/02\/cartel-definitivo.jpg\" alt=\"cartel definitivo.jpg\" width=\"2480\" height=\"3508\" srcset=\"https:\/\/agora.xtec.cat\/esccasablanca\/wp-content\/uploads\/usu1964\/2016\/02\/cartel-definitivo.jpg 2480w, https:\/\/agora.xtec.cat\/esccasablanca\/wp-content\/uploads\/usu1964\/2016\/02\/cartel-definitivo-212x300.jpg 212w, https:\/\/agora.xtec.cat\/esccasablanca\/wp-content\/uploads\/usu1964\/2016\/02\/cartel-definitivo-768x1086.jpg 768w, https:\/\/agora.xtec.cat\/esccasablanca\/wp-content\/uploads\/usu1964\/2016\/02\/cartel-definitivo-724x1024.jpg 724w\" sizes=\"auto, (max-width: 2480px) 100vw, 2480px\" \/><\/p>\n<p class=\"western\" lang=\"es-ES\" align=\"justify\"><span style=\"font-size:small;color:#808080;\"><span style=\"font-size:small;\"><span lang=\"ca-ES\">La primera votaci\u00f3 ser\u00e0 entre el 15 i 19 de febrer (d&#8217;aqu\u00ed a dues setmanes). A finals de la propera setmana se us donar\u00e0 en paper la butlleta que haureu d&#8217;omplir i tornar al professorat escollint la proposta (<\/span><\/span><span style=\"font-size:small;\"><span lang=\"ca-ES\"><u><b>nom\u00e9s una<\/b><\/u><\/span><\/span><span style=\"font-size:small;\"><span lang=\"ca-ES\">) que m\u00e9s us agradi (cada pare\/mare podr\u00e0 emetre un vot). Recordeu que aquesta primera votaci\u00f3 \u00e9s eliminat\u00f2ria. L&#8217;alumnat i els treballadors\/es del centre votaran a l&#8217;escola tamb\u00e9 durant aquells dies. Les tres propostes m\u00e9s votades passaran a la votaci\u00f3 final que es far\u00e0 al mar\u00e7. <\/span><\/span><\/span><\/p>\n<p class=\"western\" align=\"justify\"><span style=\"font-size:small;color:#808080;\">Gr\u00e0cies a tots\/es per la vostra participaci\u00f3<\/span><\/p>\n<p class=\"western\" align=\"justify\"><span style=\"font-size:small;color:#808080;\">&#8212;&#8212;&#8212;&#8212;&#8212;&#8212;&#8212;&#8212;&#8212;&#8212;&#8212;&#8212;&#8212;&#8212;&#8212;&#8212;&#8212;&#8212;&#8212;&#8212;&#8212;&#8212;&#8212;&#8212;&#8212;&#8212;&#8212;&#8212;&#8212;&#8212;&#8212;&#8212;&#8212;&#8212;&#8212;&#8212;&#8212;&#8212;&#8212;&#8212;&#8212;<\/span><\/p>\n<p class=\"western\" align=\"justify\"><span style=\"font-size:small;color:#808080;\"><u><b>Propostes per a la primera votaci\u00f3:<\/b><\/u><\/span><\/p>\n<p class=\"western\" align=\"justify\"><span style=\"font-size:small;color:#808080;\"><u><b>ALEGRIA<\/b><\/u><\/span><\/p>\n<p class=\"western\" align=\"justify\"><span style=\"font-family:Arial, sans-serif;color:#808080;\"><span style=\"font-size:small;\">Expressi\u00f3 d&#8217;una emoci\u00f3. \u00abPerqu\u00e8 l&#8217;alumnat venim contents a l&#8217;escola\u00bb<\/span><\/span><\/p>\n<p class=\"western\" lang=\"es-ES\" align=\"justify\"><span style=\"font-size:small;color:#808080;\"><u><b>CASABLANCA <\/b><\/u><\/span><\/p>\n<p class=\"western\" lang=\"es-ES\" align=\"justify\"><span style=\"font-size:small;color:#808080;\">La meva proposta, Escola Casablanca, pret\u00e9n identificar, encara m\u00e9s, el barri amb la seva escola i, amb aix\u00f2, sentir la pertinen\u00e7a emotiva i f\u00edsica entre el lloc en que viuen la major part dels alumnes i el lloc, l&#8217;escola, en que passaran una gran part de la seva infantessa.<\/span><\/p>\n<p class=\"western\" lang=\"es-ES\" align=\"justify\"><span style=\"font-family:Arial, sans-serif;color:#808080;\"><span style=\"font-size:small;\">Al poble hi ha d&#8217;altres centres d&#8217;estudis que han fet el seu nom un referent f\u00e0cilment identificable: Escola Marianao, Escola Parellada, Ciutat Cooperativa, Moli Nou, Escola Sant Boi, Institut Camps Blancs&#8230;<\/span><\/span><\/p>\n<p class=\"western\" lang=\"es-ES\" align=\"justify\"><span style=\"font-size:small;color:#808080;\"><u><b>CASABLANCA-TORRE LA VILA <\/b><\/u><\/span><\/p>\n<p class=\"western\" lang=\"es-ES\" align=\"justify\"><span style=\"font-family:Arial, sans-serif;color:#808080;\"><span style=\"font-size:small;\">Al col\u00b7legi van nens i nenes que viuen a Casablanca o a Torre la Vila, i a m\u00e9s el colegi est\u00e0 entre els dos barris.<\/span><\/span><\/p>\n<p class=\"western\" lang=\"es-ES\" align=\"justify\"><span style=\"font-size:small;color:#808080;\"><u><b>EL FONOLL <\/b><\/u><\/span><\/p>\n<p class=\"western\" lang=\"es-ES\" align=\"justify\"><span style=\"font-size:small;color:#808080;\"><span style=\"font-size:small;\"><span lang=\"ca-ES\">Al costat de l&#8217;escola est\u00e0 situada la torre del Fonollar, tamb\u00e9 anomenada Torre de la Vila, data del segle XII i \u00e9s situada als contrafons darrers de la muntanya de Sant Ramon. Tenia una vista privilegiada del delta i del riu. Era una torre de caire defensiu.<\/span><\/span><\/span><\/p>\n<p class=\"western\" lang=\"es-ES\" align=\"justify\"><span style=\"font-size:small;color:#808080;\"><span style=\"font-size:small;\"><span lang=\"ca-ES\">Aqu\u00ed vivien els comtes del Fonollar, fam\u00edlia nobili\u00e0ria de l&#8217;Edat Mitjana. Aquesta saga va agafar el seu nom dels camps del FONOLL que hi havia a la comarca.<\/span><\/span><\/span><\/p>\n<p class=\"western\" align=\"justify\"><span style=\"font-size:small;color:#808080;\">Conta la llegenda que a trenc d&#8217;alba la pubilla de la fam\u00edlia passejava pels camps recollint les primeres flors del dia. Amb aquests preparava una poci\u00f3 m\u00e0gica per mantenir els seus rinxols daurats, suaus i lluents.<\/span><\/p>\n<p class=\"western\" align=\"justify\"><span style=\"font-size:small;color:#808080;\">Diuen que les propietats d&#8217;aquesta planta s\u00f3n tant i tant bones que venia la gent des de lluny per recol\u00b7lectar-la.<\/span><\/p>\n<p class=\"western\" align=\"justify\"><span style=\"font-size:small;color:#808080;\">Aix\u00f2 podria \u00e9sser el comen\u00e7ament d&#8217;un bonic conte o la hist\u00f2ria dels avantpassats&#8230;<\/span><\/p>\n<p class=\"western\" lang=\"es-ES\" align=\"justify\"><span style=\"font-size:small;color:#808080;\"><span style=\"font-size:small;\"><span lang=\"ca-ES\">El fonoll \u00e9s una planta amb la que es fan condiments per a la cuina mediterr\u00e0nia, les llavors serveixen per condimentar certs productes de pastisseria. T\u00e9 usos gastron\u00f2mics, medicinals i en perfumeria.<\/span><\/span><\/span><\/p>\n<p class=\"western\" align=\"justify\"><span style=\"font-size:small;color:#808080;\">\u00c9s una planta aut\u00f2ctona que d\u00f3na olor i sabor i que, tamb\u00e9, pot ser el nom de l&#8217;escola perqu\u00e8 ens ajudi a mantenir el record dels camps de Fonoll que hi havia als peus de Sant Ramon.<\/span><\/p>\n<p class=\"western\" align=\"justify\"><span style=\"font-size:small;color:#808080;\"><u><b>ELS CIRERERS <\/b><\/u><\/span><\/p>\n<p class=\"western\" align=\"justify\"><span style=\"font-size:small;color:#808080;\">L&#8217;avi sempre m&#8217;explica que on era el col\u00b7legi hi havia un camp preci\u00f3s de cirerers (al igual que on \u00e9s ara el camps de petanca).<\/span><\/p>\n<p class=\"western\" align=\"justify\"><span style=\"font-size:small;color:#808080;\">Seria maco agafar el nom per recordar les arrels del barri.<\/span><\/p>\n<p class=\"western\" align=\"justify\"><span style=\"font-size:small;color:#808080;\"><u><b>ELS GARROFERS <\/b><\/u><\/span><\/p>\n<p class=\"western\" align=\"justify\"><span style=\"font-size:small;color:#808080;\">Arbre dels camps que hi havien abans d&#8217;urbanitzar el barri (al igual que cirerers).<\/span><\/p>\n<p class=\"western\" lang=\"es-ES\" align=\"justify\"><span style=\"font-size:small;color:#808080;\"><u><b>GEGANTS <\/b><\/u><\/span><\/p>\n<p class=\"western\" align=\"justify\"><span style=\"font-size:small;color:#808080;\">El nom \u201cGegants\u201d t\u00e9 tantes implicacions com vulgueu donar. \u00c9s f\u00e0cil donar el mateix nom al Centre que la pla\u00e7a i Casal que hi ha davant. Compartir nom facilitar\u00e0 la seva localitzaci\u00f3 pels habitants de Sant Boi i ajudar\u00e0 a dir pel seu nom nou al Centre. <\/span><\/p>\n<p class=\"western\" align=\"justify\"><span style=\"font-size:small;color:#808080;\">L&#8217;imaginari popular n&#8217;\u00e9s ple i no hi ha ciutat, poble o barri que en les Festes Majors no surtin gegants amb cercaviles i balls.<\/span><\/p>\n<p class=\"western\" align=\"justify\"><span style=\"font-size:small;color:#808080;\">Moltes escoles tenen el seu o seus gegants propis exposats a l&#8217;entrada i surten a ballar per les Festes escolars.<\/span><\/p>\n<p class=\"western\" lang=\"es-ES\" align=\"justify\"><span style=\"font-size:small;color:#808080;\"><span style=\"font-size:small;\"><span lang=\"ca-ES\">En el conte d&#8217;en Gulliver hi ha gegants i en la literatura actual, en el m\u00f3n de Harry Potter ta<\/span><\/span><span style=\"font-size:small;\"><span lang=\"ca-ES\">mb\u00e9 hi apareixen. Can\u00e7ons, festes, contes, literatura&#8230; i els infants, els veritables protagonistes de l&#8217;Escola?<\/span><\/span><\/span><\/p>\n<p class=\"western\" align=\"justify\"><span style=\"font-size:small;color:#808080;\">Tots els infants volen ser grans i fer-ser m\u00e9s grans encara. Volen cr\u00e9ixer i fer-se grans. Juguen a ser grans, juguen com els grans, imiten els grans i s&#8217;emmirallen amb ells. Grans com a gegants! Ho podem veure amb el joc simb\u00f2lic, en l&#8217;esport i en accions i en converses de la vida quotidiana.<\/span><\/p>\n<p class=\"western\" align=\"justify\"><span style=\"font-size:small;color:#808080;\">Juguen amb les xanques, s&#8217;enfilen, pugen, trepen i es posen de puntetes per ser grans com a gegants! Gegants \u00e9s una implicaci\u00f3 psicol\u00f2gica i emocional positiva vers els infants i tamb\u00e9 pels adults.<\/span><\/p>\n<p class=\"western\" lang=\"es-ES\" align=\"justify\"><span style=\"font-size:small;color:#808080;\"><u><b>LA GRALLA-CASABLANCA <\/b><\/u><\/span><\/p>\n<p class=\"western\" lang=\"es-ES\" align=\"justify\"><span style=\"font-size:small;color:#808080;\"><span style=\"font-size:small;\"><span lang=\"es-ES\">Estem al barri Casablanca (el col\u00b7legi), i vinculats a la Gralla des de l&#8217;inici de la construcci\u00f3. Penso que La Gralla no seria el que \u00e9s actualment si no fos pel nostre col\u00b7legi.<\/span><\/span><\/span><\/p>\n<p class=\"western\" align=\"justify\"><span style=\"font-size:small;color:#808080;\"><u><b>MANEL ESTELLER <\/b><\/u><\/span><\/p>\n<p class=\"western\" align=\"justify\"><span style=\"font-size:small;color:#808080;\">\u00c9s un metge i investigador de Sant Boi, un dels m\u00e9s reconeguts mundialment per la seva lluita contra el c\u00e0ncer. Director del programa d&#8217;epigen\u00e8tica i biologia del c\u00e0ncer a Bellvitge.<\/span><\/p>\n<p class=\"western\" align=\"justify\"><span style=\"font-size:small;color:#808080;\">La seva traject\u00f2ria investigadora ha estat guardonada en nombroses ocasions amb premis de gran prestigi.<\/span><\/p>\n<p class=\"western\" align=\"justify\"><span style=\"font-size:small;color:#808080;\">Seria una gran oportunitat perqu\u00e8 Sant Boi li fes un reconeixement a la seva tasca i la possibilitat que pogu\u00e9s venir a visitar l&#8217;escola.<\/span><\/p>\n<p class=\"western\" align=\"justify\"><span style=\"font-size:small;color:#808080;\">T\u00e9 el reconeixement de \u00abFill Predilecte de Sant Boi\u00bb, concedit l&#8217;any 2002 per l&#8217;ajuntament.<\/span><\/p>\n<p class=\"western\" align=\"justify\"><span style=\"font-size:small;color:#808080;\"><u><b>RUBRICATUS<\/b><\/u><\/span><\/p>\n<p class=\"western\" align=\"justify\"><span style=\"font-size:small;color:#808080;\">Nom primigeni, en llat\u00ed, del riu Llobregat. \u00c9s el nom que, quan els romans van venir a Catalunya, li van posar al riu. A m\u00e9s a m\u00e9s d\u00f3na nom tant a la nostra comarca (el Baix Llobregat) com al nostre municipi (Sant Boi de Llobregat). <\/span><\/p>\n<p class=\"western\" lang=\"es-ES\" align=\"justify\"><span style=\"font-family:Arial, sans-serif;color:#808080;\"><span style=\"font-size:small;\"><u><b>VILABLANCA <\/b><\/u><\/span><\/span><\/p>\n<p class=\"western\" lang=\"es-ES\" align=\"justify\"><span style=\"font-family:Arial, sans-serif;color:#808080;\"><span style=\"font-size:small;\">Tal y como he podido comprobar, un gran porcentaje de los colegios deben su nombre o bien al barrio al que pertenecen o bien a la calle o camino donde est\u00e1n construidos.<\/span><\/span><\/p>\n<p class=\"western\" lang=\"es-ES\" align=\"justify\"><span style=\"font-family:Arial, sans-serif;color:#808080;\"><span style=\"font-size:small;\">Por esa raz\u00f3n y dado que el colegio acoge principalmente a los ni\u00f1os de Casablanca y Torre de la Vila, he pensado que ser\u00eda bonito unificar parte de esos dos barrios en un solo nombre. De ah\u00ed surge Vilabanca: \u00abVila\u00bb de Torre la Vila y \u00abBlanca\u00bb de Casablanca.<\/span><\/span><\/p>\n<p class=\"western\" lang=\"es-ES\" align=\"justify\"><span style=\"font-family:Arial, sans-serif;color:#808080;\"><span style=\"font-size:small;\">Adem\u00e1s de que aunque no sea la traducci\u00f3n exacta del nombre del barrio en catal\u00e1n, solo por el sonido del nombre, te lleva de forma inconsciente a ubicarlo en Casablanca. Suena bien al o\u00eddo y es f\u00e1cil de recordar y pronunciar.<\/span><\/span><\/p>\n","protected":false},"excerpt":{"rendered":"<p>Us comuniquem que la comissi\u00f3 \u00abDenominaci\u00f3 escola\u00bb ja ha revisat les propostes i onze de les que s&#8217;havien presentat s&#8217;han donat per v\u00e0lides. Us agra\u00efm la participaci\u00f3 que heu tingut, perqu\u00e8 s&#8217;han recollit m\u00e9s de vint propostes, algunes repetides i altres que no s&#8217;han donat per v\u00e0lides. Compartim les v\u00e0lides amb vosaltres en aquest escrit [&hellip;]<\/p>\n","protected":false},"author":1,"featured_media":0,"comment_status":"open","ping_status":"open","sticky":false,"template":"","format":"standard","meta":{"_bbp_topic_count":0,"_bbp_reply_count":0,"_bbp_total_topic_count":0,"_bbp_total_reply_count":0,"_bbp_voice_count":0,"_bbp_anonymous_reply_count":0,"_bbp_topic_count_hidden":0,"_bbp_reply_count_hidden":0,"_bbp_forum_subforum_count":0,"site-sidebar-layout":"default","site-content-layout":"","ast-site-content-layout":"","site-content-style":"default","site-sidebar-style":"default","ast-global-header-display":"","ast-banner-title-visibility":"","ast-main-header-display":"","ast-hfb-above-header-display":"","ast-hfb-below-header-display":"","ast-hfb-mobile-header-display":"","site-post-title":"","ast-breadcrumbs-content":"","ast-featured-img":"","footer-sml-layout":"","theme-transparent-header-meta":"","adv-header-id-meta":"","stick-header-meta":"","header-above-stick-meta":"","header-main-stick-meta":"","header-below-stick-meta":"","astra-migrate-meta-layouts":"default","ast-page-background-enabled":"default","ast-page-background-meta":{"desktop":{"background-color":"var(--ast-global-color-4)","background-image":"","background-repeat":"repeat","background-position":"center center","background-size":"auto","background-attachment":"scroll","background-type":"","background-media":"","overlay-type":"","overlay-color":"","overlay-opacity":"","overlay-gradient":""},"tablet":{"background-color":"","background-image":"","background-repeat":"repeat","background-position":"center center","background-size":"auto","background-attachment":"scroll","background-type":"","background-media":"","overlay-type":"","overlay-color":"","overlay-opacity":"","overlay-gradient":""},"mobile":{"background-color":"","background-image":"","background-repeat":"repeat","background-position":"center center","background-size":"auto","background-attachment":"scroll","background-type":"","background-media":"","overlay-type":"","overlay-color":"","overlay-opacity":"","overlay-gradient":""}},"ast-content-background-meta":{"desktop":{"background-color":"var(--ast-global-color-5)","background-image":"","background-repeat":"repeat","background-position":"center center","background-size":"auto","background-attachment":"scroll","background-type":"","background-media":"","overlay-type":"","overlay-color":"","overlay-opacity":"","overlay-gradient":""},"tablet":{"background-color":"var(--ast-global-color-5)","background-image":"","background-repeat":"repeat","background-position":"center center","background-size":"auto","background-attachment":"scroll","background-type":"","background-media":"","overlay-type":"","overlay-color":"","overlay-opacity":"","overlay-gradient":""},"mobile":{"background-color":"var(--ast-global-color-5)","background-image":"","background-repeat":"repeat","background-position":"center center","background-size":"auto","background-attachment":"scroll","background-type":"","background-media":"","overlay-type":"","overlay-color":"","overlay-opacity":"","overlay-gradient":""}},"footnotes":""},"categories":[61],"tags":[],"class_list":["post-1886","post","type-post","status-publish","format-standard","hentry","category-informacions"],"post_mailing_queue_ids":[],"_links":{"self":[{"href":"https:\/\/agora.xtec.cat\/esccasablanca\/wp-json\/wp\/v2\/posts\/1886","targetHints":{"allow":["GET"]}}],"collection":[{"href":"https:\/\/agora.xtec.cat\/esccasablanca\/wp-json\/wp\/v2\/posts"}],"about":[{"href":"https:\/\/agora.xtec.cat\/esccasablanca\/wp-json\/wp\/v2\/types\/post"}],"author":[{"embeddable":true,"href":"https:\/\/agora.xtec.cat\/esccasablanca\/wp-json\/wp\/v2\/users\/1"}],"replies":[{"embeddable":true,"href":"https:\/\/agora.xtec.cat\/esccasablanca\/wp-json\/wp\/v2\/comments?post=1886"}],"version-history":[{"count":0,"href":"https:\/\/agora.xtec.cat\/esccasablanca\/wp-json\/wp\/v2\/posts\/1886\/revisions"}],"wp:attachment":[{"href":"https:\/\/agora.xtec.cat\/esccasablanca\/wp-json\/wp\/v2\/media?parent=1886"}],"wp:term":[{"taxonomy":"category","embeddable":true,"href":"https:\/\/agora.xtec.cat\/esccasablanca\/wp-json\/wp\/v2\/categories?post=1886"},{"taxonomy":"post_tag","embeddable":true,"href":"https:\/\/agora.xtec.cat\/esccasablanca\/wp-json\/wp\/v2\/tags?post=1886"}],"curies":[{"name":"wp","href":"https:\/\/api.w.org\/{rel}","templated":true}]}}