{"id":1612,"date":"2015-12-16T15:57:36","date_gmt":"2015-12-16T15:57:36","guid":{"rendered":"http:\/\/escolamfl.org\/?p=1612"},"modified":"2015-12-16T15:57:36","modified_gmt":"2015-12-16T15:57:36","slug":"criteris-i-calendari-proces-canvi-de-nom-de-lescola","status":"publish","type":"post","link":"https:\/\/agora.xtec.cat\/esccasablanca\/informacions\/criteris-i-calendari-proces-canvi-de-nom-de-lescola\/","title":{"rendered":"Criteris i calendari proc\u00e9s canvi de nom de l&#8217;escola"},"content":{"rendered":"<p class=\"western\" align=\"justify\"><span style=\"font-size:small;\">Benvolgudes fam\u00edlies<\/span><\/p>\n<p class=\"western\" align=\"justify\"><span style=\"font-size:small;\">Avui dimecres dia 16 de desembre s&#8217;ha constitu\u00eft la <i><u><b>\u00abcomissi\u00f3 denominaci\u00f3 escola\u00bb<\/b><\/u><\/i>, i ha revisat els criteris i el calendari del proc\u00e9s. La comissi\u00f3 est\u00e0 formada per dos representants de les fam\u00edlies, dos de l&#8217;ajuntament, dos del professorat, dos de l&#8217;alumnat, un del personal d&#8217;administraci\u00f3 i serveis i la direcci\u00f3 del centre.<\/span><\/p>\n<p class=\"western\" align=\"justify\"><span style=\"font-size:small;\">S&#8217;han fet p\u00fablics els <u><b>criteris<\/b><\/u> que seguir\u00e0 la comissi\u00f3 per tal d&#8217;acceptar propostes de canvi de nom de l&#8217;escola (els podeu veure a la p\u00e0gina web del centre o els heu rebut adjunts per correu electr\u00f2nic en el cas que tinguem la vostra adre\u00e7a). Aquests criteris s\u00f3n els mateixos que segueix la comissi\u00f3 de Nomencl\u00e0tor de l&#8217;ajuntament de Sant Boi per tal de posar nom a qualsevol espai de la ciutat.<\/span><\/p>\n<p class=\"western\" align=\"justify\"><span style=\"font-size:small;\"><u><b>El calendari del proc\u00e9s ser\u00e0 el seg\u00fcent:<\/b><\/u><\/span><\/p>\n<ul>\n<li>\n<p class=\"western\" align=\"justify\"><span style=\"font-size:small;\"><u>Recollida de propostes a secretaria:<\/u> s&#8217;amplia el termini fins el 29 de gener per adequar les propostes als criteris.<\/span><\/p>\n<\/li>\n<\/ul>\n<ul>\n<li>\n<p class=\"western\" align=\"justify\"><span style=\"font-size:small;\"><u>Revisi\u00f3 de les propostes:<\/u> primers dies de febrer<\/span><\/p>\n<\/li>\n<\/ul>\n<ul>\n<li>\n<p class=\"western\" align=\"justify\"><span style=\"font-size:small;\"><u>Publicitat de les propostes justificades:<\/u> durant el mes de febrer<\/span><\/p>\n<\/li>\n<\/ul>\n<ul>\n<li>\n<p class=\"western\" align=\"justify\"><span style=\"font-size:small;\"><u>Primera votaci\u00f3 (amb totes les propostes v\u00e0lides):<\/u> durant el mes de febrer<\/span><\/p>\n<\/li>\n<\/ul>\n<p class=\"western\" align=\"justify\"><span style=\"font-size:small;\"> (aquesta votaci\u00f3 es podr\u00e0 fer de diferents maneres)<\/span><\/p>\n<ul>\n<li>\n<p class=\"western\" align=\"justify\"><span style=\"font-size:small;\"><u>Segona votaci\u00f3 (amb les tres propostes m\u00e9s votades de la primera votaci\u00f3):<\/u> durant el mes de mar\u00e7.<\/span><\/p>\n<p class=\"western\" align=\"justify\"><span style=\"font-size:small;\">(votaci\u00f3 \u00fanicament presencial)<\/span><\/p>\n<\/li>\n<li>\n<p class=\"western\" align=\"justify\"><span style=\"font-size:small;\"><u>Presentaci\u00f3 de la proposta a l&#8217;ajuntament de Sant Boi i al Departament d&#8217;Ensenyament:<\/u> mes d&#8217;abril<\/span><\/p>\n<\/li>\n<\/ul>\n<p class=\"western\" align=\"justify\"><span style=\"font-size:small;\">Recordeu que teniu a la vostra disposici\u00f3 a la secretaria de l&#8217;escola formularis preparats per fer les vostres propostes. <\/span><\/p>\n<p class=\"western\" align=\"justify\"><span style=\"font-size:small;\">Des de la comissi\u00f3 us volem recordar la import\u00e0ncia de la \u00abjustificaci\u00f3 de la proposta\u00bb, perqu\u00e8 ser\u00e0 el text que es far\u00e0 arribar a tota la comunitat educativa a l&#8217;hora de presentar els noms que podran ser escollits. A la justificaci\u00f3 cal posar tots els motius pels quals es vol posar aquest nom a l&#8217;escola.<\/span><\/p>\n<p class=\"western\" align=\"justify\"><span style=\"text-decoration:underline;\">Criteris per donar validesa a les propostes:<\/span><\/p>\n<p class=\"western\" align=\"justify\"><img loading=\"lazy\" decoding=\"async\" class=\"alignnone size-full wp-image-1614\" src=\"https:\/\/agora.xtec.cat\/esccasablanca\/wp-content\/uploads\/usu1964\/2015\/12\/02-criteris-canvi-nom-escola.png\" alt=\"02.Criteris canvi nom escola\" width=\"513\" height=\"544\" srcset=\"https:\/\/agora.xtec.cat\/esccasablanca\/wp-content\/uploads\/usu1964\/2015\/12\/02-criteris-canvi-nom-escola.png 513w, https:\/\/agora.xtec.cat\/esccasablanca\/wp-content\/uploads\/usu1964\/2015\/12\/02-criteris-canvi-nom-escola-283x300.png 283w\" sizes=\"auto, (max-width: 513px) 100vw, 513px\" \/><\/p>\n","protected":false},"excerpt":{"rendered":"<p>Benvolgudes fam\u00edlies Avui dimecres dia 16 de desembre s&#8217;ha constitu\u00eft la \u00abcomissi\u00f3 denominaci\u00f3 escola\u00bb, i ha revisat els criteris i el calendari del proc\u00e9s. La comissi\u00f3 est\u00e0 formada per dos representants de les fam\u00edlies, dos de l&#8217;ajuntament, dos del professorat, dos de l&#8217;alumnat, un del personal d&#8217;administraci\u00f3 i serveis i la direcci\u00f3 del centre. S&#8217;han [&hellip;]<\/p>\n","protected":false},"author":1,"featured_media":0,"comment_status":"open","ping_status":"open","sticky":false,"template":"","format":"standard","meta":{"_bbp_topic_count":0,"_bbp_reply_count":0,"_bbp_total_topic_count":0,"_bbp_total_reply_count":0,"_bbp_voice_count":0,"_bbp_anonymous_reply_count":0,"_bbp_topic_count_hidden":0,"_bbp_reply_count_hidden":0,"_bbp_forum_subforum_count":0,"site-sidebar-layout":"default","site-content-layout":"","ast-site-content-layout":"","site-content-style":"default","site-sidebar-style":"default","ast-global-header-display":"","ast-banner-title-visibility":"","ast-main-header-display":"","ast-hfb-above-header-display":"","ast-hfb-below-header-display":"","ast-hfb-mobile-header-display":"","site-post-title":"","ast-breadcrumbs-content":"","ast-featured-img":"","footer-sml-layout":"","theme-transparent-header-meta":"","adv-header-id-meta":"","stick-header-meta":"","header-above-stick-meta":"","header-main-stick-meta":"","header-below-stick-meta":"","astra-migrate-meta-layouts":"default","ast-page-background-enabled":"default","ast-page-background-meta":{"desktop":{"background-color":"var(--ast-global-color-4)","background-image":"","background-repeat":"repeat","background-position":"center center","background-size":"auto","background-attachment":"scroll","background-type":"","background-media":"","overlay-type":"","overlay-color":"","overlay-opacity":"","overlay-gradient":""},"tablet":{"background-color":"","background-image":"","background-repeat":"repeat","background-position":"center center","background-size":"auto","background-attachment":"scroll","background-type":"","background-media":"","overlay-type":"","overlay-color":"","overlay-opacity":"","overlay-gradient":""},"mobile":{"background-color":"","background-image":"","background-repeat":"repeat","background-position":"center center","background-size":"auto","background-attachment":"scroll","background-type":"","background-media":"","overlay-type":"","overlay-color":"","overlay-opacity":"","overlay-gradient":""}},"ast-content-background-meta":{"desktop":{"background-color":"var(--ast-global-color-5)","background-image":"","background-repeat":"repeat","background-position":"center center","background-size":"auto","background-attachment":"scroll","background-type":"","background-media":"","overlay-type":"","overlay-color":"","overlay-opacity":"","overlay-gradient":""},"tablet":{"background-color":"var(--ast-global-color-5)","background-image":"","background-repeat":"repeat","background-position":"center center","background-size":"auto","background-attachment":"scroll","background-type":"","background-media":"","overlay-type":"","overlay-color":"","overlay-opacity":"","overlay-gradient":""},"mobile":{"background-color":"var(--ast-global-color-5)","background-image":"","background-repeat":"repeat","background-position":"center center","background-size":"auto","background-attachment":"scroll","background-type":"","background-media":"","overlay-type":"","overlay-color":"","overlay-opacity":"","overlay-gradient":""}},"footnotes":""},"categories":[61],"tags":[],"class_list":["post-1612","post","type-post","status-publish","format-standard","hentry","category-informacions"],"post_mailing_queue_ids":[],"_links":{"self":[{"href":"https:\/\/agora.xtec.cat\/esccasablanca\/wp-json\/wp\/v2\/posts\/1612","targetHints":{"allow":["GET"]}}],"collection":[{"href":"https:\/\/agora.xtec.cat\/esccasablanca\/wp-json\/wp\/v2\/posts"}],"about":[{"href":"https:\/\/agora.xtec.cat\/esccasablanca\/wp-json\/wp\/v2\/types\/post"}],"author":[{"embeddable":true,"href":"https:\/\/agora.xtec.cat\/esccasablanca\/wp-json\/wp\/v2\/users\/1"}],"replies":[{"embeddable":true,"href":"https:\/\/agora.xtec.cat\/esccasablanca\/wp-json\/wp\/v2\/comments?post=1612"}],"version-history":[{"count":0,"href":"https:\/\/agora.xtec.cat\/esccasablanca\/wp-json\/wp\/v2\/posts\/1612\/revisions"}],"wp:attachment":[{"href":"https:\/\/agora.xtec.cat\/esccasablanca\/wp-json\/wp\/v2\/media?parent=1612"}],"wp:term":[{"taxonomy":"category","embeddable":true,"href":"https:\/\/agora.xtec.cat\/esccasablanca\/wp-json\/wp\/v2\/categories?post=1612"},{"taxonomy":"post_tag","embeddable":true,"href":"https:\/\/agora.xtec.cat\/esccasablanca\/wp-json\/wp\/v2\/tags?post=1612"}],"curies":[{"name":"wp","href":"https:\/\/api.w.org\/{rel}","templated":true}]}}