{"id":1197,"date":"2015-11-23T20:24:40","date_gmt":"2015-11-23T20:24:40","guid":{"rendered":"http:\/\/escolamfl.org\/?p=1197"},"modified":"2015-11-23T20:24:40","modified_gmt":"2015-11-23T20:24:40","slug":"reciclem","status":"publish","type":"post","link":"https:\/\/agora.xtec.cat\/esccasablanca\/informacions\/reciclem\/","title":{"rendered":"Reciclem?"},"content":{"rendered":"<h1 style=\"text-align:center;\"><span style=\"color:#008000;\"><strong>SETMANA VERDA A L&#8217;ESCOLA<\/strong><\/span><\/h1>\n<p><img loading=\"lazy\" decoding=\"async\" class=\" wp-image-1254 aligncenter\" src=\"https:\/\/agora.xtec.cat\/esccasablanca\/wp-content\/uploads\/usu1964\/2015\/11\/images.jpg\" alt=\"images\" width=\"159\" height=\"158\" srcset=\"https:\/\/agora.xtec.cat\/esccasablanca\/wp-content\/uploads\/usu1964\/2015\/11\/images.jpg 225w, https:\/\/agora.xtec.cat\/esccasablanca\/wp-content\/uploads\/usu1964\/2015\/11\/images-150x150.jpg 150w\" sizes=\"auto, (max-width: 159px) 100vw, 159px\" \/><\/p>\n<h3 style=\"text-align:center;\">Ep! Qu\u00e8 ja reciclem prou? I,\u00a0ho fem com cal..?<\/h3>\n<p style=\"text-align:center;\">L&#8217;escola celebrar\u00e0 en els pr\u00f2xims dies una <strong><span style=\"color:#008000;\">SETMANA VERDA<\/span><\/strong> en qu\u00e8 els nens i les nenes revisarem tot all\u00f2 que ja sabem sobre el reciclatge responsable, alhora que n&#8217;aprendrem coses noves. La can\u00e7\u00f3 de la setmana verda \u00e9s aquesta:<\/p>\n<h2 style=\"text-align:center;\"><span style=\"color:#0000ff;\"><a style=\"color:#0000ff;\" href=\"https:\/\/www.youtube.com\/watch?v=DUhcXZmd4aM\" target=\"_blank\">\u201cSi triem b\u00e9 sona millor\u201d (Pitu Tries)<\/a><\/span><\/h2>\n<p><a href=\"https:\/\/www.youtube.com\/watch?v=DUhcXZmd4aM\"><img loading=\"lazy\" decoding=\"async\" class=\" wp-image-1268 aligncenter\" src=\"https:\/\/agora.xtec.cat\/esccasablanca\/wp-content\/uploads\/usu1964\/2015\/11\/youtubelogo-960x623.jpg\" alt=\"youtubelogo-960x623\" width=\"187\" height=\"109\" srcset=\"https:\/\/agora.xtec.cat\/esccasablanca\/wp-content\/uploads\/usu1964\/2015\/11\/youtubelogo-960x623.jpg 960w, https:\/\/agora.xtec.cat\/esccasablanca\/wp-content\/uploads\/usu1964\/2015\/11\/youtubelogo-960x623-300x176.jpg 300w, https:\/\/agora.xtec.cat\/esccasablanca\/wp-content\/uploads\/usu1964\/2015\/11\/youtubelogo-960x623-768x450.jpg 768w\" sizes=\"auto, (max-width: 187px) 100vw, 187px\" \/><\/a><\/p>\n<p style=\"text-align:center;\"><span style=\"color:#339966;\"><strong>D\u2019un vell amor,<\/strong><\/span><\/p>\n<p style=\"text-align:center;\"><span style=\"color:#339966;\"><strong>tinc guardades totes les cartes;<\/strong><\/span><\/p>\n<p style=\"text-align:center;\"><span style=\"color:#339966;\"><strong>Lletres, petits tresors que avui fanmal al cor.<\/strong><\/span><\/p>\n<p style=\"text-align:center;\"><span style=\"color:#339966;\"><strong>Dins de capses de cartr\u00f3<\/strong><\/span><\/p>\n<p style=\"text-align:center;\"><span style=\"color:#339966;\"><strong>cauran en l\u2019oblital contenidor BLAU!<\/strong><\/span><\/p>\n<p style=\"text-align:center;\"><span style=\"color:#339966;\"><strong>Vidres i ampolles,<\/strong><\/span><\/p>\n<p style=\"text-align:center;\"><span style=\"color:#339966;\"><strong>quina festa ahir al vespre;<\/strong><\/span><\/p>\n<p style=\"text-align:center;\"><span style=\"color:#339966;\"><strong>sento la vida d\u2019un altre color.<\/strong><\/span><\/p>\n<p style=\"text-align:center;\"><span style=\"color:#339966;\"><strong>Mil rialles, tamb\u00e9 plors<\/strong><\/span><\/p>\n<p style=\"text-align:center;\"><span style=\"color:#339966;\"><strong>cauran en l\u2019oblit al contenidor VERD!<\/strong><\/span><\/p>\n<p style=\"text-align:center;\"><span style=\"color:#339966;\"><strong>Reciclem, reciclem<\/strong><\/span><\/p>\n<p style=\"text-align:center;\"><span style=\"color:#339966;\"><strong>talls de vida, cartr\u00f3 i llauna quedeixem;<\/strong><\/span><\/p>\n<p style=\"text-align:center;\"><span style=\"color:#339966;\"><strong>Reciclem pel nou m\u00f3n:<\/strong><\/span><\/p>\n<p style=\"text-align:center;\"><span style=\"color:#339966;\"><strong>si triem junts sona millor,<\/strong><\/span><\/p>\n<p style=\"text-align:center;\"><span style=\"color:#339966;\"><strong>que si triem\u00a0junts sona millor.<\/strong><\/span><\/p>\n<p style=\"text-align:center;\"><span style=\"color:#339966;\"><strong>Dies de llauna,<\/strong><\/span><\/p>\n<p style=\"text-align:center;\"><span style=\"color:#339966;\"><strong>quan tot costa molt;<\/strong><\/span><\/p>\n<p style=\"text-align:center;\"><span style=\"color:#339966;\"><strong>pren-t\u2019ho amb calma saps que no est\u00e0s sol.<\/strong><\/span><\/p>\n<p style=\"text-align:center;\"><span style=\"color:#339966;\"><strong>Beu-te un brick fet d\u2019il\u00b7lusi\u00f3<\/strong><\/span><\/p>\n<p style=\"text-align:center;\"><span style=\"color:#339966;\"><strong>i amb el mal rotllo el llences al contenidor GROC!<\/strong><\/span><\/p>\n<p style=\"text-align:center;\"><span style=\"color:#339966;\"><strong>Tenir-te a tu:<\/strong><\/span><\/p>\n<p style=\"text-align:center;\"><span style=\"color:#339966;\"><strong>la fruita m\u00e9s dol\u00e7a;<\/strong><\/span><\/p>\n<p style=\"text-align:center;\"><span style=\"color:#339966;\"><strong>una m\u00e0gia org\u00e0nica ens fa caminar junts.<\/strong><\/span><\/p>\n<p style=\"text-align:center;\"><span style=\"color:#339966;\"><strong>Hem pelat molts grans moments<\/strong><\/span><\/p>\n<p style=\"text-align:center;\"><span style=\"color:#339966;\"><strong>i els mals rotllos els hem llan\u00e7at<\/strong><\/span><\/p>\n<p style=\"text-align:center;\"><span style=\"color:#339966;\"><strong>al contenidor MARR\u00d3!<\/strong><\/span><\/p>\n<p style=\"text-align:center;\"><span style=\"color:#339966;\"><strong>Reciclem, reciclem&#8230;<\/strong><\/span><\/p>\n<p style=\"text-align:center;\"><span style=\"color:#339966;\"><strong>Compte, cada pe\u00e7a \u00e9s \u00fanica,<\/strong><\/span><\/p>\n<p style=\"text-align:center;\"><span style=\"color:#339966;\"><strong>fuig d\u2019aquesta t\u00f2nica,<\/strong><\/span><\/p>\n<p style=\"text-align:center;\"><span style=\"color:#339966;\"><strong>tu en tens la clau, recicla les idees:<\/strong><\/span><\/p>\n<p style=\"text-align:center;\"><span style=\"color:#339966;\"><strong>compte, els mals rotllos no es reciclen,<\/strong><\/span><\/p>\n<p style=\"text-align:center;\"><span style=\"color:#339966;\"><strong>no tot es re-utilitza, aix\u00f2 llen\u00e7a-ho al rebuig.<\/strong><\/span><\/p>\n<p style=\"text-align:center;\"><span style=\"color:#339966;\"><strong>I si tens residus massa perillosos,<\/strong><\/span><\/p>\n<p style=\"text-align:center;\"><span style=\"color:#339966;\"><strong>piles o neveres, o si s\u00f3n pintures<\/strong><\/span><\/p>\n<p style=\"text-align:center;\"><span style=\"color:#339966;\"><strong>v\u00e9s a la deixalleria, que important \u00e9s qui recicla<\/strong><\/span><\/p>\n<p style=\"text-align:center;\"><span style=\"color:#339966;\"><strong>reciclem, reciclem, reciclem, reciclem&#8230;!<\/strong><\/span><\/p>\n<p style=\"text-align:center;\"><span style=\"color:#339966;\"><strong>Reciclem, reciclem\u2026<\/strong><\/span><\/p>\n<h1 style=\"text-align:center;\"><\/h1>\n","protected":false},"excerpt":{"rendered":"<p>SETMANA VERDA A L&#8217;ESCOLA Ep! Qu\u00e8 ja reciclem prou? I,\u00a0ho fem com cal..? L&#8217;escola celebrar\u00e0 en els pr\u00f2xims dies una SETMANA VERDA en qu\u00e8 els nens i les nenes revisarem tot all\u00f2 que ja sabem sobre el reciclatge responsable, alhora que n&#8217;aprendrem coses noves. La can\u00e7\u00f3 de la setmana verda \u00e9s aquesta: \u201cSi triem b\u00e9 [&hellip;]<\/p>\n","protected":false},"author":1,"featured_media":0,"comment_status":"open","ping_status":"open","sticky":false,"template":"","format":"standard","meta":{"_bbp_topic_count":0,"_bbp_reply_count":0,"_bbp_total_topic_count":0,"_bbp_total_reply_count":0,"_bbp_voice_count":0,"_bbp_anonymous_reply_count":0,"_bbp_topic_count_hidden":0,"_bbp_reply_count_hidden":0,"_bbp_forum_subforum_count":0,"site-sidebar-layout":"default","site-content-layout":"","ast-site-content-layout":"","site-content-style":"default","site-sidebar-style":"default","ast-global-header-display":"","ast-banner-title-visibility":"","ast-main-header-display":"","ast-hfb-above-header-display":"","ast-hfb-below-header-display":"","ast-hfb-mobile-header-display":"","site-post-title":"","ast-breadcrumbs-content":"","ast-featured-img":"","footer-sml-layout":"","theme-transparent-header-meta":"","adv-header-id-meta":"","stick-header-meta":"","header-above-stick-meta":"","header-main-stick-meta":"","header-below-stick-meta":"","astra-migrate-meta-layouts":"default","ast-page-background-enabled":"default","ast-page-background-meta":{"desktop":{"background-color":"var(--ast-global-color-4)","background-image":"","background-repeat":"repeat","background-position":"center center","background-size":"auto","background-attachment":"scroll","background-type":"","background-media":"","overlay-type":"","overlay-color":"","overlay-opacity":"","overlay-gradient":""},"tablet":{"background-color":"","background-image":"","background-repeat":"repeat","background-position":"center center","background-size":"auto","background-attachment":"scroll","background-type":"","background-media":"","overlay-type":"","overlay-color":"","overlay-opacity":"","overlay-gradient":""},"mobile":{"background-color":"","background-image":"","background-repeat":"repeat","background-position":"center center","background-size":"auto","background-attachment":"scroll","background-type":"","background-media":"","overlay-type":"","overlay-color":"","overlay-opacity":"","overlay-gradient":""}},"ast-content-background-meta":{"desktop":{"background-color":"var(--ast-global-color-5)","background-image":"","background-repeat":"repeat","background-position":"center center","background-size":"auto","background-attachment":"scroll","background-type":"","background-media":"","overlay-type":"","overlay-color":"","overlay-opacity":"","overlay-gradient":""},"tablet":{"background-color":"var(--ast-global-color-5)","background-image":"","background-repeat":"repeat","background-position":"center center","background-size":"auto","background-attachment":"scroll","background-type":"","background-media":"","overlay-type":"","overlay-color":"","overlay-opacity":"","overlay-gradient":""},"mobile":{"background-color":"var(--ast-global-color-5)","background-image":"","background-repeat":"repeat","background-position":"center center","background-size":"auto","background-attachment":"scroll","background-type":"","background-media":"","overlay-type":"","overlay-color":"","overlay-opacity":"","overlay-gradient":""}},"footnotes":""},"categories":[61],"tags":[],"class_list":["post-1197","post","type-post","status-publish","format-standard","hentry","category-informacions"],"post_mailing_queue_ids":[],"_links":{"self":[{"href":"https:\/\/agora.xtec.cat\/esccasablanca\/wp-json\/wp\/v2\/posts\/1197","targetHints":{"allow":["GET"]}}],"collection":[{"href":"https:\/\/agora.xtec.cat\/esccasablanca\/wp-json\/wp\/v2\/posts"}],"about":[{"href":"https:\/\/agora.xtec.cat\/esccasablanca\/wp-json\/wp\/v2\/types\/post"}],"author":[{"embeddable":true,"href":"https:\/\/agora.xtec.cat\/esccasablanca\/wp-json\/wp\/v2\/users\/1"}],"replies":[{"embeddable":true,"href":"https:\/\/agora.xtec.cat\/esccasablanca\/wp-json\/wp\/v2\/comments?post=1197"}],"version-history":[{"count":0,"href":"https:\/\/agora.xtec.cat\/esccasablanca\/wp-json\/wp\/v2\/posts\/1197\/revisions"}],"wp:attachment":[{"href":"https:\/\/agora.xtec.cat\/esccasablanca\/wp-json\/wp\/v2\/media?parent=1197"}],"wp:term":[{"taxonomy":"category","embeddable":true,"href":"https:\/\/agora.xtec.cat\/esccasablanca\/wp-json\/wp\/v2\/categories?post=1197"},{"taxonomy":"post_tag","embeddable":true,"href":"https:\/\/agora.xtec.cat\/esccasablanca\/wp-json\/wp\/v2\/tags?post=1197"}],"curies":[{"name":"wp","href":"https:\/\/api.w.org\/{rel}","templated":true}]}}