{"id":7,"count":7,"description":"<h2>Associaci\u00f3 de Fam\u00edlies d\u2019Alumnes (AFA)<\/h2>\r\n\u00c9s un dels mitjans de participaci\u00f3 i d'informaci\u00f3 sobre l'escola. Forma part del Consell Escolar i les seves opinions en ell s\u00f3n importants. Realitza activitats extraescolars, col\u00b7labora en la socialitzaci\u00f3 amb l'escola i gestiona el menjador i l'acollida matinal. La participaci\u00f3 en l'AFA \u00e9s una manera de contribuir a l\u2019educaci\u00f3 dels nostres fills.\r\nTotes les informacions relacionades amb l'AFA estaran penjades a la seva cartellera que d\u00f3na a la pla\u00e7a dels Gegants.","link":"https:\/\/agora.xtec.cat\/esccasablanca\/categoria\/afa\/","name":"AFA","slug":"afa","taxonomy":"category","parent":0,"meta":[],"_links":{"self":[{"href":"https:\/\/agora.xtec.cat\/esccasablanca\/wp-json\/wp\/v2\/categories\/7","targetHints":{"allow":["GET"]}}],"collection":[{"href":"https:\/\/agora.xtec.cat\/esccasablanca\/wp-json\/wp\/v2\/categories"}],"about":[{"href":"https:\/\/agora.xtec.cat\/esccasablanca\/wp-json\/wp\/v2\/taxonomies\/category"}],"wp:post_type":[{"href":"https:\/\/agora.xtec.cat\/esccasablanca\/wp-json\/wp\/v2\/posts?categories=7"}],"curies":[{"name":"wp","href":"https:\/\/api.w.org\/{rel}","templated":true}]}}