{"id":965,"date":"2017-04-04T11:02:49","date_gmt":"2017-04-04T09:02:49","guid":{"rendered":"http:\/\/agora.xtec.cat\/escbernarditolra\/?p=965"},"modified":"2017-04-03T19:28:40","modified_gmt":"2017-04-03T17:28:40","slug":"representacio-teatre-dels-alumnes-de-cicle-mitja","status":"publish","type":"post","link":"https:\/\/agora.xtec.cat\/escbernarditolra\/general\/representacio-teatre-dels-alumnes-de-cicle-mitja\/","title":{"rendered":"Representaci\u00f3 teatre dels alumnes de cicle mitj\u00e0"},"content":{"rendered":"<p>Durant m\u00e9s d&#8217;un trimestre, els alumnes de cicle mitj\u00e0 han preparat una obra de teatre: El pa\u00eds de les cent paraules de Marta Mata. El passat diumenge la van representar al Casal de Vila-rodona.<\/p>\n<p>Tot seguit mostrarem les imatges de l&#8217;obra.<\/p>\n<figure id=\"attachment_966\" aria-describedby=\"caption-attachment-966\" style=\"width: 300px\" class=\"wp-caption alignnone\"><a href=\"https:\/\/goo.gl\/photos\/AjSRYsvkeKdusxfT6\"><img loading=\"lazy\" decoding=\"async\" class=\"size-medium wp-image-966\" src=\"http:\/\/agora.xtec.cat\/escbernarditolra\/wp-content\/uploads\/usu1025\/2017\/04\/IMG_4739-300x200.jpg\" alt=\"Cliqueu sobre la imatge per veure m\u00e9s fotos. \" width=\"300\" height=\"200\" srcset=\"https:\/\/agora.xtec.cat\/escbernarditolra\/wp-content\/uploads\/usu1025\/2017\/04\/IMG_4739-300x200.jpg 300w, https:\/\/agora.xtec.cat\/escbernarditolra\/wp-content\/uploads\/usu1025\/2017\/04\/IMG_4739-768x512.jpg 768w, https:\/\/agora.xtec.cat\/escbernarditolra\/wp-content\/uploads\/usu1025\/2017\/04\/IMG_4739-1024x683.jpg 1024w\" sizes=\"auto, (max-width: 300px) 100vw, 300px\" \/><\/a><figcaption id=\"caption-attachment-966\" class=\"wp-caption-text\">Cliqueu sobre la imatge per veure m\u00e9s fotos.<\/figcaption><\/figure>\n<p>&nbsp;<\/p>\n<p>Moltes gr\u00e0cies per la vostra col\u00b7laboraci\u00f3!<\/p>\n","protected":false},"excerpt":{"rendered":"<p>Durant m\u00e9s d&#8217;un trimestre, els alumnes de cicle mitj\u00e0 han preparat una obra de teatre: El pa\u00eds de les cent paraules de Marta Mata. El passat diumenge la van representar al Casal de Vila-rodona. Tot seguit mostrarem les imatges de l&#8217;obra. &nbsp; Moltes gr\u00e0cies per la vostra col\u00b7laboraci\u00f3!<\/p>\n","protected":false},"author":1,"featured_media":0,"comment_status":"open","ping_status":"open","sticky":false,"template":"","format":"standard","meta":{"_bbp_topic_count":0,"_bbp_reply_count":0,"_bbp_total_topic_count":0,"_bbp_total_reply_count":0,"_bbp_voice_count":0,"_bbp_anonymous_reply_count":0,"_bbp_topic_count_hidden":0,"_bbp_reply_count_hidden":0,"_bbp_forum_subforum_count":0,"site-sidebar-layout":"default","site-content-layout":"","ast-site-content-layout":"","site-content-style":"default","site-sidebar-style":"default","ast-global-header-display":"","ast-banner-title-visibility":"","ast-main-header-display":"","ast-hfb-above-header-display":"","ast-hfb-below-header-display":"","ast-hfb-mobile-header-display":"","site-post-title":"","ast-breadcrumbs-content":"","ast-featured-img":"","footer-sml-layout":"","theme-transparent-header-meta":"","adv-header-id-meta":"","stick-header-meta":"","header-above-stick-meta":"","header-main-stick-meta":"","header-below-stick-meta":"","astra-migrate-meta-layouts":"default","ast-page-background-enabled":"default","ast-page-background-meta":{"desktop":{"background-color":"var(--ast-global-color-4)","background-image":"","background-repeat":"repeat","background-position":"center center","background-size":"auto","background-attachment":"scroll","background-type":"","background-media":"","overlay-type":"","overlay-color":"","overlay-opacity":"","overlay-gradient":""},"tablet":{"background-color":"","background-image":"","background-repeat":"repeat","background-position":"center center","background-size":"auto","background-attachment":"scroll","background-type":"","background-media":"","overlay-type":"","overlay-color":"","overlay-opacity":"","overlay-gradient":""},"mobile":{"background-color":"","background-image":"","background-repeat":"repeat","background-position":"center center","background-size":"auto","background-attachment":"scroll","background-type":"","background-media":"","overlay-type":"","overlay-color":"","overlay-opacity":"","overlay-gradient":""}},"ast-content-background-meta":{"desktop":{"background-color":"var(--ast-global-color-5)","background-image":"","background-repeat":"repeat","background-position":"center center","background-size":"auto","background-attachment":"scroll","background-type":"","background-media":"","overlay-type":"","overlay-color":"","overlay-opacity":"","overlay-gradient":""},"tablet":{"background-color":"var(--ast-global-color-5)","background-image":"","background-repeat":"repeat","background-position":"center center","background-size":"auto","background-attachment":"scroll","background-type":"","background-media":"","overlay-type":"","overlay-color":"","overlay-opacity":"","overlay-gradient":""},"mobile":{"background-color":"var(--ast-global-color-5)","background-image":"","background-repeat":"repeat","background-position":"center center","background-size":"auto","background-attachment":"scroll","background-type":"","background-media":"","overlay-type":"","overlay-color":"","overlay-opacity":"","overlay-gradient":""}},"footnotes":""},"categories":[12,13,1,4,5],"tags":[139,138],"class_list":["post-965","post","type-post","status-publish","format-standard","hentry","category-3r","category-4t","category-general","category-portada","category-primaria","tag-el-pais-de-les-cent-paraules","tag-teatre"],"post_mailing_queue_ids":[],"_links":{"self":[{"href":"https:\/\/agora.xtec.cat\/escbernarditolra\/wp-json\/wp\/v2\/posts\/965","targetHints":{"allow":["GET"]}}],"collection":[{"href":"https:\/\/agora.xtec.cat\/escbernarditolra\/wp-json\/wp\/v2\/posts"}],"about":[{"href":"https:\/\/agora.xtec.cat\/escbernarditolra\/wp-json\/wp\/v2\/types\/post"}],"author":[{"embeddable":true,"href":"https:\/\/agora.xtec.cat\/escbernarditolra\/wp-json\/wp\/v2\/users\/1"}],"replies":[{"embeddable":true,"href":"https:\/\/agora.xtec.cat\/escbernarditolra\/wp-json\/wp\/v2\/comments?post=965"}],"version-history":[{"count":1,"href":"https:\/\/agora.xtec.cat\/escbernarditolra\/wp-json\/wp\/v2\/posts\/965\/revisions"}],"predecessor-version":[{"id":967,"href":"https:\/\/agora.xtec.cat\/escbernarditolra\/wp-json\/wp\/v2\/posts\/965\/revisions\/967"}],"wp:attachment":[{"href":"https:\/\/agora.xtec.cat\/escbernarditolra\/wp-json\/wp\/v2\/media?parent=965"}],"wp:term":[{"taxonomy":"category","embeddable":true,"href":"https:\/\/agora.xtec.cat\/escbernarditolra\/wp-json\/wp\/v2\/categories?post=965"},{"taxonomy":"post_tag","embeddable":true,"href":"https:\/\/agora.xtec.cat\/escbernarditolra\/wp-json\/wp\/v2\/tags?post=965"}],"curies":[{"name":"wp","href":"https:\/\/api.w.org\/{rel}","templated":true}]}}