{"id":798,"date":"2017-02-20T15:32:15","date_gmt":"2017-02-20T14:32:15","guid":{"rendered":"http:\/\/agora.xtec.cat\/escbernarditolra\/?p=798"},"modified":"2017-02-20T15:32:15","modified_gmt":"2017-02-20T14:32:15","slug":"recerkids","status":"publish","type":"post","link":"https:\/\/agora.xtec.cat\/escbernarditolra\/portada\/recerkids\/","title":{"rendered":"Recerkids"},"content":{"rendered":"<p>El passat dijous, els alumnes de 5\u00e8 i 6\u00e8 es van despla\u00e7ar fins a Barcelona a la facultat de Biologia per estar presents al I congr\u00e9s de recerca cient\u00edfica. Si voleu saber m\u00e9s sobre aquest programa podeu entrar <a href=\"http:\/\/www.recerkids.cat\/que-es\/\">aqu\u00ed<\/a>.<\/p>\n<p><img loading=\"lazy\" decoding=\"async\" class=\"alignnone size-large wp-image-799\" src=\"http:\/\/agora.xtec.cat\/escbernarditolra\/wp-content\/uploads\/usu1025\/2017\/02\/IMG_3138-1024x768.jpg\" alt=\"img_3138\" width=\"1024\" height=\"768\" srcset=\"https:\/\/agora.xtec.cat\/escbernarditolra\/wp-content\/uploads\/usu1025\/2017\/02\/IMG_3138-1024x768.jpg 1024w, https:\/\/agora.xtec.cat\/escbernarditolra\/wp-content\/uploads\/usu1025\/2017\/02\/IMG_3138-300x225.jpg 300w, https:\/\/agora.xtec.cat\/escbernarditolra\/wp-content\/uploads\/usu1025\/2017\/02\/IMG_3138-768x576.jpg 768w, https:\/\/agora.xtec.cat\/escbernarditolra\/wp-content\/uploads\/usu1025\/2017\/02\/IMG_3138-200x150.jpg 200w, https:\/\/agora.xtec.cat\/escbernarditolra\/wp-content\/uploads\/usu1025\/2017\/02\/IMG_3138.jpg 1288w\" sizes=\"auto, (max-width: 1024px) 100vw, 1024px\" \/> <img loading=\"lazy\" decoding=\"async\" class=\"alignnone size-large wp-image-800\" src=\"http:\/\/agora.xtec.cat\/escbernarditolra\/wp-content\/uploads\/usu1025\/2017\/02\/IMG_3144-1024x768.jpg\" alt=\"img_3144\" width=\"1024\" height=\"768\" srcset=\"https:\/\/agora.xtec.cat\/escbernarditolra\/wp-content\/uploads\/usu1025\/2017\/02\/IMG_3144-1024x768.jpg 1024w, https:\/\/agora.xtec.cat\/escbernarditolra\/wp-content\/uploads\/usu1025\/2017\/02\/IMG_3144-300x225.jpg 300w, https:\/\/agora.xtec.cat\/escbernarditolra\/wp-content\/uploads\/usu1025\/2017\/02\/IMG_3144-768x576.jpg 768w, https:\/\/agora.xtec.cat\/escbernarditolra\/wp-content\/uploads\/usu1025\/2017\/02\/IMG_3144-200x150.jpg 200w, https:\/\/agora.xtec.cat\/escbernarditolra\/wp-content\/uploads\/usu1025\/2017\/02\/IMG_3144.jpg 1288w\" sizes=\"auto, (max-width: 1024px) 100vw, 1024px\" \/><\/p>\n<p>&nbsp;<\/p>\n","protected":false},"excerpt":{"rendered":"<p>El passat dijous, els alumnes de 5\u00e8 i 6\u00e8 es van despla\u00e7ar fins a Barcelona a la facultat de Biologia per estar presents al I congr\u00e9s de recerca cient\u00edfica. Si voleu saber m\u00e9s sobre aquest programa podeu entrar aqu\u00ed. &nbsp;<\/p>\n","protected":false},"author":1,"featured_media":799,"comment_status":"open","ping_status":"open","sticky":false,"template":"","format":"standard","meta":{"_bbp_topic_count":0,"_bbp_reply_count":0,"_bbp_total_topic_count":0,"_bbp_total_reply_count":0,"_bbp_voice_count":0,"_bbp_anonymous_reply_count":0,"_bbp_topic_count_hidden":0,"_bbp_reply_count_hidden":0,"_bbp_forum_subforum_count":0,"site-sidebar-layout":"default","site-content-layout":"","ast-site-content-layout":"","site-content-style":"default","site-sidebar-style":"default","ast-global-header-display":"","ast-banner-title-visibility":"","ast-main-header-display":"","ast-hfb-above-header-display":"","ast-hfb-below-header-display":"","ast-hfb-mobile-header-display":"","site-post-title":"","ast-breadcrumbs-content":"","ast-featured-img":"","footer-sml-layout":"","theme-transparent-header-meta":"","adv-header-id-meta":"","stick-header-meta":"","header-above-stick-meta":"","header-main-stick-meta":"","header-below-stick-meta":"","astra-migrate-meta-layouts":"default","ast-page-background-enabled":"default","ast-page-background-meta":{"desktop":{"background-color":"var(--ast-global-color-4)","background-image":"","background-repeat":"repeat","background-position":"center center","background-size":"auto","background-attachment":"scroll","background-type":"","background-media":"","overlay-type":"","overlay-color":"","overlay-opacity":"","overlay-gradient":""},"tablet":{"background-color":"","background-image":"","background-repeat":"repeat","background-position":"center center","background-size":"auto","background-attachment":"scroll","background-type":"","background-media":"","overlay-type":"","overlay-color":"","overlay-opacity":"","overlay-gradient":""},"mobile":{"background-color":"","background-image":"","background-repeat":"repeat","background-position":"center center","background-size":"auto","background-attachment":"scroll","background-type":"","background-media":"","overlay-type":"","overlay-color":"","overlay-opacity":"","overlay-gradient":""}},"ast-content-background-meta":{"desktop":{"background-color":"var(--ast-global-color-5)","background-image":"","background-repeat":"repeat","background-position":"center center","background-size":"auto","background-attachment":"scroll","background-type":"","background-media":"","overlay-type":"","overlay-color":"","overlay-opacity":"","overlay-gradient":""},"tablet":{"background-color":"var(--ast-global-color-5)","background-image":"","background-repeat":"repeat","background-position":"center center","background-size":"auto","background-attachment":"scroll","background-type":"","background-media":"","overlay-type":"","overlay-color":"","overlay-opacity":"","overlay-gradient":""},"mobile":{"background-color":"var(--ast-global-color-5)","background-image":"","background-repeat":"repeat","background-position":"center center","background-size":"auto","background-attachment":"scroll","background-type":"","background-media":"","overlay-type":"","overlay-color":"","overlay-opacity":"","overlay-gradient":""}},"footnotes":""},"categories":[14,15,38,4],"tags":[112],"class_list":["post-798","post","type-post","status-publish","format-standard","has-post-thumbnail","hentry","category-5e","category-6e","category-verda","category-portada","tag-recerkids"],"post_mailing_queue_ids":[],"_links":{"self":[{"href":"https:\/\/agora.xtec.cat\/escbernarditolra\/wp-json\/wp\/v2\/posts\/798","targetHints":{"allow":["GET"]}}],"collection":[{"href":"https:\/\/agora.xtec.cat\/escbernarditolra\/wp-json\/wp\/v2\/posts"}],"about":[{"href":"https:\/\/agora.xtec.cat\/escbernarditolra\/wp-json\/wp\/v2\/types\/post"}],"author":[{"embeddable":true,"href":"https:\/\/agora.xtec.cat\/escbernarditolra\/wp-json\/wp\/v2\/users\/1"}],"replies":[{"embeddable":true,"href":"https:\/\/agora.xtec.cat\/escbernarditolra\/wp-json\/wp\/v2\/comments?post=798"}],"version-history":[{"count":1,"href":"https:\/\/agora.xtec.cat\/escbernarditolra\/wp-json\/wp\/v2\/posts\/798\/revisions"}],"predecessor-version":[{"id":803,"href":"https:\/\/agora.xtec.cat\/escbernarditolra\/wp-json\/wp\/v2\/posts\/798\/revisions\/803"}],"wp:featuredmedia":[{"embeddable":true,"href":"https:\/\/agora.xtec.cat\/escbernarditolra\/wp-json\/wp\/v2\/media\/799"}],"wp:attachment":[{"href":"https:\/\/agora.xtec.cat\/escbernarditolra\/wp-json\/wp\/v2\/media?parent=798"}],"wp:term":[{"taxonomy":"category","embeddable":true,"href":"https:\/\/agora.xtec.cat\/escbernarditolra\/wp-json\/wp\/v2\/categories?post=798"},{"taxonomy":"post_tag","embeddable":true,"href":"https:\/\/agora.xtec.cat\/escbernarditolra\/wp-json\/wp\/v2\/tags?post=798"}],"curies":[{"name":"wp","href":"https:\/\/api.w.org\/{rel}","templated":true}]}}