{"id":3363,"date":"2025-04-30T13:54:30","date_gmt":"2025-04-30T11:54:30","guid":{"rendered":"https:\/\/agora.xtec.cat\/escbernarditolra\/?p=3363"},"modified":"2025-04-30T13:54:30","modified_gmt":"2025-04-30T11:54:30","slug":"resum-mes-dabril","status":"publish","type":"post","link":"https:\/\/agora.xtec.cat\/escbernarditolra\/infantil\/resum-mes-dabril\/","title":{"rendered":"Resum mes d&#8217;abril"},"content":{"rendered":"<p>Aquest mes d&#8217;abril ha estat marcat per les col\u00f2nies de l&#8217;alumnat d&#8217;educaci\u00f3 infantil i cicle inicial a la casa de col\u00f2nies de Les Piles.<\/p>\n<p><img decoding=\"async\" class=\"alignnone size-full wp-image-3364\" src=\"https:\/\/agora.xtec.cat\/escbernarditolra\/wp-content\/uploads\/usu1025\/2025\/04\/IMG_8567.heic\" alt=\"\" \/><img decoding=\"async\" class=\"alignnone size-full wp-image-3364\" src=\"https:\/\/agora.xtec.cat\/escbernarditolra\/wp-content\/uploads\/usu1025\/2025\/04\/IMG_8567.heic\" alt=\"\" \/><img loading=\"lazy\" decoding=\"async\" class=\"alignnone size-full wp-image-3366\" src=\"https:\/\/agora.xtec.cat\/escbernarditolra\/wp-content\/uploads\/usu1025\/2025\/04\/Captura-de-pantalla-2025-04-30-133848.png\" alt=\"\" width=\"872\" height=\"616\" srcset=\"https:\/\/agora.xtec.cat\/escbernarditolra\/wp-content\/uploads\/usu1025\/2025\/04\/Captura-de-pantalla-2025-04-30-133848.png 872w, https:\/\/agora.xtec.cat\/escbernarditolra\/wp-content\/uploads\/usu1025\/2025\/04\/Captura-de-pantalla-2025-04-30-133848-300x212.png 300w, https:\/\/agora.xtec.cat\/escbernarditolra\/wp-content\/uploads\/usu1025\/2025\/04\/Captura-de-pantalla-2025-04-30-133848-768x543.png 768w\" sizes=\"auto, (max-width: 872px) 100vw, 872px\" \/><\/p>\n<p>&nbsp;<\/p>\n<p>Tamb\u00e9 vam elaborar les mones abans d&#8217;anar de vacances de Setmana Santa.<\/p>\n<p><img loading=\"lazy\" decoding=\"async\" class=\"alignnone size-full wp-image-3367\" src=\"https:\/\/agora.xtec.cat\/escbernarditolra\/wp-content\/uploads\/usu1025\/2025\/04\/Captura-de-pantalla-2025-04-30-134007.png\" alt=\"\" width=\"429\" height=\"565\" srcset=\"https:\/\/agora.xtec.cat\/escbernarditolra\/wp-content\/uploads\/usu1025\/2025\/04\/Captura-de-pantalla-2025-04-30-134007.png 429w, https:\/\/agora.xtec.cat\/escbernarditolra\/wp-content\/uploads\/usu1025\/2025\/04\/Captura-de-pantalla-2025-04-30-134007-228x300.png 228w\" sizes=\"auto, (max-width: 429px) 100vw, 429px\" \/><\/p>\n<p>&nbsp;<\/p>\n<p>Pel que fa a l&#8217;AMPA va organitzar el Cros a Vila-rodona el 6 d&#8217;abril.<\/p>\n<p><img loading=\"lazy\" decoding=\"async\" class=\"alignnone  wp-image-3376\" src=\"https:\/\/agora.xtec.cat\/escbernarditolra\/wp-content\/uploads\/usu1025\/2025\/04\/Imatge-de-WhatsApp-2025-04-30-a-les-13.42.10_60df461f-1024x1007.jpg\" alt=\"\" width=\"405\" height=\"399\" srcset=\"https:\/\/agora.xtec.cat\/escbernarditolra\/wp-content\/uploads\/usu1025\/2025\/04\/Imatge-de-WhatsApp-2025-04-30-a-les-13.42.10_60df461f-1024x1007.jpg 1024w, https:\/\/agora.xtec.cat\/escbernarditolra\/wp-content\/uploads\/usu1025\/2025\/04\/Imatge-de-WhatsApp-2025-04-30-a-les-13.42.10_60df461f-300x295.jpg 300w, https:\/\/agora.xtec.cat\/escbernarditolra\/wp-content\/uploads\/usu1025\/2025\/04\/Imatge-de-WhatsApp-2025-04-30-a-les-13.42.10_60df461f-768x755.jpg 768w, https:\/\/agora.xtec.cat\/escbernarditolra\/wp-content\/uploads\/usu1025\/2025\/04\/Imatge-de-WhatsApp-2025-04-30-a-les-13.42.10_60df461f.jpg 1206w\" sizes=\"auto, (max-width: 405px) 100vw, 405px\" \/><\/p>\n<p>Vam comen\u00e7ar l&#8217;\u00faltim trimestre amb la participaci\u00f3 de l&#8217;escriptora Eul\u00e0lia canals amb l&#8217;alumnat de Cicle Mitj\u00e0.<\/p>\n<p><img loading=\"lazy\" decoding=\"async\" class=\"alignnone  wp-image-3369\" src=\"https:\/\/agora.xtec.cat\/escbernarditolra\/wp-content\/uploads\/usu1025\/2025\/04\/Imatge-de-WhatsApp-2025-04-30-a-les-13.45.03_701df360-964x1024.jpg\" alt=\"\" width=\"433\" height=\"460\" srcset=\"https:\/\/agora.xtec.cat\/escbernarditolra\/wp-content\/uploads\/usu1025\/2025\/04\/Imatge-de-WhatsApp-2025-04-30-a-les-13.45.03_701df360-964x1024.jpg 964w, https:\/\/agora.xtec.cat\/escbernarditolra\/wp-content\/uploads\/usu1025\/2025\/04\/Imatge-de-WhatsApp-2025-04-30-a-les-13.45.03_701df360-282x300.jpg 282w, https:\/\/agora.xtec.cat\/escbernarditolra\/wp-content\/uploads\/usu1025\/2025\/04\/Imatge-de-WhatsApp-2025-04-30-a-les-13.45.03_701df360-768x816.jpg 768w, https:\/\/agora.xtec.cat\/escbernarditolra\/wp-content\/uploads\/usu1025\/2025\/04\/Imatge-de-WhatsApp-2025-04-30-a-les-13.45.03_701df360.jpg 1124w\" sizes=\"auto, (max-width: 433px) 100vw, 433px\" \/><\/p>\n<p>L&#8217;Ada Jim\u00e9nez, va dur a terme una activitat molt bonica a partir del seu llibre amb l&#8217;alumnat d&#8217;Educaci\u00f3 Infantil.<\/p>\n<p><img loading=\"lazy\" decoding=\"async\" class=\"alignnone  wp-image-3368\" src=\"https:\/\/agora.xtec.cat\/escbernarditolra\/wp-content\/uploads\/usu1025\/2025\/04\/Imatge-de-WhatsApp-2025-04-30-a-les-13.45.03_3f401a99-1024x985.jpg\" alt=\"\" width=\"418\" height=\"402\" srcset=\"https:\/\/agora.xtec.cat\/escbernarditolra\/wp-content\/uploads\/usu1025\/2025\/04\/Imatge-de-WhatsApp-2025-04-30-a-les-13.45.03_3f401a99-1024x985.jpg 1024w, https:\/\/agora.xtec.cat\/escbernarditolra\/wp-content\/uploads\/usu1025\/2025\/04\/Imatge-de-WhatsApp-2025-04-30-a-les-13.45.03_3f401a99-300x289.jpg 300w, https:\/\/agora.xtec.cat\/escbernarditolra\/wp-content\/uploads\/usu1025\/2025\/04\/Imatge-de-WhatsApp-2025-04-30-a-les-13.45.03_3f401a99-768x739.jpg 768w, https:\/\/agora.xtec.cat\/escbernarditolra\/wp-content\/uploads\/usu1025\/2025\/04\/Imatge-de-WhatsApp-2025-04-30-a-les-13.45.03_3f401a99.jpg 1206w\" sizes=\"auto, (max-width: 418px) 100vw, 418px\" \/><\/p>\n<p>L&#8217;alumnat de prim\u00e0ria va celebrar el dia mundial de l&#8217;activitat f\u00edsica amb la col\u00b7laboraci\u00f3 del CAP de Vila-rodona.<\/p>\n<p><img loading=\"lazy\" decoding=\"async\" class=\"alignnone  wp-image-3375\" src=\"https:\/\/agora.xtec.cat\/escbernarditolra\/wp-content\/uploads\/usu1025\/2025\/04\/Imatge-de-WhatsApp-2025-04-30-a-les-13.45.03_d8d30ad1-1024x1021.jpg\" alt=\"\" width=\"435\" height=\"434\" srcset=\"https:\/\/agora.xtec.cat\/escbernarditolra\/wp-content\/uploads\/usu1025\/2025\/04\/Imatge-de-WhatsApp-2025-04-30-a-les-13.45.03_d8d30ad1-1024x1021.jpg 1024w, https:\/\/agora.xtec.cat\/escbernarditolra\/wp-content\/uploads\/usu1025\/2025\/04\/Imatge-de-WhatsApp-2025-04-30-a-les-13.45.03_d8d30ad1-300x300.jpg 300w, https:\/\/agora.xtec.cat\/escbernarditolra\/wp-content\/uploads\/usu1025\/2025\/04\/Imatge-de-WhatsApp-2025-04-30-a-les-13.45.03_d8d30ad1-150x150.jpg 150w, https:\/\/agora.xtec.cat\/escbernarditolra\/wp-content\/uploads\/usu1025\/2025\/04\/Imatge-de-WhatsApp-2025-04-30-a-les-13.45.03_d8d30ad1-768x765.jpg 768w, https:\/\/agora.xtec.cat\/escbernarditolra\/wp-content\/uploads\/usu1025\/2025\/04\/Imatge-de-WhatsApp-2025-04-30-a-les-13.45.03_d8d30ad1.jpg 1206w\" sizes=\"auto, (max-width: 435px) 100vw, 435px\" \/><\/p>\n<p>L&#8217;alumnat de 6\u00e8 va realitzar el cens de peixos i fauna del riu Gai\u00e0 amb la col\u00b7laboraci\u00f3 de l&#8217;Associaci\u00f3 Mediambiental la S\u00ednia.<\/p>\n<p><img loading=\"lazy\" decoding=\"async\" class=\"alignnone  wp-image-3370\" src=\"https:\/\/agora.xtec.cat\/escbernarditolra\/wp-content\/uploads\/usu1025\/2025\/04\/Imatge-de-WhatsApp-2025-04-30-a-les-13.45.04_7a296277-864x1024.jpg\" alt=\"\" width=\"422\" height=\"501\" srcset=\"https:\/\/agora.xtec.cat\/escbernarditolra\/wp-content\/uploads\/usu1025\/2025\/04\/Imatge-de-WhatsApp-2025-04-30-a-les-13.45.04_7a296277-864x1024.jpg 864w, https:\/\/agora.xtec.cat\/escbernarditolra\/wp-content\/uploads\/usu1025\/2025\/04\/Imatge-de-WhatsApp-2025-04-30-a-les-13.45.04_7a296277-253x300.jpg 253w, https:\/\/agora.xtec.cat\/escbernarditolra\/wp-content\/uploads\/usu1025\/2025\/04\/Imatge-de-WhatsApp-2025-04-30-a-les-13.45.04_7a296277-768x911.jpg 768w, https:\/\/agora.xtec.cat\/escbernarditolra\/wp-content\/uploads\/usu1025\/2025\/04\/Imatge-de-WhatsApp-2025-04-30-a-les-13.45.04_7a296277.jpg 1206w\" sizes=\"auto, (max-width: 422px) 100vw, 422px\" \/><\/p>\n<p>L&#8217;alumnat de 4t, va executar l&#8217;activitat de guardians energ\u00e8tics.<\/p>\n<p><img loading=\"lazy\" decoding=\"async\" class=\"alignnone  wp-image-3373\" src=\"https:\/\/agora.xtec.cat\/escbernarditolra\/wp-content\/uploads\/usu1025\/2025\/04\/Imatge-de-WhatsApp-2025-04-30-a-les-13.45.04_d144843d-1024x986.jpg\" alt=\"\" width=\"376\" height=\"362\" srcset=\"https:\/\/agora.xtec.cat\/escbernarditolra\/wp-content\/uploads\/usu1025\/2025\/04\/Imatge-de-WhatsApp-2025-04-30-a-les-13.45.04_d144843d-1024x986.jpg 1024w, https:\/\/agora.xtec.cat\/escbernarditolra\/wp-content\/uploads\/usu1025\/2025\/04\/Imatge-de-WhatsApp-2025-04-30-a-les-13.45.04_d144843d-300x289.jpg 300w, https:\/\/agora.xtec.cat\/escbernarditolra\/wp-content\/uploads\/usu1025\/2025\/04\/Imatge-de-WhatsApp-2025-04-30-a-les-13.45.04_d144843d-768x739.jpg 768w, https:\/\/agora.xtec.cat\/escbernarditolra\/wp-content\/uploads\/usu1025\/2025\/04\/Imatge-de-WhatsApp-2025-04-30-a-les-13.45.04_d144843d.jpg 1172w\" sizes=\"auto, (max-width: 376px) 100vw, 376px\" \/><\/p>\n","protected":false},"excerpt":{"rendered":"<p>Aquest mes d&#8217;abril ha estat marcat per les col\u00f2nies de l&#8217;alumnat d&#8217;educaci\u00f3 infantil i cicle inicial a la casa de col\u00f2nies de Les Piles. &nbsp; Tamb\u00e9 vam elaborar les mones abans d&#8217;anar de vacances de Setmana Santa. &nbsp; Pel que fa a l&#8217;AMPA va organitzar el Cros a Vila-rodona el 6 d&#8217;abril. Vam comen\u00e7ar l&#8217;\u00faltim [&hellip;]<\/p>\n","protected":false},"author":1,"featured_media":0,"comment_status":"open","ping_status":"closed","sticky":false,"template":"","format":"standard","meta":{"_bbp_topic_count":0,"_bbp_reply_count":0,"_bbp_total_topic_count":0,"_bbp_total_reply_count":0,"_bbp_voice_count":0,"_bbp_anonymous_reply_count":0,"_bbp_topic_count_hidden":0,"_bbp_reply_count_hidden":0,"_bbp_forum_subforum_count":0,"site-sidebar-layout":"default","site-content-layout":"","ast-site-content-layout":"","site-content-style":"default","site-sidebar-style":"default","ast-global-header-display":"","ast-banner-title-visibility":"","ast-main-header-display":"","ast-hfb-above-header-display":"","ast-hfb-below-header-display":"","ast-hfb-mobile-header-display":"","site-post-title":"","ast-breadcrumbs-content":"","ast-featured-img":"","footer-sml-layout":"","theme-transparent-header-meta":"","adv-header-id-meta":"","stick-header-meta":"","header-above-stick-meta":"","header-main-stick-meta":"","header-below-stick-meta":"","astra-migrate-meta-layouts":"default","ast-page-background-enabled":"default","ast-page-background-meta":{"desktop":{"background-color":"var(--ast-global-color-4)","background-image":"","background-repeat":"repeat","background-position":"center center","background-size":"auto","background-attachment":"scroll","background-type":"","background-media":"","overlay-type":"","overlay-color":"","overlay-opacity":"","overlay-gradient":""},"tablet":{"background-color":"","background-image":"","background-repeat":"repeat","background-position":"center center","background-size":"auto","background-attachment":"scroll","background-type":"","background-media":"","overlay-type":"","overlay-color":"","overlay-opacity":"","overlay-gradient":""},"mobile":{"background-color":"","background-image":"","background-repeat":"repeat","background-position":"center center","background-size":"auto","background-attachment":"scroll","background-type":"","background-media":"","overlay-type":"","overlay-color":"","overlay-opacity":"","overlay-gradient":""}},"ast-content-background-meta":{"desktop":{"background-color":"var(--ast-global-color-5)","background-image":"","background-repeat":"repeat","background-position":"center center","background-size":"auto","background-attachment":"scroll","background-type":"","background-media":"","overlay-type":"","overlay-color":"","overlay-opacity":"","overlay-gradient":""},"tablet":{"background-color":"var(--ast-global-color-5)","background-image":"","background-repeat":"repeat","background-position":"center center","background-size":"auto","background-attachment":"scroll","background-type":"","background-media":"","overlay-type":"","overlay-color":"","overlay-opacity":"","overlay-gradient":""},"mobile":{"background-color":"var(--ast-global-color-5)","background-image":"","background-repeat":"repeat","background-position":"center center","background-size":"auto","background-attachment":"scroll","background-type":"","background-media":"","overlay-type":"","overlay-color":"","overlay-opacity":"","overlay-gradient":""}},"footnotes":""},"categories":[2,4,5],"tags":[613,612],"class_list":["post-3363","post","type-post","status-publish","format-standard","hentry","category-infantil","category-portada","category-primaria","tag-abril-2025","tag-activitats-abril"],"post_mailing_queue_ids":[],"_links":{"self":[{"href":"https:\/\/agora.xtec.cat\/escbernarditolra\/wp-json\/wp\/v2\/posts\/3363","targetHints":{"allow":["GET"]}}],"collection":[{"href":"https:\/\/agora.xtec.cat\/escbernarditolra\/wp-json\/wp\/v2\/posts"}],"about":[{"href":"https:\/\/agora.xtec.cat\/escbernarditolra\/wp-json\/wp\/v2\/types\/post"}],"author":[{"embeddable":true,"href":"https:\/\/agora.xtec.cat\/escbernarditolra\/wp-json\/wp\/v2\/users\/1"}],"replies":[{"embeddable":true,"href":"https:\/\/agora.xtec.cat\/escbernarditolra\/wp-json\/wp\/v2\/comments?post=3363"}],"version-history":[{"count":1,"href":"https:\/\/agora.xtec.cat\/escbernarditolra\/wp-json\/wp\/v2\/posts\/3363\/revisions"}],"predecessor-version":[{"id":3377,"href":"https:\/\/agora.xtec.cat\/escbernarditolra\/wp-json\/wp\/v2\/posts\/3363\/revisions\/3377"}],"wp:attachment":[{"href":"https:\/\/agora.xtec.cat\/escbernarditolra\/wp-json\/wp\/v2\/media?parent=3363"}],"wp:term":[{"taxonomy":"category","embeddable":true,"href":"https:\/\/agora.xtec.cat\/escbernarditolra\/wp-json\/wp\/v2\/categories?post=3363"},{"taxonomy":"post_tag","embeddable":true,"href":"https:\/\/agora.xtec.cat\/escbernarditolra\/wp-json\/wp\/v2\/tags?post=3363"}],"curies":[{"name":"wp","href":"https:\/\/api.w.org\/{rel}","templated":true}]}}