{"id":3359,"date":"2025-04-06T16:25:54","date_gmt":"2025-04-06T14:25:54","guid":{"rendered":"https:\/\/agora.xtec.cat\/escbernarditolra\/?p=3359"},"modified":"2025-04-06T16:31:34","modified_gmt":"2025-04-06T14:31:34","slug":"resum-mes-de-marc-2025","status":"publish","type":"post","link":"https:\/\/agora.xtec.cat\/escbernarditolra\/general\/resum-mes-de-marc-2025\/","title":{"rendered":"Resum mes de mar\u00e7 2025"},"content":{"rendered":"<p>Aquest mes de mar\u00e7 hem realitzat la <strong>jornada de portes obertes<\/strong>, on hem pogut mostrar les nostres instal\u00b7lacions, el nostre projecte educatiu i la gran diversitat d&#8217;activitats que oferim de forma vivencial i en directe durant la jornada lectiva dels alumnes, esperem que h\u00e0giu gaudit de l&#8217;experi\u00e8ncia que viuran els vostres fills i filles en el dia a dia a l&#8217;escola.<\/p>\n<p>Hem celebrat la <strong>XVIII Setmana Mediambiental<\/strong> plena d&#8217;activitats per a tots els cicles:<\/p>\n<p><img loading=\"lazy\" decoding=\"async\" class=\"alignnone size-large wp-image-3361\" src=\"https:\/\/agora.xtec.cat\/escbernarditolra\/wp-content\/uploads\/usu1025\/2025\/04\/set-medi-410x1024.jpg\" alt=\"\" width=\"410\" height=\"1024\" srcset=\"https:\/\/agora.xtec.cat\/escbernarditolra\/wp-content\/uploads\/usu1025\/2025\/04\/set-medi-410x1024.jpg 410w, https:\/\/agora.xtec.cat\/escbernarditolra\/wp-content\/uploads\/usu1025\/2025\/04\/set-medi-120x300.jpg 120w, https:\/\/agora.xtec.cat\/escbernarditolra\/wp-content\/uploads\/usu1025\/2025\/04\/set-medi.jpg 640w\" sizes=\"auto, (max-width: 410px) 100vw, 410px\" \/><\/p>\n<p>Durant aquesta setmana s&#8217;han pogut oferir una gran varietat de <strong>visites<\/strong>: agents rurals, mossos d&#8217;esquadra, avis i \u00e0vies d&#8217;alumnes per presentar i con\u00e8ixer la hist\u00f2ria d&#8217;algunes fonts del poble junt amb la import\u00e0ncia i el valor de l&#8217;aigua, etc. S&#8217;han realitzat tamb\u00e9 sortides per l&#8217;entorn proper i aprendre moltes m\u00e9s coses del nostre ecosistema.<\/p>\n<p>Ha sigut un honor poder rebre el<strong> F\u00f2rum d&#8217;Escoles Verdes a Vila-rodona<\/strong>, esdeveniment que ha reunit escoles i altres agents educatius per compartir iniciatives i experi\u00e8ncies en l&#8217;\u00e0mbit de la sostenibilitat i l&#8217;educaci\u00f3 ambiental. El projecte d&#8217;Escoles Verdes engloba centres educatius que treballen per sensibilitzar els alumnes sobre la cura del medi ambient, promovent pr\u00e0ctiques sostenibles i implicant a tota la comunitat educativa en la protecci\u00f3 del planeta. Aquest f\u00f2rum \u00e9s una oportunitat perqu\u00e8 les escoles puguin compartir les seves experi\u00e8ncies, aprendre les unes de les altres i posar en com\u00fa els seus \u00e8xits i reptes en la implementaci\u00f3 d&#8217;activitats verdes. Aix\u00ed, els participants han col\u00b7laborat per millorar les seves pr\u00e0ctiques educatives i avan\u00e7ar en el seu comprom\u00eds amb la sostenibilitat.<\/p>\n<p>Aquest mes de mar\u00e7 s&#8217;han realitzat activitats del projecte &#8220;<strong>Missi\u00f3 Alba<\/strong>&#8220;, amb l&#8217;objectiu de fomentar l&#8217;inter\u00e8s per les ci\u00e8ncies i la tecnologia on els alumnes experimenten i observen a partir de reptes proposats.<\/p>\n<p>Tamb\u00e9 s&#8217;han realitzat activitats de\u00a0 &#8220;<strong>Suport Vital B\u00e0sic<\/strong>&#8221; on els alumnes prenen consci\u00e8ncia de la import\u00e0ncia i protagonisme que ells poden arribar a tenir i perqu\u00e8 siguin capa\u00e7os de recon\u00e8ixer i actuar de manera efica\u00e7 davant d&#8217;una emerg\u00e8ncia sanit\u00e0ria &#8220;Tots podem ajudar a salvar una vida&#8221;.<\/p>\n<p>Hem participat un any m\u00e9s amb alumnes de CM i CS al <strong>XXI Certamen de lectura en veu alta<\/strong>, una gran experi\u00e8ncia i motivaci\u00f3 per fer-los agafar el gust a la lectura.<\/p>\n<p>&nbsp;<\/p>\n<p>&nbsp;<\/p>\n<p>&nbsp;<\/p>\n","protected":false},"excerpt":{"rendered":"<p>Aquest mes de mar\u00e7 hem realitzat la jornada de portes obertes, on hem pogut mostrar les nostres instal\u00b7lacions, el nostre projecte educatiu i la gran diversitat d&#8217;activitats que oferim de forma vivencial i en directe durant la jornada lectiva dels alumnes, esperem que h\u00e0giu gaudit de l&#8217;experi\u00e8ncia que viuran els vostres fills i filles en [&hellip;]<\/p>\n","protected":false},"author":1,"featured_media":0,"comment_status":"open","ping_status":"closed","sticky":false,"template":"","format":"standard","meta":{"_bbp_topic_count":0,"_bbp_reply_count":0,"_bbp_total_topic_count":0,"_bbp_total_reply_count":0,"_bbp_voice_count":0,"_bbp_anonymous_reply_count":0,"_bbp_topic_count_hidden":0,"_bbp_reply_count_hidden":0,"_bbp_forum_subforum_count":0,"site-sidebar-layout":"default","site-content-layout":"","ast-site-content-layout":"","site-content-style":"default","site-sidebar-style":"default","ast-global-header-display":"","ast-banner-title-visibility":"","ast-main-header-display":"","ast-hfb-above-header-display":"","ast-hfb-below-header-display":"","ast-hfb-mobile-header-display":"","site-post-title":"","ast-breadcrumbs-content":"","ast-featured-img":"","footer-sml-layout":"","theme-transparent-header-meta":"","adv-header-id-meta":"","stick-header-meta":"","header-above-stick-meta":"","header-main-stick-meta":"","header-below-stick-meta":"","astra-migrate-meta-layouts":"default","ast-page-background-enabled":"default","ast-page-background-meta":{"desktop":{"background-color":"var(--ast-global-color-4)","background-image":"","background-repeat":"repeat","background-position":"center center","background-size":"auto","background-attachment":"scroll","background-type":"","background-media":"","overlay-type":"","overlay-color":"","overlay-opacity":"","overlay-gradient":""},"tablet":{"background-color":"","background-image":"","background-repeat":"repeat","background-position":"center center","background-size":"auto","background-attachment":"scroll","background-type":"","background-media":"","overlay-type":"","overlay-color":"","overlay-opacity":"","overlay-gradient":""},"mobile":{"background-color":"","background-image":"","background-repeat":"repeat","background-position":"center center","background-size":"auto","background-attachment":"scroll","background-type":"","background-media":"","overlay-type":"","overlay-color":"","overlay-opacity":"","overlay-gradient":""}},"ast-content-background-meta":{"desktop":{"background-color":"var(--ast-global-color-5)","background-image":"","background-repeat":"repeat","background-position":"center center","background-size":"auto","background-attachment":"scroll","background-type":"","background-media":"","overlay-type":"","overlay-color":"","overlay-opacity":"","overlay-gradient":""},"tablet":{"background-color":"var(--ast-global-color-5)","background-image":"","background-repeat":"repeat","background-position":"center center","background-size":"auto","background-attachment":"scroll","background-type":"","background-media":"","overlay-type":"","overlay-color":"","overlay-opacity":"","overlay-gradient":""},"mobile":{"background-color":"var(--ast-global-color-5)","background-image":"","background-repeat":"repeat","background-position":"center center","background-size":"auto","background-attachment":"scroll","background-type":"","background-media":"","overlay-type":"","overlay-color":"","overlay-opacity":"","overlay-gradient":""}},"footnotes":""},"categories":[436,128,38,1,116,2,4,5],"tags":[455,611,458],"class_list":["post-3359","post","type-post","status-publish","format-standard","hentry","category-apadrinem-el-nostre-patrimoni","category-de-font-en-font","category-verda","category-general","category-ilec","category-infantil","category-portada","category-primaria","tag-educacio-infantil","tag-educacio-primaria","tag-escoles-verdes"],"post_mailing_queue_ids":[],"_links":{"self":[{"href":"https:\/\/agora.xtec.cat\/escbernarditolra\/wp-json\/wp\/v2\/posts\/3359","targetHints":{"allow":["GET"]}}],"collection":[{"href":"https:\/\/agora.xtec.cat\/escbernarditolra\/wp-json\/wp\/v2\/posts"}],"about":[{"href":"https:\/\/agora.xtec.cat\/escbernarditolra\/wp-json\/wp\/v2\/types\/post"}],"author":[{"embeddable":true,"href":"https:\/\/agora.xtec.cat\/escbernarditolra\/wp-json\/wp\/v2\/users\/1"}],"replies":[{"embeddable":true,"href":"https:\/\/agora.xtec.cat\/escbernarditolra\/wp-json\/wp\/v2\/comments?post=3359"}],"version-history":[{"count":1,"href":"https:\/\/agora.xtec.cat\/escbernarditolra\/wp-json\/wp\/v2\/posts\/3359\/revisions"}],"predecessor-version":[{"id":3362,"href":"https:\/\/agora.xtec.cat\/escbernarditolra\/wp-json\/wp\/v2\/posts\/3359\/revisions\/3362"}],"wp:attachment":[{"href":"https:\/\/agora.xtec.cat\/escbernarditolra\/wp-json\/wp\/v2\/media?parent=3359"}],"wp:term":[{"taxonomy":"category","embeddable":true,"href":"https:\/\/agora.xtec.cat\/escbernarditolra\/wp-json\/wp\/v2\/categories?post=3359"},{"taxonomy":"post_tag","embeddable":true,"href":"https:\/\/agora.xtec.cat\/escbernarditolra\/wp-json\/wp\/v2\/tags?post=3359"}],"curies":[{"name":"wp","href":"https:\/\/api.w.org\/{rel}","templated":true}]}}