{"id":3344,"date":"2025-03-01T15:48:09","date_gmt":"2025-03-01T14:48:09","guid":{"rendered":"https:\/\/agora.xtec.cat\/escbernarditolra\/?p=3344"},"modified":"2025-03-01T16:13:42","modified_gmt":"2025-03-01T15:13:42","slug":"resum-mes-de-gener-2025","status":"publish","type":"post","link":"https:\/\/agora.xtec.cat\/escbernarditolra\/general\/resum-mes-de-gener-2025\/","title":{"rendered":"Resum mes de GENER 2025"},"content":{"rendered":"<p>Durant aquest mes de gener els alumnes de 4t, 5\u00e8 i 6\u00e8 van anar a veure l&#8217;obra &#8220;Mar i Cel&#8221; a Bcn.<\/p>\n<p><img loading=\"lazy\" decoding=\"async\" class=\"alignnone size-full wp-image-3347\" src=\"https:\/\/agora.xtec.cat\/escbernarditolra\/wp-content\/uploads\/usu1025\/2025\/03\/marcel.jpg\" alt=\"\" width=\"712\" height=\"709\" srcset=\"https:\/\/agora.xtec.cat\/escbernarditolra\/wp-content\/uploads\/usu1025\/2025\/03\/marcel.jpg 712w, https:\/\/agora.xtec.cat\/escbernarditolra\/wp-content\/uploads\/usu1025\/2025\/03\/marcel-300x300.jpg 300w, https:\/\/agora.xtec.cat\/escbernarditolra\/wp-content\/uploads\/usu1025\/2025\/03\/marcel-150x150.jpg 150w\" sizes=\"auto, (max-width: 712px) 100vw, 712px\" \/><\/p>\n<p>Els alumnes de 6\u00e8 van realitzar un tast d&#8217;oli gr\u00e0cies a la col\u00b7laboraci\u00f3 &#8220;DO oli siurana&#8221;<\/p>\n<p><img loading=\"lazy\" decoding=\"async\" class=\"alignnone size-full wp-image-3348\" src=\"https:\/\/agora.xtec.cat\/escbernarditolra\/wp-content\/uploads\/usu1025\/2025\/03\/oli.jpg\" alt=\"\" width=\"750\" height=\"723\" srcset=\"https:\/\/agora.xtec.cat\/escbernarditolra\/wp-content\/uploads\/usu1025\/2025\/03\/oli.jpg 750w, https:\/\/agora.xtec.cat\/escbernarditolra\/wp-content\/uploads\/usu1025\/2025\/03\/oli-300x289.jpg 300w\" sizes=\"auto, (max-width: 750px) 100vw, 750px\" \/><\/p>\n<p>Els alumnes de <a href=\"https:\/\/www.instagram.com\/esc_bernarditolra\/p\/DExIK8bsRYN\/\">3r han pogut entrevistar a l&#8217;il\u00b7lustr\u00edssim Sr. Alcalde<\/a> de Vila-rodona i visitar-lo a l&#8217;Ajuntament per tal de con\u00e8ixer la seva feina.<img loading=\"lazy\" decoding=\"async\" class=\"alignnone size-full wp-image-3349\" src=\"https:\/\/agora.xtec.cat\/escbernarditolra\/wp-content\/uploads\/usu1025\/2025\/03\/alcalde.jpg\" alt=\"\" width=\"757\" height=\"750\" srcset=\"https:\/\/agora.xtec.cat\/escbernarditolra\/wp-content\/uploads\/usu1025\/2025\/03\/alcalde.jpg 757w, https:\/\/agora.xtec.cat\/escbernarditolra\/wp-content\/uploads\/usu1025\/2025\/03\/alcalde-300x297.jpg 300w, https:\/\/agora.xtec.cat\/escbernarditolra\/wp-content\/uploads\/usu1025\/2025\/03\/alcalde-150x150.jpg 150w\" sizes=\"auto, (max-width: 757px) 100vw, 757px\" \/><\/p>\n<p>Els alumnes de CS han pogut continuar descobrint coses del poble gr\u00e0cies a la visita i participaci\u00f3 d&#8217;un avi molt especial, en <a href=\"https:\/\/www.instagram.com\/esc_bernarditolra\/p\/DE2GGjMM3QH\/\">Josep Santesmases<\/a>.<\/p>\n<p><img loading=\"lazy\" decoding=\"async\" class=\"alignnone size-full wp-image-3350\" src=\"https:\/\/agora.xtec.cat\/escbernarditolra\/wp-content\/uploads\/usu1025\/2025\/03\/santes.jpg\" alt=\"\" width=\"751\" height=\"753\" srcset=\"https:\/\/agora.xtec.cat\/escbernarditolra\/wp-content\/uploads\/usu1025\/2025\/03\/santes.jpg 751w, https:\/\/agora.xtec.cat\/escbernarditolra\/wp-content\/uploads\/usu1025\/2025\/03\/santes-300x300.jpg 300w, https:\/\/agora.xtec.cat\/escbernarditolra\/wp-content\/uploads\/usu1025\/2025\/03\/santes-150x150.jpg 150w\" sizes=\"auto, (max-width: 751px) 100vw, 751px\" \/><\/p>\n<p>Tamb\u00e9 el doctor Joaquim Pallej\u00e0, una figura estimada i reconeguda per tot el poble, un cop m\u00e9s ens ha pogut continuar compartint la seva saviesa amb nosaltres a trav\u00e9s d&#8217;una xerrada enriquidora del passat i el present amb els alumnes de CS.<\/p>\n<p><img loading=\"lazy\" decoding=\"async\" class=\"alignnone size-full wp-image-3357\" src=\"https:\/\/agora.xtec.cat\/escbernarditolra\/wp-content\/uploads\/usu1025\/2025\/03\/palleja.jpg\" alt=\"\" width=\"754\" height=\"663\" srcset=\"https:\/\/agora.xtec.cat\/escbernarditolra\/wp-content\/uploads\/usu1025\/2025\/03\/palleja.jpg 754w, https:\/\/agora.xtec.cat\/escbernarditolra\/wp-content\/uploads\/usu1025\/2025\/03\/palleja-300x264.jpg 300w\" sizes=\"auto, (max-width: 754px) 100vw, 754px\" \/><\/p>\n<p>&nbsp;<\/p>\n","protected":false},"excerpt":{"rendered":"<p>Durant aquest mes de gener els alumnes de 4t, 5\u00e8 i 6\u00e8 van anar a veure l&#8217;obra &#8220;Mar i Cel&#8221; a Bcn. Els alumnes de 6\u00e8 van realitzar un tast d&#8217;oli gr\u00e0cies a la col\u00b7laboraci\u00f3 &#8220;DO oli siurana&#8221; Els alumnes de 3r han pogut entrevistar a l&#8217;il\u00b7lustr\u00edssim Sr. Alcalde de Vila-rodona i visitar-lo a l&#8217;Ajuntament [&hellip;]<\/p>\n","protected":false},"author":1,"featured_media":0,"comment_status":"open","ping_status":"closed","sticky":false,"template":"","format":"standard","meta":{"_bbp_topic_count":0,"_bbp_reply_count":0,"_bbp_total_topic_count":0,"_bbp_total_reply_count":0,"_bbp_voice_count":0,"_bbp_anonymous_reply_count":0,"_bbp_topic_count_hidden":0,"_bbp_reply_count_hidden":0,"_bbp_forum_subforum_count":0,"site-sidebar-layout":"default","site-content-layout":"","ast-site-content-layout":"","site-content-style":"default","site-sidebar-style":"default","ast-global-header-display":"","ast-banner-title-visibility":"","ast-main-header-display":"","ast-hfb-above-header-display":"","ast-hfb-below-header-display":"","ast-hfb-mobile-header-display":"","site-post-title":"","ast-breadcrumbs-content":"","ast-featured-img":"","footer-sml-layout":"","theme-transparent-header-meta":"","adv-header-id-meta":"","stick-header-meta":"","header-above-stick-meta":"","header-main-stick-meta":"","header-below-stick-meta":"","astra-migrate-meta-layouts":"default","ast-page-background-enabled":"default","ast-page-background-meta":{"desktop":{"background-color":"var(--ast-global-color-4)","background-image":"","background-repeat":"repeat","background-position":"center center","background-size":"auto","background-attachment":"scroll","background-type":"","background-media":"","overlay-type":"","overlay-color":"","overlay-opacity":"","overlay-gradient":""},"tablet":{"background-color":"","background-image":"","background-repeat":"repeat","background-position":"center center","background-size":"auto","background-attachment":"scroll","background-type":"","background-media":"","overlay-type":"","overlay-color":"","overlay-opacity":"","overlay-gradient":""},"mobile":{"background-color":"","background-image":"","background-repeat":"repeat","background-position":"center center","background-size":"auto","background-attachment":"scroll","background-type":"","background-media":"","overlay-type":"","overlay-color":"","overlay-opacity":"","overlay-gradient":""}},"ast-content-background-meta":{"desktop":{"background-color":"var(--ast-global-color-5)","background-image":"","background-repeat":"repeat","background-position":"center center","background-size":"auto","background-attachment":"scroll","background-type":"","background-media":"","overlay-type":"","overlay-color":"","overlay-opacity":"","overlay-gradient":""},"tablet":{"background-color":"var(--ast-global-color-5)","background-image":"","background-repeat":"repeat","background-position":"center center","background-size":"auto","background-attachment":"scroll","background-type":"","background-media":"","overlay-type":"","overlay-color":"","overlay-opacity":"","overlay-gradient":""},"mobile":{"background-color":"var(--ast-global-color-5)","background-image":"","background-repeat":"repeat","background-position":"center center","background-size":"auto","background-attachment":"scroll","background-type":"","background-media":"","overlay-type":"","overlay-color":"","overlay-opacity":"","overlay-gradient":""}},"footnotes":""},"categories":[12,14,15,1,4,5],"tags":[],"class_list":["post-3344","post","type-post","status-publish","format-standard","hentry","category-3r","category-5e","category-6e","category-general","category-portada","category-primaria"],"post_mailing_queue_ids":[],"_links":{"self":[{"href":"https:\/\/agora.xtec.cat\/escbernarditolra\/wp-json\/wp\/v2\/posts\/3344","targetHints":{"allow":["GET"]}}],"collection":[{"href":"https:\/\/agora.xtec.cat\/escbernarditolra\/wp-json\/wp\/v2\/posts"}],"about":[{"href":"https:\/\/agora.xtec.cat\/escbernarditolra\/wp-json\/wp\/v2\/types\/post"}],"author":[{"embeddable":true,"href":"https:\/\/agora.xtec.cat\/escbernarditolra\/wp-json\/wp\/v2\/users\/1"}],"replies":[{"embeddable":true,"href":"https:\/\/agora.xtec.cat\/escbernarditolra\/wp-json\/wp\/v2\/comments?post=3344"}],"version-history":[{"count":3,"href":"https:\/\/agora.xtec.cat\/escbernarditolra\/wp-json\/wp\/v2\/posts\/3344\/revisions"}],"predecessor-version":[{"id":3358,"href":"https:\/\/agora.xtec.cat\/escbernarditolra\/wp-json\/wp\/v2\/posts\/3344\/revisions\/3358"}],"wp:attachment":[{"href":"https:\/\/agora.xtec.cat\/escbernarditolra\/wp-json\/wp\/v2\/media?parent=3344"}],"wp:term":[{"taxonomy":"category","embeddable":true,"href":"https:\/\/agora.xtec.cat\/escbernarditolra\/wp-json\/wp\/v2\/categories?post=3344"},{"taxonomy":"post_tag","embeddable":true,"href":"https:\/\/agora.xtec.cat\/escbernarditolra\/wp-json\/wp\/v2\/tags?post=3344"}],"curies":[{"name":"wp","href":"https:\/\/api.w.org\/{rel}","templated":true}]}}