{"id":3339,"date":"2025-03-01T15:32:12","date_gmt":"2025-03-01T14:32:12","guid":{"rendered":"https:\/\/agora.xtec.cat\/escbernarditolra\/?p=3339"},"modified":"2025-03-01T15:35:48","modified_gmt":"2025-03-01T14:35:48","slug":"resum-mes-de-desembre-2024","status":"publish","type":"post","link":"https:\/\/agora.xtec.cat\/escbernarditolra\/infantil\/resum-mes-de-desembre-2024\/","title":{"rendered":"Resum mes de DESEMBRE 2024"},"content":{"rendered":"<p>Aquest mes de desembre hem pogut celebrar el festival de Nadal &#8220;Amb gust de Nadal&#8221; i aix\u00ed col\u00b7laborar i recaptar diners per La Marat\u00f3, gr\u00e0cies a les fam\u00edlies per la seva aportaci\u00f3.<\/p>\n<p><img loading=\"lazy\" decoding=\"async\" class=\"alignnone size-full wp-image-3340\" src=\"https:\/\/agora.xtec.cat\/escbernarditolra\/wp-content\/uploads\/usu1025\/2025\/03\/nadal.jpg\" alt=\"\" width=\"757\" height=\"756\" srcset=\"https:\/\/agora.xtec.cat\/escbernarditolra\/wp-content\/uploads\/usu1025\/2025\/03\/nadal.jpg 757w, https:\/\/agora.xtec.cat\/escbernarditolra\/wp-content\/uploads\/usu1025\/2025\/03\/nadal-300x300.jpg 300w, https:\/\/agora.xtec.cat\/escbernarditolra\/wp-content\/uploads\/usu1025\/2025\/03\/nadal-150x150.jpg 150w\" sizes=\"auto, (max-width: 757px) 100vw, 757px\" \/><\/p>\n<p>Tamb\u00e9 hem seguit realitzant el tradicional concurs de dibuix exposant els dibuixos al Casal de Vila-rodona, la tem\u00e0tica era &#8220;indrets del poble&#8221;.<\/p>\n<p><a href=\"https:\/\/www.instagram.com\/esc_bernarditolra\/p\/DDZ911DM40S\/\"><img loading=\"lazy\" decoding=\"async\" class=\"alignnone size-full wp-image-3341\" src=\"https:\/\/agora.xtec.cat\/escbernarditolra\/wp-content\/uploads\/usu1025\/2025\/03\/cdibuix.jpg\" alt=\"\" width=\"757\" height=\"759\" srcset=\"https:\/\/agora.xtec.cat\/escbernarditolra\/wp-content\/uploads\/usu1025\/2025\/03\/cdibuix.jpg 757w, https:\/\/agora.xtec.cat\/escbernarditolra\/wp-content\/uploads\/usu1025\/2025\/03\/cdibuix-300x300.jpg 300w, https:\/\/agora.xtec.cat\/escbernarditolra\/wp-content\/uploads\/usu1025\/2025\/03\/cdibuix-150x150.jpg 150w\" sizes=\"auto, (max-width: 757px) 100vw, 757px\" \/><\/a><\/p>\n<p>Tamb\u00e9 ens van arribar els tions a l&#8217;escola i els hem pogut fer cagar amb molta il\u00b7lusi\u00f3.<\/p>\n<p><img loading=\"lazy\" decoding=\"async\" class=\"alignnone size-full wp-image-3345\" src=\"https:\/\/agora.xtec.cat\/escbernarditolra\/wp-content\/uploads\/usu1025\/2025\/03\/tio.jpg\" alt=\"\" width=\"759\" height=\"757\" srcset=\"https:\/\/agora.xtec.cat\/escbernarditolra\/wp-content\/uploads\/usu1025\/2025\/03\/tio.jpg 759w, https:\/\/agora.xtec.cat\/escbernarditolra\/wp-content\/uploads\/usu1025\/2025\/03\/tio-300x300.jpg 300w, https:\/\/agora.xtec.cat\/escbernarditolra\/wp-content\/uploads\/usu1025\/2025\/03\/tio-150x150.jpg 150w\" sizes=\"auto, (max-width: 759px) 100vw, 759px\" \/><\/p>\n","protected":false},"excerpt":{"rendered":"<p>Aquest mes de desembre hem pogut celebrar el festival de Nadal &#8220;Amb gust de Nadal&#8221; i aix\u00ed col\u00b7laborar i recaptar diners per La Marat\u00f3, gr\u00e0cies a les fam\u00edlies per la seva aportaci\u00f3. Tamb\u00e9 hem seguit realitzant el tradicional concurs de dibuix exposant els dibuixos al Casal de Vila-rodona, la tem\u00e0tica era &#8220;indrets del poble&#8221;. Tamb\u00e9 [&hellip;]<\/p>\n","protected":false},"author":1,"featured_media":0,"comment_status":"open","ping_status":"closed","sticky":false,"template":"","format":"standard","meta":{"_bbp_topic_count":0,"_bbp_reply_count":0,"_bbp_total_topic_count":0,"_bbp_total_reply_count":0,"_bbp_voice_count":0,"_bbp_anonymous_reply_count":0,"_bbp_topic_count_hidden":0,"_bbp_reply_count_hidden":0,"_bbp_forum_subforum_count":0,"site-sidebar-layout":"default","site-content-layout":"","ast-site-content-layout":"","site-content-style":"default","site-sidebar-style":"default","ast-global-header-display":"","ast-banner-title-visibility":"","ast-main-header-display":"","ast-hfb-above-header-display":"","ast-hfb-below-header-display":"","ast-hfb-mobile-header-display":"","site-post-title":"","ast-breadcrumbs-content":"","ast-featured-img":"","footer-sml-layout":"","theme-transparent-header-meta":"","adv-header-id-meta":"","stick-header-meta":"","header-above-stick-meta":"","header-main-stick-meta":"","header-below-stick-meta":"","astra-migrate-meta-layouts":"default","ast-page-background-enabled":"default","ast-page-background-meta":{"desktop":{"background-color":"var(--ast-global-color-4)","background-image":"","background-repeat":"repeat","background-position":"center center","background-size":"auto","background-attachment":"scroll","background-type":"","background-media":"","overlay-type":"","overlay-color":"","overlay-opacity":"","overlay-gradient":""},"tablet":{"background-color":"","background-image":"","background-repeat":"repeat","background-position":"center center","background-size":"auto","background-attachment":"scroll","background-type":"","background-media":"","overlay-type":"","overlay-color":"","overlay-opacity":"","overlay-gradient":""},"mobile":{"background-color":"","background-image":"","background-repeat":"repeat","background-position":"center center","background-size":"auto","background-attachment":"scroll","background-type":"","background-media":"","overlay-type":"","overlay-color":"","overlay-opacity":"","overlay-gradient":""}},"ast-content-background-meta":{"desktop":{"background-color":"var(--ast-global-color-5)","background-image":"","background-repeat":"repeat","background-position":"center center","background-size":"auto","background-attachment":"scroll","background-type":"","background-media":"","overlay-type":"","overlay-color":"","overlay-opacity":"","overlay-gradient":""},"tablet":{"background-color":"var(--ast-global-color-5)","background-image":"","background-repeat":"repeat","background-position":"center center","background-size":"auto","background-attachment":"scroll","background-type":"","background-media":"","overlay-type":"","overlay-color":"","overlay-opacity":"","overlay-gradient":""},"mobile":{"background-color":"var(--ast-global-color-5)","background-image":"","background-repeat":"repeat","background-position":"center center","background-size":"auto","background-attachment":"scroll","background-type":"","background-media":"","overlay-type":"","overlay-color":"","overlay-opacity":"","overlay-gradient":""}},"footnotes":""},"categories":[7,436,2,4,5],"tags":[],"class_list":["post-3339","post","type-post","status-publish","format-standard","hentry","category-ampa","category-apadrinem-el-nostre-patrimoni","category-infantil","category-portada","category-primaria"],"post_mailing_queue_ids":[],"_links":{"self":[{"href":"https:\/\/agora.xtec.cat\/escbernarditolra\/wp-json\/wp\/v2\/posts\/3339","targetHints":{"allow":["GET"]}}],"collection":[{"href":"https:\/\/agora.xtec.cat\/escbernarditolra\/wp-json\/wp\/v2\/posts"}],"about":[{"href":"https:\/\/agora.xtec.cat\/escbernarditolra\/wp-json\/wp\/v2\/types\/post"}],"author":[{"embeddable":true,"href":"https:\/\/agora.xtec.cat\/escbernarditolra\/wp-json\/wp\/v2\/users\/1"}],"replies":[{"embeddable":true,"href":"https:\/\/agora.xtec.cat\/escbernarditolra\/wp-json\/wp\/v2\/comments?post=3339"}],"version-history":[{"count":3,"href":"https:\/\/agora.xtec.cat\/escbernarditolra\/wp-json\/wp\/v2\/posts\/3339\/revisions"}],"predecessor-version":[{"id":3346,"href":"https:\/\/agora.xtec.cat\/escbernarditolra\/wp-json\/wp\/v2\/posts\/3339\/revisions\/3346"}],"wp:attachment":[{"href":"https:\/\/agora.xtec.cat\/escbernarditolra\/wp-json\/wp\/v2\/media?parent=3339"}],"wp:term":[{"taxonomy":"category","embeddable":true,"href":"https:\/\/agora.xtec.cat\/escbernarditolra\/wp-json\/wp\/v2\/categories?post=3339"},{"taxonomy":"post_tag","embeddable":true,"href":"https:\/\/agora.xtec.cat\/escbernarditolra\/wp-json\/wp\/v2\/tags?post=3339"}],"curies":[{"name":"wp","href":"https:\/\/api.w.org\/{rel}","templated":true}]}}