{"id":3027,"date":"2021-08-27T12:26:42","date_gmt":"2021-08-27T10:26:42","guid":{"rendered":"https:\/\/agora.xtec.cat\/escbernarditolra\/?p=3027"},"modified":"2021-08-27T12:26:42","modified_gmt":"2021-08-27T10:26:42","slug":"escalfem-motors-curs-2021-22","status":"publish","type":"post","link":"https:\/\/agora.xtec.cat\/escbernarditolra\/infantil\/escalfem-motors-curs-2021-22\/","title":{"rendered":"Escalfem motors&#8230; curs 2021-22"},"content":{"rendered":"<p>Benvolgudes fam\u00edlies,<\/p>\n<div><\/div>\n<div>Estem a punt de comen\u00e7ar un nou curs escolar:<\/div>\n<div><\/div>\n<div>&#8211; Les classes s&#8217;iniciaran el proper 13 de setembre en horari de mat\u00ed i tarda.<\/div>\n<div>&#8211; L&#8217;horari ser\u00e0 per als alumnes d&#8217;educaci\u00f3 infantil de 9.00 a 12.30 i de 15.00 a 16.30, i per als alumnes d&#8217;educaci\u00f3 prim\u00e0ria de 08.55 a 12.25 i de 14.55 a 16.25.<\/div>\n<div>&#8211; Es mantindran les zones d&#8217;espera diferenciades per cicles fora de l&#8217;escola.<\/div>\n<div>&#8211; Tamb\u00e9 es mantindran els patis diferenciats per cicles.<\/div>\n<div>&#8211; Tots els alumnes han d&#8217;entrar i sortir del recinte escolar amb mascareta.<\/div>\n<div>&#8211; Els alumnes a partir de 6 anys han de portar mascareta durant tota la jornada escolar.<\/div>\n<div>&#8211; Es realitzar\u00e0 la reuni\u00f3 general d&#8217;inici de curs de forma telem\u00e0tica el proper 7 de setembre a les 21.30 (ja us farem arribar l&#8217;enlla\u00e7).<\/div>\n<div>&#8211; Durant els primers dies de setembre ja us seguirem informant.<\/div>\n<div><\/div>\n<div>\u00c9s un curs que continuar\u00e0 estant marcat per la situaci\u00f3 sanit\u00e0ria actual per\u00f2 l&#8217;encarem amb il\u00b7lusi\u00f3 i amb moltes ganes d&#8217;anar recuperant la normalitat desitjada.<\/div>\n","protected":false},"excerpt":{"rendered":"<p>Benvolgudes fam\u00edlies, Estem a punt de comen\u00e7ar un nou curs escolar: &#8211; Les classes s&#8217;iniciaran el proper 13 de setembre en horari de mat\u00ed i tarda. &#8211; L&#8217;horari ser\u00e0 per als alumnes d&#8217;educaci\u00f3 infantil de 9.00 a 12.30 i de 15.00 a 16.30, i per als alumnes d&#8217;educaci\u00f3 prim\u00e0ria de 08.55 a 12.25 i de [&hellip;]<\/p>\n","protected":false},"author":1,"featured_media":0,"comment_status":"open","ping_status":"closed","sticky":false,"template":"","format":"standard","meta":{"_bbp_topic_count":0,"_bbp_reply_count":0,"_bbp_total_topic_count":0,"_bbp_total_reply_count":0,"_bbp_voice_count":0,"_bbp_anonymous_reply_count":0,"_bbp_topic_count_hidden":0,"_bbp_reply_count_hidden":0,"_bbp_forum_subforum_count":0,"site-sidebar-layout":"default","site-content-layout":"","ast-site-content-layout":"","site-content-style":"default","site-sidebar-style":"default","ast-global-header-display":"","ast-banner-title-visibility":"","ast-main-header-display":"","ast-hfb-above-header-display":"","ast-hfb-below-header-display":"","ast-hfb-mobile-header-display":"","site-post-title":"","ast-breadcrumbs-content":"","ast-featured-img":"","footer-sml-layout":"","theme-transparent-header-meta":"","adv-header-id-meta":"","stick-header-meta":"","header-above-stick-meta":"","header-main-stick-meta":"","header-below-stick-meta":"","astra-migrate-meta-layouts":"default","ast-page-background-enabled":"default","ast-page-background-meta":{"desktop":{"background-color":"var(--ast-global-color-4)","background-image":"","background-repeat":"repeat","background-position":"center center","background-size":"auto","background-attachment":"scroll","background-type":"","background-media":"","overlay-type":"","overlay-color":"","overlay-opacity":"","overlay-gradient":""},"tablet":{"background-color":"","background-image":"","background-repeat":"repeat","background-position":"center center","background-size":"auto","background-attachment":"scroll","background-type":"","background-media":"","overlay-type":"","overlay-color":"","overlay-opacity":"","overlay-gradient":""},"mobile":{"background-color":"","background-image":"","background-repeat":"repeat","background-position":"center center","background-size":"auto","background-attachment":"scroll","background-type":"","background-media":"","overlay-type":"","overlay-color":"","overlay-opacity":"","overlay-gradient":""}},"ast-content-background-meta":{"desktop":{"background-color":"var(--ast-global-color-5)","background-image":"","background-repeat":"repeat","background-position":"center center","background-size":"auto","background-attachment":"scroll","background-type":"","background-media":"","overlay-type":"","overlay-color":"","overlay-opacity":"","overlay-gradient":""},"tablet":{"background-color":"var(--ast-global-color-5)","background-image":"","background-repeat":"repeat","background-position":"center center","background-size":"auto","background-attachment":"scroll","background-type":"","background-media":"","overlay-type":"","overlay-color":"","overlay-opacity":"","overlay-gradient":""},"mobile":{"background-color":"var(--ast-global-color-5)","background-image":"","background-repeat":"repeat","background-position":"center center","background-size":"auto","background-attachment":"scroll","background-type":"","background-media":"","overlay-type":"","overlay-color":"","overlay-opacity":"","overlay-gradient":""}},"footnotes":""},"categories":[2,3,8,9,4,5],"tags":[568,216],"class_list":["post-3027","post","type-post","status-publish","format-standard","hentry","category-infantil","category-p3","category-p4","category-p5","category-portada","category-primaria","tag-curs-2021-22","tag-nou-curs"],"post_mailing_queue_ids":[],"_links":{"self":[{"href":"https:\/\/agora.xtec.cat\/escbernarditolra\/wp-json\/wp\/v2\/posts\/3027","targetHints":{"allow":["GET"]}}],"collection":[{"href":"https:\/\/agora.xtec.cat\/escbernarditolra\/wp-json\/wp\/v2\/posts"}],"about":[{"href":"https:\/\/agora.xtec.cat\/escbernarditolra\/wp-json\/wp\/v2\/types\/post"}],"author":[{"embeddable":true,"href":"https:\/\/agora.xtec.cat\/escbernarditolra\/wp-json\/wp\/v2\/users\/1"}],"replies":[{"embeddable":true,"href":"https:\/\/agora.xtec.cat\/escbernarditolra\/wp-json\/wp\/v2\/comments?post=3027"}],"version-history":[{"count":1,"href":"https:\/\/agora.xtec.cat\/escbernarditolra\/wp-json\/wp\/v2\/posts\/3027\/revisions"}],"predecessor-version":[{"id":3028,"href":"https:\/\/agora.xtec.cat\/escbernarditolra\/wp-json\/wp\/v2\/posts\/3027\/revisions\/3028"}],"wp:attachment":[{"href":"https:\/\/agora.xtec.cat\/escbernarditolra\/wp-json\/wp\/v2\/media?parent=3027"}],"wp:term":[{"taxonomy":"category","embeddable":true,"href":"https:\/\/agora.xtec.cat\/escbernarditolra\/wp-json\/wp\/v2\/categories?post=3027"},{"taxonomy":"post_tag","embeddable":true,"href":"https:\/\/agora.xtec.cat\/escbernarditolra\/wp-json\/wp\/v2\/tags?post=3027"}],"curies":[{"name":"wp","href":"https:\/\/api.w.org\/{rel}","templated":true}]}}