{"id":2672,"date":"2020-07-13T10:52:26","date_gmt":"2020-07-13T08:52:26","guid":{"rendered":"http:\/\/agora.xtec.cat\/escbernarditolra\/?p=2672"},"modified":"2020-07-13T10:52:26","modified_gmt":"2020-07-13T08:52:26","slug":"ajuts-menjador","status":"publish","type":"post","link":"https:\/\/agora.xtec.cat\/escbernarditolra\/general\/ajuts-menjador\/","title":{"rendered":"Ajuts menjador"},"content":{"rendered":"<div><i>A partir del dia 6 de juliol de 2020 les fam\u00edlies trobaran els formularis per a la tramitaci\u00f3 dels ajuts de menjador a la Seu Electr\u00f2nica del Consell Comarcal \u00a0(<a href=\"http:\/\/www.altcamp.cat\/\" target=\"_blank\" rel=\"noopener noreferrer\" data-saferedirecturl=\"https:\/\/www.google.com\/url?q=http:\/\/www.altcamp.cat\/&amp;source=gmail&amp;ust=1594716619278000&amp;usg=AFQjCNF2zGRVT0oCGKR6_e1GhusVMeG1ZA\">www.altcamp.cat<\/a>)<\/i><\/div>\n<div><i>\u00a0<\/i><\/div>\n<div><i>Aix\u00ed mateix, us relacionem els documents adjunts i que estaran a disposici\u00f3 de les persones interessades a la Seu electr\u00f2nica:<\/i><\/div>\n<div><i>\u00a0<\/i><\/div>\n<div><i>\u00a0&#8211; Full informatiu dels ajuts de menjador escolar curs 20-21.<\/i><\/div>\n<div><i>\u00a0<\/i><\/div>\n<div><i>\u00a0&#8211; Full informatiu tramitaci\u00f3 telem\u00e0tica de la sol\u00b7licitud d&#8217;ajuts de menjador.<\/i><\/div>\n<div><i>\u00a0<\/i><\/div>\n<div><i>&#8211;\u00a0Sol\u00b7licitud Abreujada d&#8217;ajut individual de menjador (model formulari 1).<\/i><\/div>\n<div><i>\u00a0<\/i><\/div>\n<div><i>&#8211;\u00a0Sol\u00b7licitud Ordin\u00e0ria d&#8217;ajut individual de menjador (model formulari 2).<\/i><\/div>\n<div><i>\u00a0<\/i><\/div>\n<div><i>&#8211;\u00a0Declaraci\u00f3 responsable_volant de conviv\u00e8ncia.<\/i><\/div>\n<div><i>\u00a0<\/i><\/div>\n<div><i>\u00a0<\/i><\/div>\n<div><i>El termini de la \u00a0presentaci\u00f3 \u00a0de les sol\u00b7licituds \u00e9s del 13 al 31 de juliol de 2020 (la data ha estat condicionada al tr\u00e0mit d&#8217;informaci\u00f3 p\u00fablica al DOGC).\u00a0<\/i><\/div>\n<div><i>\u00a0<\/i><\/div>\n<div>\n<p align=\"justify\"><i><span style=\"color: #000000;\"><span style=\"font-family: Verdana, sans-serif;\"><span>La tramitaci<\/span><\/span><\/span><span style=\"font-family: Verdana, sans-serif;\"><span>\u00f3 de les sol\u00b7licituds dels ajuts de menjador ha de realitzar-se, preferentment,<\/span><\/span><span style=\"font-family: Verdana, sans-serif;\"><span>\u00a0de\u00a0<\/span><\/span><span style=\"font-family: Verdana, sans-serif;\"><span>manera telem\u00e0tica a la seu electr\u00f2nica del Consell Comarcal (<a href=\"http:\/\/www.altcamp.cat\/\" target=\"_blank\" rel=\"noopener noreferrer\" data-saferedirecturl=\"https:\/\/www.google.com\/url?q=http:\/\/www.altcamp.cat\/&amp;source=gmail&amp;ust=1594716619278000&amp;usg=AFQjCNF2zGRVT0oCGKR6_e1GhusVMeG1ZA\">www.altcamp.cat<\/a>). \u00a0\u00a0<\/span><\/span><\/i><\/p>\n<p align=\"justify\"><i>Les fam\u00edlies disposaran d\u2019una assist\u00e8ncia telef\u00f2nica per poder fer aquelles consultes necess\u00e0ries sobre el tr\u00e0mit de presentaci\u00f3 de les sol\u00b7licituds.<\/i><\/p>\n<p align=\"justify\"><i><span style=\"font-family: Verdana, sans-serif;\"><span>Excepcionalment, per tal de donar un servei de suport i atenci\u00f3 a les fam\u00edlies que no disposin de mitjans telem\u00e0tics, de connexi\u00f3 a internet o altres impediments, es far\u00e0 la tramitaci\u00f3 de forma presencial amb cita pr\u00e8via.\u00a0<\/span><\/span><span style=\"color: #000000;\"><span style=\"font-family: Verdana, sans-serif;\"><span>La poden demanar\u00a0<\/span><\/span><\/span><span style=\"color: #000000;\"><span style=\"font-family: Verdana, sans-serif;\"><span>al Consell Comarcal de l\u2019Alt Camp, a partir del dia 6 de juliol<\/span><\/span><\/span><span style=\"color: #000000;\"><span style=\"font-family: Verdana, sans-serif;\"><span>\u00a0trucant al tel\u00e8fon\u00a0<\/span><\/span><\/span><span style=\"color: #000000;\"><span style=\"font-family: Verdana, sans-serif;\"><span>977 900 231<\/span><\/span><\/span><span style=\"color: #000000;\"><span style=\"font-family: Verdana, sans-serif;\"><span>\u00a0de 9.00 h a 1<\/span><\/span><\/span><span style=\"color: #000000;\"><span style=\"font-family: Verdana, sans-serif;\"><span>4<\/span><\/span><\/span><span style=\"color: #000000;\"><span style=\"font-family: Verdana, sans-serif;\"><span>.00 h.<\/span><\/span><\/span><\/i><\/p>\n<\/div>\n<div><i>\u00a0<\/i><\/div>\n<div><i>Aquest any s&#8217;han previst dos tipus de sol\u00b7licituds abreujada (model formulari 1) i\u00a0\u00a0Ordin\u00e0ria (model formulari 2) d&#8217;acord amb la informaci\u00f3 que trobareu al<b><u>\u00a0f<\/u><\/b><b><u>ull informatiu dels ajuts de menjador escolar curs 20-21.<\/u><\/b><\/i><\/div>\n","protected":false},"excerpt":{"rendered":"<p>A partir del dia 6 de juliol de 2020 les fam\u00edlies trobaran els formularis per a la tramitaci\u00f3 dels ajuts de menjador a la Seu Electr\u00f2nica del Consell Comarcal \u00a0(www.altcamp.cat) \u00a0 Aix\u00ed mateix, us relacionem els documents adjunts i que estaran a disposici\u00f3 de les persones interessades a la Seu electr\u00f2nica: \u00a0 \u00a0&#8211; Full informatiu [&hellip;]<\/p>\n","protected":false},"author":1,"featured_media":0,"comment_status":"open","ping_status":"closed","sticky":false,"template":"","format":"standard","meta":{"_bbp_topic_count":0,"_bbp_reply_count":0,"_bbp_total_topic_count":0,"_bbp_total_reply_count":0,"_bbp_voice_count":0,"_bbp_anonymous_reply_count":0,"_bbp_topic_count_hidden":0,"_bbp_reply_count_hidden":0,"_bbp_forum_subforum_count":0,"site-sidebar-layout":"default","site-content-layout":"","ast-site-content-layout":"","site-content-style":"default","site-sidebar-style":"default","ast-global-header-display":"","ast-banner-title-visibility":"","ast-main-header-display":"","ast-hfb-above-header-display":"","ast-hfb-below-header-display":"","ast-hfb-mobile-header-display":"","site-post-title":"","ast-breadcrumbs-content":"","ast-featured-img":"","footer-sml-layout":"","theme-transparent-header-meta":"","adv-header-id-meta":"","stick-header-meta":"","header-above-stick-meta":"","header-main-stick-meta":"","header-below-stick-meta":"","astra-migrate-meta-layouts":"default","ast-page-background-enabled":"default","ast-page-background-meta":{"desktop":{"background-color":"var(--ast-global-color-4)","background-image":"","background-repeat":"repeat","background-position":"center center","background-size":"auto","background-attachment":"scroll","background-type":"","background-media":"","overlay-type":"","overlay-color":"","overlay-opacity":"","overlay-gradient":""},"tablet":{"background-color":"","background-image":"","background-repeat":"repeat","background-position":"center center","background-size":"auto","background-attachment":"scroll","background-type":"","background-media":"","overlay-type":"","overlay-color":"","overlay-opacity":"","overlay-gradient":""},"mobile":{"background-color":"","background-image":"","background-repeat":"repeat","background-position":"center center","background-size":"auto","background-attachment":"scroll","background-type":"","background-media":"","overlay-type":"","overlay-color":"","overlay-opacity":"","overlay-gradient":""}},"ast-content-background-meta":{"desktop":{"background-color":"var(--ast-global-color-5)","background-image":"","background-repeat":"repeat","background-position":"center center","background-size":"auto","background-attachment":"scroll","background-type":"","background-media":"","overlay-type":"","overlay-color":"","overlay-opacity":"","overlay-gradient":""},"tablet":{"background-color":"var(--ast-global-color-5)","background-image":"","background-repeat":"repeat","background-position":"center center","background-size":"auto","background-attachment":"scroll","background-type":"","background-media":"","overlay-type":"","overlay-color":"","overlay-opacity":"","overlay-gradient":""},"mobile":{"background-color":"var(--ast-global-color-5)","background-image":"","background-repeat":"repeat","background-position":"center center","background-size":"auto","background-attachment":"scroll","background-type":"","background-media":"","overlay-type":"","overlay-color":"","overlay-opacity":"","overlay-gradient":""}},"footnotes":""},"categories":[1,4],"tags":[481,107],"class_list":["post-2672","post","type-post","status-publish","format-standard","hentry","category-general","category-portada","tag-curs-2020-21","tag-menjador"],"post_mailing_queue_ids":[],"_links":{"self":[{"href":"https:\/\/agora.xtec.cat\/escbernarditolra\/wp-json\/wp\/v2\/posts\/2672","targetHints":{"allow":["GET"]}}],"collection":[{"href":"https:\/\/agora.xtec.cat\/escbernarditolra\/wp-json\/wp\/v2\/posts"}],"about":[{"href":"https:\/\/agora.xtec.cat\/escbernarditolra\/wp-json\/wp\/v2\/types\/post"}],"author":[{"embeddable":true,"href":"https:\/\/agora.xtec.cat\/escbernarditolra\/wp-json\/wp\/v2\/users\/1"}],"replies":[{"embeddable":true,"href":"https:\/\/agora.xtec.cat\/escbernarditolra\/wp-json\/wp\/v2\/comments?post=2672"}],"version-history":[{"count":1,"href":"https:\/\/agora.xtec.cat\/escbernarditolra\/wp-json\/wp\/v2\/posts\/2672\/revisions"}],"predecessor-version":[{"id":2673,"href":"https:\/\/agora.xtec.cat\/escbernarditolra\/wp-json\/wp\/v2\/posts\/2672\/revisions\/2673"}],"wp:attachment":[{"href":"https:\/\/agora.xtec.cat\/escbernarditolra\/wp-json\/wp\/v2\/media?parent=2672"}],"wp:term":[{"taxonomy":"category","embeddable":true,"href":"https:\/\/agora.xtec.cat\/escbernarditolra\/wp-json\/wp\/v2\/categories?post=2672"},{"taxonomy":"post_tag","embeddable":true,"href":"https:\/\/agora.xtec.cat\/escbernarditolra\/wp-json\/wp\/v2\/tags?post=2672"}],"curies":[{"name":"wp","href":"https:\/\/api.w.org\/{rel}","templated":true}]}}