{"id":2424,"date":"2019-11-29T22:51:39","date_gmt":"2019-11-29T21:51:39","guid":{"rendered":"http:\/\/agora.xtec.cat\/escbernarditolra\/?p=2424"},"modified":"2019-11-29T22:51:39","modified_gmt":"2019-11-29T21:51:39","slug":"premi-escoles-verdes-2019","status":"publish","type":"post","link":"https:\/\/agora.xtec.cat\/escbernarditolra\/infantil\/premi-escoles-verdes-2019\/","title":{"rendered":"PREMI ESCOLES VERDES 2019"},"content":{"rendered":"<p>Tal com ja us vam informar, el passat 21 de novembre un grup de mestres, alumnes, fam\u00edlies i una representant de l\u2019Ajuntament es van despla\u00e7ar a la Facultat de Ci\u00e8ncies de la Universitat de Girona per recollir el Premi Escoles Verdes 2019 en reconeixement a una traject\u00f2ria de millora continuada en el proc\u00e9s d\u2019ambientalitzaci\u00f3 integral del centre i d\u2019implicaci\u00f3 en la millora del seu entorn.<\/p>\n<p>Aquest premi \u00e9s el fruit del treball realitzat durant els \u00faltims 13 anys a l\u2019Escola Bernard\u00ed Tolr\u00e0:<\/p>\n<p>Durant el <strong>curs 2004\u201305 es van interessar pel Programa Escoles Verdes<\/strong>, i s\u2019hi van adherir. Durant el curs 2004-05 van fer la diagnosi ambiental, i van elaborar el Pla de Cohesi\u00f3 Ambiental on es defineixen els trets i objectius ambientals de l\u2019escola, aix\u00ed com les l\u00ednies d\u2019actuaci\u00f3. Despr\u00e9s de fer-ne el seguiment corresponent durant el curs <strong>2006\u201307 va ser atorgat el distintiu d\u2019Escola Verda<\/strong>.<\/p>\n<p>L\u2019escola Bernard\u00ed Tolr\u00e0 sempre ha estat interessada en millorar la qualitat educativa i ha participat en programes d\u2019innovaci\u00f3 educativa.<\/p>\n<p>L\u2019any 2007 es va iniciar <strong>el projecte d\u2019innovaci\u00f3 educativa: \u201cFem una escola sostenible: l\u2019ambientalitzaci\u00f3 curricular\u201d.<\/strong> Es volia aconseguir una l\u00ednia d\u2019escola de les actuacions mediambientals que s\u2019anaven desenvolupant i que es volien fer molt m\u00e9s extensibles: FER UNA ESCOLA SOSTENIBLE. Implicava desenvolupar l\u2019ambientalitzaci\u00f3 curricular amb la finalitat que l\u2019Educaci\u00f3 Ambiental fos un Eix Transversal que inclogu\u00e9s tots els altres. Adjuntant aquest Projecte al PEC i al Projecte Curricular de Centre era la manera d\u2019incorporar la dimensi\u00f3 ambiental tant en la seva gesti\u00f3 com en el seu Curr\u00edculum i implicant-se en totes aquelles accions quotidianes de l\u2019escola que incideixen en la millora mediambiental.<\/p>\n<p>En el Projecte educatiu hi consta que \u201cL\u2019Escola pret\u00e9n que els alumnes aconsegueixin la maduresa necess\u00e0ria per a poder desenvolupar-se en el medi que els envolta i adquireixin seguretat en ells mateixos. Fomentar l\u2019esperit cr\u00edtic dels alumnes per poder fer d\u2019ells uns membres actius de la societat. Intentem que l\u2019alumne conegui l\u2019entorn que l\u2019envolta i per aix\u00f2 fem un ensenyament arrelat al medi. Volem que s\u2019acostumi a observar, investigar, constatar i treure conclusions&#8230; \u00c9s important el coneixement de la realitat local per arribar a la globalitzaci\u00f3\u201d.<\/p>\n<p>Durant aquests anys s\u2019han anat incorporant diferents actuacions a la din\u00e0mica de l\u2019escola i que es valoren molt positivament. Cal continuar realitzant-les ja que formen part de la l\u00ednia d\u2019escola. Per\u00f2 tamb\u00e9 s\u00f3n din\u00e0mics i s\u2019engeguen nous reptes i actuacions, aqu\u00ed es veu la import\u00e0ncia de tenir una comissi\u00f3 ambiental a l\u2019escola que va plantejant activitats a fer dins el Pla d\u2019acci\u00f3 de cada curs.<\/p>\n<p>La traject\u00f2ria en el programa d\u2019escoles verdes ha fomentat aquesta participaci\u00f3 ciutadana, amb molta il\u00b7lusi\u00f3 de participar a cada nivell amb els seus fills. Moltes d\u2019aquestes han traspassat la porta de l\u2019escola i han incidit en la implicaci\u00f3 de tot el poble.<\/p>\n<p>L\u2019acte de lliurament va constar d\u2019una benvinguda institucional, una taula rodona amb el tema \u201cLa biodiversitat vegetal a Catalunya: coneixement i reptes de conservaci\u00f3\u201d a c\u00e0rrec de la Dra. Jordina Belmonte, la Dra. Esther Garc\u00e9s i el Sr. Jaume Vicens, l\u2019entrega de premis pr\u00f2piament dita i una cloenda a c\u00e0rrec de l\u2019Honorable Conseller de Territori i Sostenibilitat Sr. Dami\u00e0 Calvet.<\/p>\n<p>&nbsp;<\/p>\n<p><img loading=\"lazy\" decoding=\"async\" class=\"alignnone size-large wp-image-2425\" src=\"https:\/\/agora.xtec.cat\/escbernarditolra\/wp-content\/uploads\/usu1025\/2019\/11\/20191121_193614-1024x614.jpg\" alt=\"\" width=\"1024\" height=\"614\" srcset=\"https:\/\/agora.xtec.cat\/escbernarditolra\/wp-content\/uploads\/usu1025\/2019\/11\/20191121_193614-1024x614.jpg 1024w, https:\/\/agora.xtec.cat\/escbernarditolra\/wp-content\/uploads\/usu1025\/2019\/11\/20191121_193614-300x180.jpg 300w, https:\/\/agora.xtec.cat\/escbernarditolra\/wp-content\/uploads\/usu1025\/2019\/11\/20191121_193614-768x461.jpg 768w\" sizes=\"auto, (max-width: 1024px) 100vw, 1024px\" \/> <img loading=\"lazy\" decoding=\"async\" class=\"alignnone size-large wp-image-2426\" src=\"https:\/\/agora.xtec.cat\/escbernarditolra\/wp-content\/uploads\/usu1025\/2019\/11\/20191121_193710-1024x614.jpg\" alt=\"\" width=\"1024\" height=\"614\" srcset=\"https:\/\/agora.xtec.cat\/escbernarditolra\/wp-content\/uploads\/usu1025\/2019\/11\/20191121_193710-1024x614.jpg 1024w, https:\/\/agora.xtec.cat\/escbernarditolra\/wp-content\/uploads\/usu1025\/2019\/11\/20191121_193710-300x180.jpg 300w, https:\/\/agora.xtec.cat\/escbernarditolra\/wp-content\/uploads\/usu1025\/2019\/11\/20191121_193710-768x461.jpg 768w\" sizes=\"auto, (max-width: 1024px) 100vw, 1024px\" \/> <img loading=\"lazy\" decoding=\"async\" class=\"alignnone size-large wp-image-2427\" src=\"https:\/\/agora.xtec.cat\/escbernarditolra\/wp-content\/uploads\/usu1025\/2019\/11\/IMG-20191121-WA0011-1024x768.jpg\" alt=\"\" width=\"1024\" height=\"768\" srcset=\"https:\/\/agora.xtec.cat\/escbernarditolra\/wp-content\/uploads\/usu1025\/2019\/11\/IMG-20191121-WA0011-1024x768.jpg 1024w, https:\/\/agora.xtec.cat\/escbernarditolra\/wp-content\/uploads\/usu1025\/2019\/11\/IMG-20191121-WA0011-300x225.jpg 300w, https:\/\/agora.xtec.cat\/escbernarditolra\/wp-content\/uploads\/usu1025\/2019\/11\/IMG-20191121-WA0011-768x576.jpg 768w, https:\/\/agora.xtec.cat\/escbernarditolra\/wp-content\/uploads\/usu1025\/2019\/11\/IMG-20191121-WA0011-200x150.jpg 200w, https:\/\/agora.xtec.cat\/escbernarditolra\/wp-content\/uploads\/usu1025\/2019\/11\/IMG-20191121-WA0011.jpg 2048w\" sizes=\"auto, (max-width: 1024px) 100vw, 1024px\" \/><\/p>\n<p><iframe loading=\"lazy\" src=\"\/\/www.youtube.com\/embed\/70k9Bf5Xk_0\" width=\"560\" height=\"314\" allowfullscreen=\"allowfullscreen\"><\/iframe><\/p>\n","protected":false},"excerpt":{"rendered":"<p>Tal com ja us vam informar, el passat 21 de novembre un grup de mestres, alumnes, fam\u00edlies i una representant de l\u2019Ajuntament es van despla\u00e7ar a la Facultat de Ci\u00e8ncies de la Universitat de Girona per recollir el Premi Escoles Verdes 2019 en reconeixement a una traject\u00f2ria de millora continuada en el proc\u00e9s d\u2019ambientalitzaci\u00f3 integral [&hellip;]<\/p>\n","protected":false},"author":1,"featured_media":2428,"comment_status":"open","ping_status":"closed","sticky":false,"template":"","format":"standard","meta":{"_bbp_topic_count":0,"_bbp_reply_count":0,"_bbp_total_topic_count":0,"_bbp_total_reply_count":0,"_bbp_voice_count":0,"_bbp_anonymous_reply_count":0,"_bbp_topic_count_hidden":0,"_bbp_reply_count_hidden":0,"_bbp_forum_subforum_count":0,"site-sidebar-layout":"default","site-content-layout":"","ast-site-content-layout":"","site-content-style":"default","site-sidebar-style":"default","ast-global-header-display":"","ast-banner-title-visibility":"","ast-main-header-display":"","ast-hfb-above-header-display":"","ast-hfb-below-header-display":"","ast-hfb-mobile-header-display":"","site-post-title":"","ast-breadcrumbs-content":"","ast-featured-img":"","footer-sml-layout":"","theme-transparent-header-meta":"","adv-header-id-meta":"","stick-header-meta":"","header-above-stick-meta":"","header-main-stick-meta":"","header-below-stick-meta":"","astra-migrate-meta-layouts":"default","ast-page-background-enabled":"default","ast-page-background-meta":{"desktop":{"background-color":"var(--ast-global-color-4)","background-image":"","background-repeat":"repeat","background-position":"center center","background-size":"auto","background-attachment":"scroll","background-type":"","background-media":"","overlay-type":"","overlay-color":"","overlay-opacity":"","overlay-gradient":""},"tablet":{"background-color":"","background-image":"","background-repeat":"repeat","background-position":"center center","background-size":"auto","background-attachment":"scroll","background-type":"","background-media":"","overlay-type":"","overlay-color":"","overlay-opacity":"","overlay-gradient":""},"mobile":{"background-color":"","background-image":"","background-repeat":"repeat","background-position":"center center","background-size":"auto","background-attachment":"scroll","background-type":"","background-media":"","overlay-type":"","overlay-color":"","overlay-opacity":"","overlay-gradient":""}},"ast-content-background-meta":{"desktop":{"background-color":"var(--ast-global-color-5)","background-image":"","background-repeat":"repeat","background-position":"center center","background-size":"auto","background-attachment":"scroll","background-type":"","background-media":"","overlay-type":"","overlay-color":"","overlay-opacity":"","overlay-gradient":""},"tablet":{"background-color":"var(--ast-global-color-5)","background-image":"","background-repeat":"repeat","background-position":"center center","background-size":"auto","background-attachment":"scroll","background-type":"","background-media":"","overlay-type":"","overlay-color":"","overlay-opacity":"","overlay-gradient":""},"mobile":{"background-color":"var(--ast-global-color-5)","background-image":"","background-repeat":"repeat","background-position":"center center","background-size":"auto","background-attachment":"scroll","background-type":"","background-media":"","overlay-type":"","overlay-color":"","overlay-opacity":"","overlay-gradient":""}},"footnotes":""},"categories":[38,2,4,5],"tags":[439,458,173,336],"class_list":["post-2424","post","type-post","status-publish","format-standard","has-post-thumbnail","hentry","category-verda","category-infantil","category-portada","category-primaria","tag-curs-2019-20","tag-escoles-verdes","tag-premi","tag-premi-natura"],"post_mailing_queue_ids":[],"_links":{"self":[{"href":"https:\/\/agora.xtec.cat\/escbernarditolra\/wp-json\/wp\/v2\/posts\/2424","targetHints":{"allow":["GET"]}}],"collection":[{"href":"https:\/\/agora.xtec.cat\/escbernarditolra\/wp-json\/wp\/v2\/posts"}],"about":[{"href":"https:\/\/agora.xtec.cat\/escbernarditolra\/wp-json\/wp\/v2\/types\/post"}],"author":[{"embeddable":true,"href":"https:\/\/agora.xtec.cat\/escbernarditolra\/wp-json\/wp\/v2\/users\/1"}],"replies":[{"embeddable":true,"href":"https:\/\/agora.xtec.cat\/escbernarditolra\/wp-json\/wp\/v2\/comments?post=2424"}],"version-history":[{"count":1,"href":"https:\/\/agora.xtec.cat\/escbernarditolra\/wp-json\/wp\/v2\/posts\/2424\/revisions"}],"predecessor-version":[{"id":2429,"href":"https:\/\/agora.xtec.cat\/escbernarditolra\/wp-json\/wp\/v2\/posts\/2424\/revisions\/2429"}],"wp:featuredmedia":[{"embeddable":true,"href":"https:\/\/agora.xtec.cat\/escbernarditolra\/wp-json\/wp\/v2\/media\/2428"}],"wp:attachment":[{"href":"https:\/\/agora.xtec.cat\/escbernarditolra\/wp-json\/wp\/v2\/media?parent=2424"}],"wp:term":[{"taxonomy":"category","embeddable":true,"href":"https:\/\/agora.xtec.cat\/escbernarditolra\/wp-json\/wp\/v2\/categories?post=2424"},{"taxonomy":"post_tag","embeddable":true,"href":"https:\/\/agora.xtec.cat\/escbernarditolra\/wp-json\/wp\/v2\/tags?post=2424"}],"curies":[{"name":"wp","href":"https:\/\/api.w.org\/{rel}","templated":true}]}}