{"id":1982,"date":"2019-01-21T15:38:21","date_gmt":"2019-01-21T14:38:21","guid":{"rendered":"http:\/\/agora.xtec.cat\/escbernarditolra\/?p=1982"},"modified":"2019-01-21T15:38:21","modified_gmt":"2019-01-21T14:38:21","slug":"animacio-a-la-lectura","status":"publish","type":"post","link":"https:\/\/agora.xtec.cat\/escbernarditolra\/infantil\/animacio-a-la-lectura\/","title":{"rendered":"Animaci\u00f3 a la lectura"},"content":{"rendered":"<p>Avui, els nens i nenes d&#8217;Educaci\u00f3 Infantil han pogut gaudir de la pres\u00e8ncia d&#8217;en Roger Roig, escriptor de la col\u00b7lecci\u00f3 de contes EL PATUFET de l&#8217;editorial Cosset`nia, dins el marc d&#8217;activitats d&#8217;animaci\u00f3 a la lectura.<\/p>\n<p>I \u00e9s que el ti\u00f3 aquestes festes ens va cagar un exemplar per cadasc\u00fa i ara el Patufet ens ha visitat i ens ha explicat en directe algunes de les seves aventures.<\/p>\n<p>Ha estat una experi\u00e8ncia molt bonica.<\/p>\n<p>&nbsp;<\/p>\n<figure id=\"attachment_1983\" aria-describedby=\"caption-attachment-1983\" style=\"width: 448px\" class=\"wp-caption alignnone\"><a href=\"https:\/\/photos.app.goo.gl\/d2ZcdN9w4dNrXrDB7\"><img loading=\"lazy\" decoding=\"async\" class=\"size-full wp-image-1983\" src=\"https:\/\/agora.xtec.cat\/escbernarditolra\/wp-content\/uploads\/usu1025\/2019\/01\/IMG_2615.jpg\" alt=\"\" width=\"448\" height=\"336\" srcset=\"https:\/\/agora.xtec.cat\/escbernarditolra\/wp-content\/uploads\/usu1025\/2019\/01\/IMG_2615.jpg 448w, https:\/\/agora.xtec.cat\/escbernarditolra\/wp-content\/uploads\/usu1025\/2019\/01\/IMG_2615-300x225.jpg 300w, https:\/\/agora.xtec.cat\/escbernarditolra\/wp-content\/uploads\/usu1025\/2019\/01\/IMG_2615-200x150.jpg 200w\" sizes=\"auto, (max-width: 448px) 100vw, 448px\" \/><\/a><figcaption id=\"caption-attachment-1983\" class=\"wp-caption-text\">Clica sobre la imatge per veure m\u00e9s fotos.<\/figcaption><\/figure>\n","protected":false},"excerpt":{"rendered":"<p>Avui, els nens i nenes d&#8217;Educaci\u00f3 Infantil han pogut gaudir de la pres\u00e8ncia d&#8217;en Roger Roig, escriptor de la col\u00b7lecci\u00f3 de contes EL PATUFET de l&#8217;editorial Cosset`nia, dins el marc d&#8217;activitats d&#8217;animaci\u00f3 a la lectura. I \u00e9s que el ti\u00f3 aquestes festes ens va cagar un exemplar per cadasc\u00fa i ara el Patufet ens ha [&hellip;]<\/p>\n","protected":false},"author":1,"featured_media":0,"comment_status":"open","ping_status":"closed","sticky":false,"template":"","format":"standard","meta":{"_bbp_topic_count":0,"_bbp_reply_count":0,"_bbp_total_topic_count":0,"_bbp_total_reply_count":0,"_bbp_voice_count":0,"_bbp_anonymous_reply_count":0,"_bbp_topic_count_hidden":0,"_bbp_reply_count_hidden":0,"_bbp_forum_subforum_count":0,"site-sidebar-layout":"default","site-content-layout":"","ast-site-content-layout":"","site-content-style":"default","site-sidebar-style":"default","ast-global-header-display":"","ast-banner-title-visibility":"","ast-main-header-display":"","ast-hfb-above-header-display":"","ast-hfb-below-header-display":"","ast-hfb-mobile-header-display":"","site-post-title":"","ast-breadcrumbs-content":"","ast-featured-img":"","footer-sml-layout":"","theme-transparent-header-meta":"","adv-header-id-meta":"","stick-header-meta":"","header-above-stick-meta":"","header-main-stick-meta":"","header-below-stick-meta":"","astra-migrate-meta-layouts":"default","ast-page-background-enabled":"default","ast-page-background-meta":{"desktop":{"background-color":"var(--ast-global-color-4)","background-image":"","background-repeat":"repeat","background-position":"center center","background-size":"auto","background-attachment":"scroll","background-type":"","background-media":"","overlay-type":"","overlay-color":"","overlay-opacity":"","overlay-gradient":""},"tablet":{"background-color":"","background-image":"","background-repeat":"repeat","background-position":"center center","background-size":"auto","background-attachment":"scroll","background-type":"","background-media":"","overlay-type":"","overlay-color":"","overlay-opacity":"","overlay-gradient":""},"mobile":{"background-color":"","background-image":"","background-repeat":"repeat","background-position":"center center","background-size":"auto","background-attachment":"scroll","background-type":"","background-media":"","overlay-type":"","overlay-color":"","overlay-opacity":"","overlay-gradient":""}},"ast-content-background-meta":{"desktop":{"background-color":"var(--ast-global-color-5)","background-image":"","background-repeat":"repeat","background-position":"center center","background-size":"auto","background-attachment":"scroll","background-type":"","background-media":"","overlay-type":"","overlay-color":"","overlay-opacity":"","overlay-gradient":""},"tablet":{"background-color":"var(--ast-global-color-5)","background-image":"","background-repeat":"repeat","background-position":"center center","background-size":"auto","background-attachment":"scroll","background-type":"","background-media":"","overlay-type":"","overlay-color":"","overlay-opacity":"","overlay-gradient":""},"mobile":{"background-color":"var(--ast-global-color-5)","background-image":"","background-repeat":"repeat","background-position":"center center","background-size":"auto","background-attachment":"scroll","background-type":"","background-media":"","overlay-type":"","overlay-color":"","overlay-opacity":"","overlay-gradient":""}},"footnotes":""},"categories":[37,116,2,3,8,9,4],"tags":[382,120,381],"class_list":["post-1982","post","type-post","status-publish","format-standard","hentry","category-biblioteca","category-ilec","category-infantil","category-p3","category-p4","category-p5","category-portada","tag-el-patufet","tag-lectura","tag-roger-roig"],"post_mailing_queue_ids":[],"_links":{"self":[{"href":"https:\/\/agora.xtec.cat\/escbernarditolra\/wp-json\/wp\/v2\/posts\/1982","targetHints":{"allow":["GET"]}}],"collection":[{"href":"https:\/\/agora.xtec.cat\/escbernarditolra\/wp-json\/wp\/v2\/posts"}],"about":[{"href":"https:\/\/agora.xtec.cat\/escbernarditolra\/wp-json\/wp\/v2\/types\/post"}],"author":[{"embeddable":true,"href":"https:\/\/agora.xtec.cat\/escbernarditolra\/wp-json\/wp\/v2\/users\/1"}],"replies":[{"embeddable":true,"href":"https:\/\/agora.xtec.cat\/escbernarditolra\/wp-json\/wp\/v2\/comments?post=1982"}],"version-history":[{"count":1,"href":"https:\/\/agora.xtec.cat\/escbernarditolra\/wp-json\/wp\/v2\/posts\/1982\/revisions"}],"predecessor-version":[{"id":1984,"href":"https:\/\/agora.xtec.cat\/escbernarditolra\/wp-json\/wp\/v2\/posts\/1982\/revisions\/1984"}],"wp:attachment":[{"href":"https:\/\/agora.xtec.cat\/escbernarditolra\/wp-json\/wp\/v2\/media?parent=1982"}],"wp:term":[{"taxonomy":"category","embeddable":true,"href":"https:\/\/agora.xtec.cat\/escbernarditolra\/wp-json\/wp\/v2\/categories?post=1982"},{"taxonomy":"post_tag","embeddable":true,"href":"https:\/\/agora.xtec.cat\/escbernarditolra\/wp-json\/wp\/v2\/tags?post=1982"}],"curies":[{"name":"wp","href":"https:\/\/api.w.org\/{rel}","templated":true}]}}