{"id":1729,"date":"2018-06-04T22:50:38","date_gmt":"2018-06-04T20:50:38","guid":{"rendered":"http:\/\/agora.xtec.cat\/escbernarditolra\/?p=1729"},"modified":"2018-06-04T22:50:38","modified_gmt":"2018-06-04T20:50:38","slug":"premis-baldiri-reixac","status":"publish","type":"post","link":"https:\/\/agora.xtec.cat\/escbernarditolra\/portada\/premis-baldiri-reixac\/","title":{"rendered":"Premis Baldiri  Reixac"},"content":{"rendered":"<p>Ahir diumenge, una representaci\u00f3 d&#8217;alumnes de cicle superior i les mestres es van despla\u00e7ar fins a Barcelona per recollir el premi Baldiri Reixac 2018. Pel treball, &#8220;Una vida d&#8217;esperan\u00e7a&#8221;.<\/p>\n<p><img loading=\"lazy\" decoding=\"async\" class=\"alignnone size-large wp-image-1730\" src=\"http:\/\/agora.xtec.cat\/escbernarditolra\/wp-content\/uploads\/usu1025\/2018\/06\/IMG_6630-1024x768.jpg\" alt=\"\" width=\"1024\" height=\"768\" srcset=\"https:\/\/agora.xtec.cat\/escbernarditolra\/wp-content\/uploads\/usu1025\/2018\/06\/IMG_6630-1024x768.jpg 1024w, https:\/\/agora.xtec.cat\/escbernarditolra\/wp-content\/uploads\/usu1025\/2018\/06\/IMG_6630-300x225.jpg 300w, https:\/\/agora.xtec.cat\/escbernarditolra\/wp-content\/uploads\/usu1025\/2018\/06\/IMG_6630-768x576.jpg 768w, https:\/\/agora.xtec.cat\/escbernarditolra\/wp-content\/uploads\/usu1025\/2018\/06\/IMG_6630-200x150.jpg 200w, https:\/\/agora.xtec.cat\/escbernarditolra\/wp-content\/uploads\/usu1025\/2018\/06\/IMG_6630.jpg 1600w\" sizes=\"auto, (max-width: 1024px) 100vw, 1024px\" \/> <img loading=\"lazy\" decoding=\"async\" class=\"alignnone size-large wp-image-1731\" src=\"http:\/\/agora.xtec.cat\/escbernarditolra\/wp-content\/uploads\/usu1025\/2018\/06\/IMG_6641-1024x768.jpg\" alt=\"\" width=\"1024\" height=\"768\" srcset=\"https:\/\/agora.xtec.cat\/escbernarditolra\/wp-content\/uploads\/usu1025\/2018\/06\/IMG_6641-1024x768.jpg 1024w, https:\/\/agora.xtec.cat\/escbernarditolra\/wp-content\/uploads\/usu1025\/2018\/06\/IMG_6641-300x225.jpg 300w, https:\/\/agora.xtec.cat\/escbernarditolra\/wp-content\/uploads\/usu1025\/2018\/06\/IMG_6641-768x576.jpg 768w, https:\/\/agora.xtec.cat\/escbernarditolra\/wp-content\/uploads\/usu1025\/2018\/06\/IMG_6641-200x150.jpg 200w, https:\/\/agora.xtec.cat\/escbernarditolra\/wp-content\/uploads\/usu1025\/2018\/06\/IMG_6641.jpg 1600w\" sizes=\"auto, (max-width: 1024px) 100vw, 1024px\" \/><\/p>\n","protected":false},"excerpt":{"rendered":"<p>Ahir diumenge, una representaci\u00f3 d&#8217;alumnes de cicle superior i les mestres es van despla\u00e7ar fins a Barcelona per recollir el premi Baldiri Reixac 2018. Pel treball, &#8220;Una vida d&#8217;esperan\u00e7a&#8221;.<\/p>\n","protected":false},"author":1,"featured_media":0,"comment_status":"open","ping_status":"closed","sticky":false,"template":"","format":"standard","meta":{"_bbp_topic_count":0,"_bbp_reply_count":0,"_bbp_total_topic_count":0,"_bbp_total_reply_count":0,"_bbp_voice_count":0,"_bbp_anonymous_reply_count":0,"_bbp_topic_count_hidden":0,"_bbp_reply_count_hidden":0,"_bbp_forum_subforum_count":0,"site-sidebar-layout":"default","site-content-layout":"","ast-site-content-layout":"","site-content-style":"default","site-sidebar-style":"default","ast-global-header-display":"","ast-banner-title-visibility":"","ast-main-header-display":"","ast-hfb-above-header-display":"","ast-hfb-below-header-display":"","ast-hfb-mobile-header-display":"","site-post-title":"","ast-breadcrumbs-content":"","ast-featured-img":"","footer-sml-layout":"","theme-transparent-header-meta":"","adv-header-id-meta":"","stick-header-meta":"","header-above-stick-meta":"","header-main-stick-meta":"","header-below-stick-meta":"","astra-migrate-meta-layouts":"default","ast-page-background-enabled":"default","ast-page-background-meta":{"desktop":{"background-color":"var(--ast-global-color-4)","background-image":"","background-repeat":"repeat","background-position":"center center","background-size":"auto","background-attachment":"scroll","background-type":"","background-media":"","overlay-type":"","overlay-color":"","overlay-opacity":"","overlay-gradient":""},"tablet":{"background-color":"","background-image":"","background-repeat":"repeat","background-position":"center center","background-size":"auto","background-attachment":"scroll","background-type":"","background-media":"","overlay-type":"","overlay-color":"","overlay-opacity":"","overlay-gradient":""},"mobile":{"background-color":"","background-image":"","background-repeat":"repeat","background-position":"center center","background-size":"auto","background-attachment":"scroll","background-type":"","background-media":"","overlay-type":"","overlay-color":"","overlay-opacity":"","overlay-gradient":""}},"ast-content-background-meta":{"desktop":{"background-color":"var(--ast-global-color-5)","background-image":"","background-repeat":"repeat","background-position":"center center","background-size":"auto","background-attachment":"scroll","background-type":"","background-media":"","overlay-type":"","overlay-color":"","overlay-opacity":"","overlay-gradient":""},"tablet":{"background-color":"var(--ast-global-color-5)","background-image":"","background-repeat":"repeat","background-position":"center center","background-size":"auto","background-attachment":"scroll","background-type":"","background-media":"","overlay-type":"","overlay-color":"","overlay-opacity":"","overlay-gradient":""},"mobile":{"background-color":"var(--ast-global-color-5)","background-image":"","background-repeat":"repeat","background-position":"center center","background-size":"auto","background-attachment":"scroll","background-type":"","background-media":"","overlay-type":"","overlay-color":"","overlay-opacity":"","overlay-gradient":""}},"footnotes":""},"categories":[14,15,4,5],"tags":[317,189,343],"class_list":["post-1729","post","type-post","status-publish","format-standard","hentry","category-5e","category-6e","category-portada","category-primaria","tag-317","tag-premi-baldiri-reixac","tag-una-vida-desperanca"],"post_mailing_queue_ids":[],"_links":{"self":[{"href":"https:\/\/agora.xtec.cat\/escbernarditolra\/wp-json\/wp\/v2\/posts\/1729","targetHints":{"allow":["GET"]}}],"collection":[{"href":"https:\/\/agora.xtec.cat\/escbernarditolra\/wp-json\/wp\/v2\/posts"}],"about":[{"href":"https:\/\/agora.xtec.cat\/escbernarditolra\/wp-json\/wp\/v2\/types\/post"}],"author":[{"embeddable":true,"href":"https:\/\/agora.xtec.cat\/escbernarditolra\/wp-json\/wp\/v2\/users\/1"}],"replies":[{"embeddable":true,"href":"https:\/\/agora.xtec.cat\/escbernarditolra\/wp-json\/wp\/v2\/comments?post=1729"}],"version-history":[{"count":1,"href":"https:\/\/agora.xtec.cat\/escbernarditolra\/wp-json\/wp\/v2\/posts\/1729\/revisions"}],"predecessor-version":[{"id":1732,"href":"https:\/\/agora.xtec.cat\/escbernarditolra\/wp-json\/wp\/v2\/posts\/1729\/revisions\/1732"}],"wp:attachment":[{"href":"https:\/\/agora.xtec.cat\/escbernarditolra\/wp-json\/wp\/v2\/media?parent=1729"}],"wp:term":[{"taxonomy":"category","embeddable":true,"href":"https:\/\/agora.xtec.cat\/escbernarditolra\/wp-json\/wp\/v2\/categories?post=1729"},{"taxonomy":"post_tag","embeddable":true,"href":"https:\/\/agora.xtec.cat\/escbernarditolra\/wp-json\/wp\/v2\/tags?post=1729"}],"curies":[{"name":"wp","href":"https:\/\/api.w.org\/{rel}","templated":true}]}}