{"id":1661,"date":"2018-04-27T13:17:01","date_gmt":"2018-04-27T11:17:01","guid":{"rendered":"http:\/\/agora.xtec.cat\/escbernarditolra\/?p=1661"},"modified":"2018-05-14T16:19:20","modified_gmt":"2018-05-14T14:19:20","slug":"coneixem-el-poble","status":"publish","type":"post","link":"https:\/\/agora.xtec.cat\/escbernarditolra\/portada\/coneixem-el-poble\/","title":{"rendered":"Coneixem el poble"},"content":{"rendered":"<p>Els alumnes de 3r hem\u00a0fet un tomb pel poble per tal de\u00a0saber\u00a0m\u00e9s coses sobre el nostre municipi.<\/p>\n<p>Hem pogut saber que\u00a0el nostres poble \u00e9s molt antic. Tenim restes rom\u00e0niques i restes medievals. Hem pogut fer-nos una idea de com quedava el poble emmurallat.<\/p>\n<p>Tamb\u00e9 ens han explicat que fa uns quants anys el carrer Major hi havien moltes botigues. Tamb\u00e9, qu\u00e8 era anteriorment la pla\u00e7a de l&#8217;hospital&#8230; Ens hem pogut fixar que hi han cases que tenen l&#8217;any que van ser constru\u00efdes (per tant s\u00f3n molt antigues).<\/p>\n<p>Ha estat una experi\u00e8ncia molt bonica! aix\u00ed sabem una mica d&#8217;hist\u00f2ria del nostre poble.<\/p>\n<figure id=\"attachment_1662\" aria-describedby=\"caption-attachment-1662\" style=\"width: 448px\" class=\"wp-caption alignnone\"><a href=\"https:\/\/photos.app.goo.gl\/fXJxeGWwG6PGGvgt8\"><img loading=\"lazy\" decoding=\"async\" class=\"size-full wp-image-1662\" src=\"http:\/\/agora.xtec.cat\/escbernarditolra\/wp-content\/uploads\/usu1025\/2018\/04\/IMG_20180424_093645.jpg\" alt=\"\" width=\"448\" height=\"336\" srcset=\"https:\/\/agora.xtec.cat\/escbernarditolra\/wp-content\/uploads\/usu1025\/2018\/04\/IMG_20180424_093645.jpg 448w, https:\/\/agora.xtec.cat\/escbernarditolra\/wp-content\/uploads\/usu1025\/2018\/04\/IMG_20180424_093645-300x225.jpg 300w, https:\/\/agora.xtec.cat\/escbernarditolra\/wp-content\/uploads\/usu1025\/2018\/04\/IMG_20180424_093645-200x150.jpg 200w\" sizes=\"auto, (max-width: 448px) 100vw, 448px\" \/><\/a><figcaption id=\"caption-attachment-1662\" class=\"wp-caption-text\">Clica sobre la imatge per veure m\u00e9s fotos<\/figcaption><\/figure>\n","protected":false},"excerpt":{"rendered":"<p>Els alumnes de 3r hem\u00a0fet un tomb pel poble per tal de\u00a0saber\u00a0m\u00e9s coses sobre el nostre municipi. Hem pogut saber que\u00a0el nostres poble \u00e9s molt antic. Tenim restes rom\u00e0niques i restes medievals. Hem pogut fer-nos una idea de com quedava el poble emmurallat. Tamb\u00e9 ens han explicat que fa uns quants anys el carrer Major [&hellip;]<\/p>\n","protected":false},"author":1,"featured_media":0,"comment_status":"open","ping_status":"closed","sticky":false,"template":"","format":"standard","meta":{"_bbp_topic_count":0,"_bbp_reply_count":0,"_bbp_total_topic_count":0,"_bbp_total_reply_count":0,"_bbp_voice_count":0,"_bbp_anonymous_reply_count":0,"_bbp_topic_count_hidden":0,"_bbp_reply_count_hidden":0,"_bbp_forum_subforum_count":0,"site-sidebar-layout":"default","site-content-layout":"","ast-site-content-layout":"","site-content-style":"default","site-sidebar-style":"default","ast-global-header-display":"","ast-banner-title-visibility":"","ast-main-header-display":"","ast-hfb-above-header-display":"","ast-hfb-below-header-display":"","ast-hfb-mobile-header-display":"","site-post-title":"","ast-breadcrumbs-content":"","ast-featured-img":"","footer-sml-layout":"","theme-transparent-header-meta":"","adv-header-id-meta":"","stick-header-meta":"","header-above-stick-meta":"","header-main-stick-meta":"","header-below-stick-meta":"","astra-migrate-meta-layouts":"default","ast-page-background-enabled":"default","ast-page-background-meta":{"desktop":{"background-color":"var(--ast-global-color-4)","background-image":"","background-repeat":"repeat","background-position":"center center","background-size":"auto","background-attachment":"scroll","background-type":"","background-media":"","overlay-type":"","overlay-color":"","overlay-opacity":"","overlay-gradient":""},"tablet":{"background-color":"","background-image":"","background-repeat":"repeat","background-position":"center center","background-size":"auto","background-attachment":"scroll","background-type":"","background-media":"","overlay-type":"","overlay-color":"","overlay-opacity":"","overlay-gradient":""},"mobile":{"background-color":"","background-image":"","background-repeat":"repeat","background-position":"center center","background-size":"auto","background-attachment":"scroll","background-type":"","background-media":"","overlay-type":"","overlay-color":"","overlay-opacity":"","overlay-gradient":""}},"ast-content-background-meta":{"desktop":{"background-color":"var(--ast-global-color-5)","background-image":"","background-repeat":"repeat","background-position":"center center","background-size":"auto","background-attachment":"scroll","background-type":"","background-media":"","overlay-type":"","overlay-color":"","overlay-opacity":"","overlay-gradient":""},"tablet":{"background-color":"var(--ast-global-color-5)","background-image":"","background-repeat":"repeat","background-position":"center center","background-size":"auto","background-attachment":"scroll","background-type":"","background-media":"","overlay-type":"","overlay-color":"","overlay-opacity":"","overlay-gradient":""},"mobile":{"background-color":"var(--ast-global-color-5)","background-image":"","background-repeat":"repeat","background-position":"center center","background-size":"auto","background-attachment":"scroll","background-type":"","background-media":"","overlay-type":"","overlay-color":"","overlay-opacity":"","overlay-gradient":""}},"footnotes":""},"categories":[12,38,4,5],"tags":[332,137],"class_list":["post-1661","post","type-post","status-publish","format-standard","hentry","category-3r","category-verda","category-portada","category-primaria","tag-infonodes","tag-xi-setmana-mediambiental"],"post_mailing_queue_ids":[],"_links":{"self":[{"href":"https:\/\/agora.xtec.cat\/escbernarditolra\/wp-json\/wp\/v2\/posts\/1661","targetHints":{"allow":["GET"]}}],"collection":[{"href":"https:\/\/agora.xtec.cat\/escbernarditolra\/wp-json\/wp\/v2\/posts"}],"about":[{"href":"https:\/\/agora.xtec.cat\/escbernarditolra\/wp-json\/wp\/v2\/types\/post"}],"author":[{"embeddable":true,"href":"https:\/\/agora.xtec.cat\/escbernarditolra\/wp-json\/wp\/v2\/users\/1"}],"replies":[{"embeddable":true,"href":"https:\/\/agora.xtec.cat\/escbernarditolra\/wp-json\/wp\/v2\/comments?post=1661"}],"version-history":[{"count":2,"href":"https:\/\/agora.xtec.cat\/escbernarditolra\/wp-json\/wp\/v2\/posts\/1661\/revisions"}],"predecessor-version":[{"id":1692,"href":"https:\/\/agora.xtec.cat\/escbernarditolra\/wp-json\/wp\/v2\/posts\/1661\/revisions\/1692"}],"wp:attachment":[{"href":"https:\/\/agora.xtec.cat\/escbernarditolra\/wp-json\/wp\/v2\/media?parent=1661"}],"wp:term":[{"taxonomy":"category","embeddable":true,"href":"https:\/\/agora.xtec.cat\/escbernarditolra\/wp-json\/wp\/v2\/categories?post=1661"},{"taxonomy":"post_tag","embeddable":true,"href":"https:\/\/agora.xtec.cat\/escbernarditolra\/wp-json\/wp\/v2\/tags?post=1661"}],"curies":[{"name":"wp","href":"https:\/\/api.w.org\/{rel}","templated":true}]}}