{"id":1645,"date":"2018-04-20T20:50:56","date_gmt":"2018-04-20T18:50:56","guid":{"rendered":"http:\/\/agora.xtec.cat\/escbernarditolra\/?p=1645"},"modified":"2018-04-20T18:53:05","modified_gmt":"2018-04-20T16:53:05","slug":"david-nel%c2%b7lo-visita-lescola-bernardi-tolra","status":"publish","type":"post","link":"https:\/\/agora.xtec.cat\/escbernarditolra\/portada\/david-nel%c2%b7lo-visita-lescola-bernardi-tolra\/","title":{"rendered":"DAVID NEL\u00b7LO VISITA L&#8217;ESCOLA BERNARD\u00cd TOLR\u00c0"},"content":{"rendered":"<p>Els alumnes de cicle mitj\u00e0 i superior han participat en el Certamen de Lectura en Veu Alta organitzat pel Departament d&#8217;Educaci\u00f3 i la Fundaci\u00f3 Enciclop\u00e8dia Catalana. El passat 6 d&#8217;abril la Khaoula El Idrissi de 4t i l&#8217;Alba Dom\u00e8nech Artigal de 6\u00e8 van ser les representants de l&#8217;escola als quarts de final celebrats a Reus.<\/p>\n<p>Com a complement d&#8217;aquesta activitat, el passat 19 d&#8217;abril, David Nel\u00b7lo, autor de &#8220;La tribu dels Zippoli&#8221; (llibre que havien llegit els alumnes de cicle superior), va visitar els alumnes m\u00e9s grans de l&#8217;escola. Durant aquesta trobada, Nel\u00b7lo va comen\u00e7ar llegint un fragment d&#8217;una de les seves obres per tal de comparar-la amb la que han llegit els alumnes. A continuaci\u00f3, els nens i nenes van poder preguntar-li dubtes i curiositats sobre la feina d&#8217;escriptor i, finalment, va signar els llibres que portaven els alumnes.<\/p>\n<p><img loading=\"lazy\" decoding=\"async\" class=\"alignnone size-large wp-image-1646\" src=\"http:\/\/agora.xtec.cat\/escbernarditolra\/wp-content\/uploads\/usu1025\/2018\/04\/visita-David-Nel\u00b7lo-1-1024x768.jpg\" alt=\"\" width=\"1024\" height=\"768\" srcset=\"https:\/\/agora.xtec.cat\/escbernarditolra\/wp-content\/uploads\/usu1025\/2018\/04\/visita-David-Nel\u00b7lo-1-1024x768.jpg 1024w, https:\/\/agora.xtec.cat\/escbernarditolra\/wp-content\/uploads\/usu1025\/2018\/04\/visita-David-Nel\u00b7lo-1-300x225.jpg 300w, https:\/\/agora.xtec.cat\/escbernarditolra\/wp-content\/uploads\/usu1025\/2018\/04\/visita-David-Nel\u00b7lo-1-768x576.jpg 768w, https:\/\/agora.xtec.cat\/escbernarditolra\/wp-content\/uploads\/usu1025\/2018\/04\/visita-David-Nel\u00b7lo-1-200x150.jpg 200w\" sizes=\"auto, (max-width: 1024px) 100vw, 1024px\" \/><\/p>\n","protected":false},"excerpt":{"rendered":"<p>Els alumnes de cicle mitj\u00e0 i superior han participat en el Certamen de Lectura en Veu Alta organitzat pel Departament d&#8217;Educaci\u00f3 i la Fundaci\u00f3 Enciclop\u00e8dia Catalana. El passat 6 d&#8217;abril la Khaoula El Idrissi de 4t i l&#8217;Alba Dom\u00e8nech Artigal de 6\u00e8 van ser les representants de l&#8217;escola als quarts de final celebrats a Reus. [&hellip;]<\/p>\n","protected":false},"author":1,"featured_media":0,"comment_status":"open","ping_status":"closed","sticky":false,"template":"","format":"standard","meta":{"_bbp_topic_count":0,"_bbp_reply_count":0,"_bbp_total_topic_count":0,"_bbp_total_reply_count":0,"_bbp_voice_count":0,"_bbp_anonymous_reply_count":0,"_bbp_topic_count_hidden":0,"_bbp_reply_count_hidden":0,"_bbp_forum_subforum_count":0,"site-sidebar-layout":"default","site-content-layout":"","ast-site-content-layout":"","site-content-style":"default","site-sidebar-style":"default","ast-global-header-display":"","ast-banner-title-visibility":"","ast-main-header-display":"","ast-hfb-above-header-display":"","ast-hfb-below-header-display":"","ast-hfb-mobile-header-display":"","site-post-title":"","ast-breadcrumbs-content":"","ast-featured-img":"","footer-sml-layout":"","theme-transparent-header-meta":"","adv-header-id-meta":"","stick-header-meta":"","header-above-stick-meta":"","header-main-stick-meta":"","header-below-stick-meta":"","astra-migrate-meta-layouts":"default","ast-page-background-enabled":"default","ast-page-background-meta":{"desktop":{"background-color":"var(--ast-global-color-4)","background-image":"","background-repeat":"repeat","background-position":"center center","background-size":"auto","background-attachment":"scroll","background-type":"","background-media":"","overlay-type":"","overlay-color":"","overlay-opacity":"","overlay-gradient":""},"tablet":{"background-color":"","background-image":"","background-repeat":"repeat","background-position":"center center","background-size":"auto","background-attachment":"scroll","background-type":"","background-media":"","overlay-type":"","overlay-color":"","overlay-opacity":"","overlay-gradient":""},"mobile":{"background-color":"","background-image":"","background-repeat":"repeat","background-position":"center center","background-size":"auto","background-attachment":"scroll","background-type":"","background-media":"","overlay-type":"","overlay-color":"","overlay-opacity":"","overlay-gradient":""}},"ast-content-background-meta":{"desktop":{"background-color":"var(--ast-global-color-5)","background-image":"","background-repeat":"repeat","background-position":"center center","background-size":"auto","background-attachment":"scroll","background-type":"","background-media":"","overlay-type":"","overlay-color":"","overlay-opacity":"","overlay-gradient":""},"tablet":{"background-color":"var(--ast-global-color-5)","background-image":"","background-repeat":"repeat","background-position":"center center","background-size":"auto","background-attachment":"scroll","background-type":"","background-media":"","overlay-type":"","overlay-color":"","overlay-opacity":"","overlay-gradient":""},"mobile":{"background-color":"var(--ast-global-color-5)","background-image":"","background-repeat":"repeat","background-position":"center center","background-size":"auto","background-attachment":"scroll","background-type":"","background-media":"","overlay-type":"","overlay-color":"","overlay-opacity":"","overlay-gradient":""}},"footnotes":""},"categories":[14,15,37,4,5],"tags":[319],"class_list":["post-1645","post","type-post","status-publish","format-standard","hentry","category-5e","category-6e","category-biblioteca","category-portada","category-primaria","tag-david-nello"],"post_mailing_queue_ids":[],"_links":{"self":[{"href":"https:\/\/agora.xtec.cat\/escbernarditolra\/wp-json\/wp\/v2\/posts\/1645","targetHints":{"allow":["GET"]}}],"collection":[{"href":"https:\/\/agora.xtec.cat\/escbernarditolra\/wp-json\/wp\/v2\/posts"}],"about":[{"href":"https:\/\/agora.xtec.cat\/escbernarditolra\/wp-json\/wp\/v2\/types\/post"}],"author":[{"embeddable":true,"href":"https:\/\/agora.xtec.cat\/escbernarditolra\/wp-json\/wp\/v2\/users\/1"}],"replies":[{"embeddable":true,"href":"https:\/\/agora.xtec.cat\/escbernarditolra\/wp-json\/wp\/v2\/comments?post=1645"}],"version-history":[{"count":1,"href":"https:\/\/agora.xtec.cat\/escbernarditolra\/wp-json\/wp\/v2\/posts\/1645\/revisions"}],"predecessor-version":[{"id":1647,"href":"https:\/\/agora.xtec.cat\/escbernarditolra\/wp-json\/wp\/v2\/posts\/1645\/revisions\/1647"}],"wp:attachment":[{"href":"https:\/\/agora.xtec.cat\/escbernarditolra\/wp-json\/wp\/v2\/media?parent=1645"}],"wp:term":[{"taxonomy":"category","embeddable":true,"href":"https:\/\/agora.xtec.cat\/escbernarditolra\/wp-json\/wp\/v2\/categories?post=1645"},{"taxonomy":"post_tag","embeddable":true,"href":"https:\/\/agora.xtec.cat\/escbernarditolra\/wp-json\/wp\/v2\/tags?post=1645"}],"curies":[{"name":"wp","href":"https:\/\/api.w.org\/{rel}","templated":true}]}}