{"id":1614,"date":"2018-04-16T16:27:35","date_gmt":"2018-04-16T14:27:35","guid":{"rendered":"http:\/\/agora.xtec.cat\/escbernarditolra\/?p=1614"},"modified":"2018-04-17T12:04:53","modified_gmt":"2018-04-17T10:04:53","slug":"projecte-de-la-bicicleta","status":"publish","type":"post","link":"https:\/\/agora.xtec.cat\/escbernarditolra\/portada\/projecte-de-la-bicicleta\/","title":{"rendered":"Projecte de la bicicleta"},"content":{"rendered":"<p>Divendres, 13 d\u2019abril de 2018<\/p>\n<p>Aquesta tarda ens ha acompanyat Jon Eguizabal, pare d\u2019en Lander i expert en el mitj\u00e0 de transport que estem treballant; la bicicleta.<\/p>\n<p>D\u2019una manera molt entenedora, propera i visual ha apropat els alumnes a l\u2019estil de vida saludable i de respecte cap a l\u2019entorn natural que promou el Ciclisme.<\/p>\n<p>Els nens i nenes de Cicle Inicial li han pogut formular les preguntes de l\u2019entrevista que li han preparat i han pogut veure, entre d\u2019altres molts aspectes, com en Jon canviava la c\u00e0mera de la roda de la seva bicicleta, tot simulant una punxada.<\/p>\n<p>No han faltat elements com el casc, la manxa, les eines, la beguda isot\u00f2nica, la motxilla camell, la c\u00e0mera fotogr\u00e0fica, els llums de posici\u00f3 nocturns&#8230;i, fins i tot les barretes energ\u00e8tiques que han de prendre els ciclistes en marxes llargues.<\/p>\n<p>Les mestres li volem agrair la seva col\u00b7laboraci\u00f3 i, sobretot que ens hagi deixat participar de la seva afici\u00f3 de la manera que ho ha fet; transmetent als infants l\u2019amor per l\u2019esport i el medi ambient.<\/p>\n<p>&nbsp;<\/p>\n<p>Les mestres<\/p>\n<figure id=\"attachment_1615\" aria-describedby=\"caption-attachment-1615\" style=\"width: 1024px\" class=\"wp-caption alignnone\"><a href=\"https:\/\/photos.app.goo.gl\/lJID8VQFFpUckmXA2\"><img loading=\"lazy\" decoding=\"async\" class=\"size-large wp-image-1615\" src=\"http:\/\/agora.xtec.cat\/escbernarditolra\/wp-content\/uploads\/usu1025\/2018\/04\/2018-04-15-PHOTO-00000171-1024x768.jpg\" alt=\"\" width=\"1024\" height=\"768\" srcset=\"https:\/\/agora.xtec.cat\/escbernarditolra\/wp-content\/uploads\/usu1025\/2018\/04\/2018-04-15-PHOTO-00000171-1024x768.jpg 1024w, https:\/\/agora.xtec.cat\/escbernarditolra\/wp-content\/uploads\/usu1025\/2018\/04\/2018-04-15-PHOTO-00000171-300x225.jpg 300w, https:\/\/agora.xtec.cat\/escbernarditolra\/wp-content\/uploads\/usu1025\/2018\/04\/2018-04-15-PHOTO-00000171-768x576.jpg 768w, https:\/\/agora.xtec.cat\/escbernarditolra\/wp-content\/uploads\/usu1025\/2018\/04\/2018-04-15-PHOTO-00000171-200x150.jpg 200w, https:\/\/agora.xtec.cat\/escbernarditolra\/wp-content\/uploads\/usu1025\/2018\/04\/2018-04-15-PHOTO-00000171.jpg 1600w\" sizes=\"auto, (max-width: 1024px) 100vw, 1024px\" \/><\/a><figcaption id=\"caption-attachment-1615\" class=\"wp-caption-text\">Clica sobre la imatge per veure m\u00e9s fotos<\/figcaption><\/figure>\n<p>&nbsp;<\/p>\n<p><a href=\"https:\/\/photos.app.goo.gl\/lJID8VQFFpUckmXA2\"><img loading=\"lazy\" decoding=\"async\" class=\"alignnone size-full wp-image-1617\" src=\"http:\/\/agora.xtec.cat\/escbernarditolra\/wp-content\/uploads\/usu1025\/2018\/04\/IMG_0671.jpg\" alt=\"\" width=\"640\" height=\"480\" srcset=\"https:\/\/agora.xtec.cat\/escbernarditolra\/wp-content\/uploads\/usu1025\/2018\/04\/IMG_0671.jpg 640w, https:\/\/agora.xtec.cat\/escbernarditolra\/wp-content\/uploads\/usu1025\/2018\/04\/IMG_0671-300x225.jpg 300w, https:\/\/agora.xtec.cat\/escbernarditolra\/wp-content\/uploads\/usu1025\/2018\/04\/IMG_0671-200x150.jpg 200w\" sizes=\"auto, (max-width: 640px) 100vw, 640px\" \/><\/a><\/p>\n","protected":false},"excerpt":{"rendered":"<p>Divendres, 13 d\u2019abril de 2018 Aquesta tarda ens ha acompanyat Jon Eguizabal, pare d\u2019en Lander i expert en el mitj\u00e0 de transport que estem treballant; la bicicleta. D\u2019una manera molt entenedora, propera i visual ha apropat els alumnes a l\u2019estil de vida saludable i de respecte cap a l\u2019entorn natural que promou el Ciclisme. Els [&hellip;]<\/p>\n","protected":false},"author":1,"featured_media":0,"comment_status":"open","ping_status":"closed","sticky":false,"template":"","format":"standard","meta":{"_bbp_topic_count":0,"_bbp_reply_count":0,"_bbp_total_topic_count":0,"_bbp_total_reply_count":0,"_bbp_voice_count":0,"_bbp_anonymous_reply_count":0,"_bbp_topic_count_hidden":0,"_bbp_reply_count_hidden":0,"_bbp_forum_subforum_count":0,"site-sidebar-layout":"default","site-content-layout":"","ast-site-content-layout":"","site-content-style":"default","site-sidebar-style":"default","ast-global-header-display":"","ast-banner-title-visibility":"","ast-main-header-display":"","ast-hfb-above-header-display":"","ast-hfb-below-header-display":"","ast-hfb-mobile-header-display":"","site-post-title":"","ast-breadcrumbs-content":"","ast-featured-img":"","footer-sml-layout":"","theme-transparent-header-meta":"","adv-header-id-meta":"","stick-header-meta":"","header-above-stick-meta":"","header-main-stick-meta":"","header-below-stick-meta":"","astra-migrate-meta-layouts":"default","ast-page-background-enabled":"default","ast-page-background-meta":{"desktop":{"background-color":"var(--ast-global-color-4)","background-image":"","background-repeat":"repeat","background-position":"center center","background-size":"auto","background-attachment":"scroll","background-type":"","background-media":"","overlay-type":"","overlay-color":"","overlay-opacity":"","overlay-gradient":""},"tablet":{"background-color":"","background-image":"","background-repeat":"repeat","background-position":"center center","background-size":"auto","background-attachment":"scroll","background-type":"","background-media":"","overlay-type":"","overlay-color":"","overlay-opacity":"","overlay-gradient":""},"mobile":{"background-color":"","background-image":"","background-repeat":"repeat","background-position":"center center","background-size":"auto","background-attachment":"scroll","background-type":"","background-media":"","overlay-type":"","overlay-color":"","overlay-opacity":"","overlay-gradient":""}},"ast-content-background-meta":{"desktop":{"background-color":"var(--ast-global-color-5)","background-image":"","background-repeat":"repeat","background-position":"center center","background-size":"auto","background-attachment":"scroll","background-type":"","background-media":"","overlay-type":"","overlay-color":"","overlay-opacity":"","overlay-gradient":""},"tablet":{"background-color":"var(--ast-global-color-5)","background-image":"","background-repeat":"repeat","background-position":"center center","background-size":"auto","background-attachment":"scroll","background-type":"","background-media":"","overlay-type":"","overlay-color":"","overlay-opacity":"","overlay-gradient":""},"mobile":{"background-color":"var(--ast-global-color-5)","background-image":"","background-repeat":"repeat","background-position":"center center","background-size":"auto","background-attachment":"scroll","background-type":"","background-media":"","overlay-type":"","overlay-color":"","overlay-opacity":"","overlay-gradient":""}},"footnotes":""},"categories":[10,11,38,4,5],"tags":[313,314,225],"class_list":["post-1614","post","type-post","status-publish","format-standard","hentry","category-1r","category-2n","category-verda","category-portada","category-primaria","tag-bicicleta","tag-mitja-de-tansport","tag-projectes"],"post_mailing_queue_ids":[],"_links":{"self":[{"href":"https:\/\/agora.xtec.cat\/escbernarditolra\/wp-json\/wp\/v2\/posts\/1614","targetHints":{"allow":["GET"]}}],"collection":[{"href":"https:\/\/agora.xtec.cat\/escbernarditolra\/wp-json\/wp\/v2\/posts"}],"about":[{"href":"https:\/\/agora.xtec.cat\/escbernarditolra\/wp-json\/wp\/v2\/types\/post"}],"author":[{"embeddable":true,"href":"https:\/\/agora.xtec.cat\/escbernarditolra\/wp-json\/wp\/v2\/users\/1"}],"replies":[{"embeddable":true,"href":"https:\/\/agora.xtec.cat\/escbernarditolra\/wp-json\/wp\/v2\/comments?post=1614"}],"version-history":[{"count":2,"href":"https:\/\/agora.xtec.cat\/escbernarditolra\/wp-json\/wp\/v2\/posts\/1614\/revisions"}],"predecessor-version":[{"id":1618,"href":"https:\/\/agora.xtec.cat\/escbernarditolra\/wp-json\/wp\/v2\/posts\/1614\/revisions\/1618"}],"wp:attachment":[{"href":"https:\/\/agora.xtec.cat\/escbernarditolra\/wp-json\/wp\/v2\/media?parent=1614"}],"wp:term":[{"taxonomy":"category","embeddable":true,"href":"https:\/\/agora.xtec.cat\/escbernarditolra\/wp-json\/wp\/v2\/categories?post=1614"},{"taxonomy":"post_tag","embeddable":true,"href":"https:\/\/agora.xtec.cat\/escbernarditolra\/wp-json\/wp\/v2\/tags?post=1614"}],"curies":[{"name":"wp","href":"https:\/\/api.w.org\/{rel}","templated":true}]}}