{"id":1437,"date":"2017-12-05T15:46:14","date_gmt":"2017-12-05T14:46:14","guid":{"rendered":"http:\/\/agora.xtec.cat\/escbernarditolra\/?p=1437"},"modified":"2017-12-05T15:46:27","modified_gmt":"2017-12-05T14:46:27","slug":"construccio-duna-cuineta-al-pati-de-lescola","status":"publish","type":"post","link":"https:\/\/agora.xtec.cat\/escbernarditolra\/general\/construccio-duna-cuineta-al-pati-de-lescola\/","title":{"rendered":"Construcci\u00f3 d&#8217;una cuineta pel pati de l&#8217;escola"},"content":{"rendered":"<p>L&#8217;Escola Bernard\u00ed Tolr\u00e0 t\u00e9 el goig de comptar, sempre que es demana, amb la col\u00b7laboraci\u00f3 de les fam\u00edlies. En aquest cas fou per a construir una cuineta de material reciclat al pati de l&#8217;escola. Un total de vint fam\u00edlies es van implicar en el projecte que es va iniciar amb una reuni\u00f3 per tal de decidir qu\u00e8 es volia fer, i es va continuar amb un parell de matins de diumenge, un per preparar el material i l&#8217;altre per realitzar la construci\u00f3. Tot plegat va finalitzar amb un dinar de germanor amb les fam\u00edlies i mestres implicats en el projecte. Vist l&#8217;\u00e8xit, es continuar\u00e0 remodelant el pati de l&#8217;escola.<\/p>\n<figure id=\"attachment_1438\" aria-describedby=\"caption-attachment-1438\" style=\"width: 1024px\" class=\"wp-caption alignnone\"><a href=\"https:\/\/photos.app.goo.gl\/VoEdET03gOnI83kR2\"><img loading=\"lazy\" decoding=\"async\" class=\"size-large wp-image-1438\" src=\"http:\/\/agora.xtec.cat\/escbernarditolra\/wp-content\/uploads\/usu1025\/2017\/12\/IMG_0478-1024x576.jpg\" alt=\"\" width=\"1024\" height=\"576\" srcset=\"https:\/\/agora.xtec.cat\/escbernarditolra\/wp-content\/uploads\/usu1025\/2017\/12\/IMG_0478-1024x576.jpg 1024w, https:\/\/agora.xtec.cat\/escbernarditolra\/wp-content\/uploads\/usu1025\/2017\/12\/IMG_0478-300x169.jpg 300w, https:\/\/agora.xtec.cat\/escbernarditolra\/wp-content\/uploads\/usu1025\/2017\/12\/IMG_0478-768x432.jpg 768w, https:\/\/agora.xtec.cat\/escbernarditolra\/wp-content\/uploads\/usu1025\/2017\/12\/IMG_0478.jpg 1599w\" sizes=\"auto, (max-width: 1024px) 100vw, 1024px\" \/><\/a><figcaption id=\"caption-attachment-1438\" class=\"wp-caption-text\">Clica sobre la imatge per veure m\u00e9s fotos<\/figcaption><\/figure>\n","protected":false},"excerpt":{"rendered":"<p>L&#8217;Escola Bernard\u00ed Tolr\u00e0 t\u00e9 el goig de comptar, sempre que es demana, amb la col\u00b7laboraci\u00f3 de les fam\u00edlies. En aquest cas fou per a construir una cuineta de material reciclat al pati de l&#8217;escola. Un total de vint fam\u00edlies es van implicar en el projecte que es va iniciar amb una reuni\u00f3 per tal de [&hellip;]<\/p>\n","protected":false},"author":1,"featured_media":0,"comment_status":"open","ping_status":"closed","sticky":false,"template":"","format":"standard","meta":{"_bbp_topic_count":0,"_bbp_reply_count":0,"_bbp_total_topic_count":0,"_bbp_total_reply_count":0,"_bbp_voice_count":0,"_bbp_anonymous_reply_count":0,"_bbp_topic_count_hidden":0,"_bbp_reply_count_hidden":0,"_bbp_forum_subforum_count":0,"site-sidebar-layout":"default","site-content-layout":"","ast-site-content-layout":"","site-content-style":"default","site-sidebar-style":"default","ast-global-header-display":"","ast-banner-title-visibility":"","ast-main-header-display":"","ast-hfb-above-header-display":"","ast-hfb-below-header-display":"","ast-hfb-mobile-header-display":"","site-post-title":"","ast-breadcrumbs-content":"","ast-featured-img":"","footer-sml-layout":"","theme-transparent-header-meta":"","adv-header-id-meta":"","stick-header-meta":"","header-above-stick-meta":"","header-main-stick-meta":"","header-below-stick-meta":"","astra-migrate-meta-layouts":"default","ast-page-background-enabled":"default","ast-page-background-meta":{"desktop":{"background-color":"var(--ast-global-color-4)","background-image":"","background-repeat":"repeat","background-position":"center center","background-size":"auto","background-attachment":"scroll","background-type":"","background-media":"","overlay-type":"","overlay-color":"","overlay-opacity":"","overlay-gradient":""},"tablet":{"background-color":"","background-image":"","background-repeat":"repeat","background-position":"center center","background-size":"auto","background-attachment":"scroll","background-type":"","background-media":"","overlay-type":"","overlay-color":"","overlay-opacity":"","overlay-gradient":""},"mobile":{"background-color":"","background-image":"","background-repeat":"repeat","background-position":"center center","background-size":"auto","background-attachment":"scroll","background-type":"","background-media":"","overlay-type":"","overlay-color":"","overlay-opacity":"","overlay-gradient":""}},"ast-content-background-meta":{"desktop":{"background-color":"var(--ast-global-color-5)","background-image":"","background-repeat":"repeat","background-position":"center center","background-size":"auto","background-attachment":"scroll","background-type":"","background-media":"","overlay-type":"","overlay-color":"","overlay-opacity":"","overlay-gradient":""},"tablet":{"background-color":"var(--ast-global-color-5)","background-image":"","background-repeat":"repeat","background-position":"center center","background-size":"auto","background-attachment":"scroll","background-type":"","background-media":"","overlay-type":"","overlay-color":"","overlay-opacity":"","overlay-gradient":""},"mobile":{"background-color":"var(--ast-global-color-5)","background-image":"","background-repeat":"repeat","background-position":"center center","background-size":"auto","background-attachment":"scroll","background-type":"","background-media":"","overlay-type":"","overlay-color":"","overlay-opacity":"","overlay-gradient":""}},"footnotes":""},"categories":[1,2,3,8,9,4,5],"tags":[258],"class_list":["post-1437","post","type-post","status-publish","format-standard","hentry","category-general","category-infantil","category-p3","category-p4","category-p5","category-portada","category-primaria","tag-cuineta"],"post_mailing_queue_ids":[],"_links":{"self":[{"href":"https:\/\/agora.xtec.cat\/escbernarditolra\/wp-json\/wp\/v2\/posts\/1437","targetHints":{"allow":["GET"]}}],"collection":[{"href":"https:\/\/agora.xtec.cat\/escbernarditolra\/wp-json\/wp\/v2\/posts"}],"about":[{"href":"https:\/\/agora.xtec.cat\/escbernarditolra\/wp-json\/wp\/v2\/types\/post"}],"author":[{"embeddable":true,"href":"https:\/\/agora.xtec.cat\/escbernarditolra\/wp-json\/wp\/v2\/users\/1"}],"replies":[{"embeddable":true,"href":"https:\/\/agora.xtec.cat\/escbernarditolra\/wp-json\/wp\/v2\/comments?post=1437"}],"version-history":[{"count":2,"href":"https:\/\/agora.xtec.cat\/escbernarditolra\/wp-json\/wp\/v2\/posts\/1437\/revisions"}],"predecessor-version":[{"id":1440,"href":"https:\/\/agora.xtec.cat\/escbernarditolra\/wp-json\/wp\/v2\/posts\/1437\/revisions\/1440"}],"wp:attachment":[{"href":"https:\/\/agora.xtec.cat\/escbernarditolra\/wp-json\/wp\/v2\/media?parent=1437"}],"wp:term":[{"taxonomy":"category","embeddable":true,"href":"https:\/\/agora.xtec.cat\/escbernarditolra\/wp-json\/wp\/v2\/categories?post=1437"},{"taxonomy":"post_tag","embeddable":true,"href":"https:\/\/agora.xtec.cat\/escbernarditolra\/wp-json\/wp\/v2\/tags?post=1437"}],"curies":[{"name":"wp","href":"https:\/\/api.w.org\/{rel}","templated":true}]}}