{"id":1297,"date":"2017-10-18T20:43:55","date_gmt":"2017-10-18T18:43:55","guid":{"rendered":"http:\/\/agora.xtec.cat\/escbernarditolra\/?p=1297"},"modified":"2017-10-18T20:43:55","modified_gmt":"2017-10-18T18:43:55","slug":"fem-pizza-a-lescola","status":"publish","type":"post","link":"https:\/\/agora.xtec.cat\/escbernarditolra\/portada\/fem-pizza-a-lescola\/","title":{"rendered":"Fem pizza a l&#8217;escola"},"content":{"rendered":"<p>Els alumnes de cicle mitj\u00e0, ja portem uns dies treballant la recepta.<\/p>\n<p>Avui hem posat en pr\u00e0ctica una recepta pr\u00e8viament ja treballada a classe. Hem fet pizzes, elaborant des del principi la massa i amb l&#8217;ajuda de les fam\u00edlies (al migdia les han ficat al forn) a la tarda ens les hem menjat !<\/p>\n<p>Estaven bon\u00edssimes!!!<\/p>\n<p>&nbsp;<\/p>\n<figure id=\"attachment_1298\" aria-describedby=\"caption-attachment-1298\" style=\"width: 768px\" class=\"wp-caption alignnone\"><a href=\"https:\/\/photos.app.goo.gl\/en5uoMSjZTrMMcHE3\"><img loading=\"lazy\" decoding=\"async\" class=\"size-large wp-image-1298\" src=\"http:\/\/agora.xtec.cat\/escbernarditolra\/wp-content\/uploads\/usu1025\/2017\/10\/IMG_5229-768x1024.jpg\" alt=\"\" width=\"768\" height=\"1024\" srcset=\"https:\/\/agora.xtec.cat\/escbernarditolra\/wp-content\/uploads\/usu1025\/2017\/10\/IMG_5229-768x1024.jpg 768w, https:\/\/agora.xtec.cat\/escbernarditolra\/wp-content\/uploads\/usu1025\/2017\/10\/IMG_5229-225x300.jpg 225w, https:\/\/agora.xtec.cat\/escbernarditolra\/wp-content\/uploads\/usu1025\/2017\/10\/IMG_5229.jpg 1200w\" sizes=\"auto, (max-width: 768px) 100vw, 768px\" \/><\/a><figcaption id=\"caption-attachment-1298\" class=\"wp-caption-text\">Clica sobre la imatge per veure m\u00e9s fotos.<\/figcaption><\/figure>\n","protected":false},"excerpt":{"rendered":"<p>Els alumnes de cicle mitj\u00e0, ja portem uns dies treballant la recepta. Avui hem posat en pr\u00e0ctica una recepta pr\u00e8viament ja treballada a classe. Hem fet pizzes, elaborant des del principi la massa i amb l&#8217;ajuda de les fam\u00edlies (al migdia les han ficat al forn) a la tarda ens les hem menjat ! Estaven [&hellip;]<\/p>\n","protected":false},"author":1,"featured_media":0,"comment_status":"open","ping_status":"closed","sticky":false,"template":"","format":"standard","meta":{"_bbp_topic_count":0,"_bbp_reply_count":0,"_bbp_total_topic_count":0,"_bbp_total_reply_count":0,"_bbp_voice_count":0,"_bbp_anonymous_reply_count":0,"_bbp_topic_count_hidden":0,"_bbp_reply_count_hidden":0,"_bbp_forum_subforum_count":0,"site-sidebar-layout":"default","site-content-layout":"","ast-site-content-layout":"","site-content-style":"default","site-sidebar-style":"default","ast-global-header-display":"","ast-banner-title-visibility":"","ast-main-header-display":"","ast-hfb-above-header-display":"","ast-hfb-below-header-display":"","ast-hfb-mobile-header-display":"","site-post-title":"","ast-breadcrumbs-content":"","ast-featured-img":"","footer-sml-layout":"","theme-transparent-header-meta":"","adv-header-id-meta":"","stick-header-meta":"","header-above-stick-meta":"","header-main-stick-meta":"","header-below-stick-meta":"","astra-migrate-meta-layouts":"default","ast-page-background-enabled":"default","ast-page-background-meta":{"desktop":{"background-color":"var(--ast-global-color-4)","background-image":"","background-repeat":"repeat","background-position":"center center","background-size":"auto","background-attachment":"scroll","background-type":"","background-media":"","overlay-type":"","overlay-color":"","overlay-opacity":"","overlay-gradient":""},"tablet":{"background-color":"","background-image":"","background-repeat":"repeat","background-position":"center center","background-size":"auto","background-attachment":"scroll","background-type":"","background-media":"","overlay-type":"","overlay-color":"","overlay-opacity":"","overlay-gradient":""},"mobile":{"background-color":"","background-image":"","background-repeat":"repeat","background-position":"center center","background-size":"auto","background-attachment":"scroll","background-type":"","background-media":"","overlay-type":"","overlay-color":"","overlay-opacity":"","overlay-gradient":""}},"ast-content-background-meta":{"desktop":{"background-color":"var(--ast-global-color-5)","background-image":"","background-repeat":"repeat","background-position":"center center","background-size":"auto","background-attachment":"scroll","background-type":"","background-media":"","overlay-type":"","overlay-color":"","overlay-opacity":"","overlay-gradient":""},"tablet":{"background-color":"var(--ast-global-color-5)","background-image":"","background-repeat":"repeat","background-position":"center center","background-size":"auto","background-attachment":"scroll","background-type":"","background-media":"","overlay-type":"","overlay-color":"","overlay-opacity":"","overlay-gradient":""},"mobile":{"background-color":"var(--ast-global-color-5)","background-image":"","background-repeat":"repeat","background-position":"center center","background-size":"auto","background-attachment":"scroll","background-type":"","background-media":"","overlay-type":"","overlay-color":"","overlay-opacity":"","overlay-gradient":""}},"footnotes":""},"categories":[12,13,4,5],"tags":[236,235],"class_list":["post-1297","post","type-post","status-publish","format-standard","hentry","category-3r","category-4t","category-portada","category-primaria","tag-fem-pizzes","tag-taller-de-cuina"],"post_mailing_queue_ids":[],"_links":{"self":[{"href":"https:\/\/agora.xtec.cat\/escbernarditolra\/wp-json\/wp\/v2\/posts\/1297","targetHints":{"allow":["GET"]}}],"collection":[{"href":"https:\/\/agora.xtec.cat\/escbernarditolra\/wp-json\/wp\/v2\/posts"}],"about":[{"href":"https:\/\/agora.xtec.cat\/escbernarditolra\/wp-json\/wp\/v2\/types\/post"}],"author":[{"embeddable":true,"href":"https:\/\/agora.xtec.cat\/escbernarditolra\/wp-json\/wp\/v2\/users\/1"}],"replies":[{"embeddable":true,"href":"https:\/\/agora.xtec.cat\/escbernarditolra\/wp-json\/wp\/v2\/comments?post=1297"}],"version-history":[{"count":1,"href":"https:\/\/agora.xtec.cat\/escbernarditolra\/wp-json\/wp\/v2\/posts\/1297\/revisions"}],"predecessor-version":[{"id":1299,"href":"https:\/\/agora.xtec.cat\/escbernarditolra\/wp-json\/wp\/v2\/posts\/1297\/revisions\/1299"}],"wp:attachment":[{"href":"https:\/\/agora.xtec.cat\/escbernarditolra\/wp-json\/wp\/v2\/media?parent=1297"}],"wp:term":[{"taxonomy":"category","embeddable":true,"href":"https:\/\/agora.xtec.cat\/escbernarditolra\/wp-json\/wp\/v2\/categories?post=1297"},{"taxonomy":"post_tag","embeddable":true,"href":"https:\/\/agora.xtec.cat\/escbernarditolra\/wp-json\/wp\/v2\/tags?post=1297"}],"curies":[{"name":"wp","href":"https:\/\/api.w.org\/{rel}","templated":true}]}}