{"id":1106,"date":"2017-05-23T22:24:52","date_gmt":"2017-05-23T20:24:52","guid":{"rendered":"http:\/\/agora.xtec.cat\/escbernarditolra\/?p=1106"},"modified":"2017-05-23T22:24:52","modified_gmt":"2017-05-23T20:24:52","slug":"sessions-de-plastica-a-p4","status":"publish","type":"post","link":"https:\/\/agora.xtec.cat\/escbernarditolra\/infantil\/sessions-de-plastica-a-p4\/","title":{"rendered":"Sessions de pl\u00e0stica a P4"},"content":{"rendered":"<p>L\u2019alumnat de P4 ha treballat l\u2019artista franc\u00e8s: Herv\u00e9 Tullet. Una t\u00e8cnica que permet a cada alumne expressar sobre el paper i de manera creativa,<\/p>\n<p>all\u00f2 que percep a trav\u00e9s dels sentits i segons la seva pr\u00f2pia visi\u00f3 del m\u00f3n . Les obres dels petits artistes porten per t\u00edtol: \u201cCERCLES\u201d i \u201cCAMP DE FLORS\u201d.<\/p>\n<figure id=\"attachment_1107\" aria-describedby=\"caption-attachment-1107\" style=\"width: 1024px\" class=\"wp-caption alignnone\"><a href=\"https:\/\/goo.gl\/photos\/Xni2WVq2RhVu3E7D9\"><img loading=\"lazy\" decoding=\"async\" class=\"size-large wp-image-1107\" src=\"http:\/\/agora.xtec.cat\/escbernarditolra\/wp-content\/uploads\/usu1025\/2017\/05\/IMG_6827-1-1024x768.jpg\" alt=\"Clica sobre la imatge per veure m\u00e9s fotos. \" width=\"1024\" height=\"768\" srcset=\"https:\/\/agora.xtec.cat\/escbernarditolra\/wp-content\/uploads\/usu1025\/2017\/05\/IMG_6827-1-1024x768.jpg 1024w, https:\/\/agora.xtec.cat\/escbernarditolra\/wp-content\/uploads\/usu1025\/2017\/05\/IMG_6827-1-300x225.jpg 300w, https:\/\/agora.xtec.cat\/escbernarditolra\/wp-content\/uploads\/usu1025\/2017\/05\/IMG_6827-1-768x576.jpg 768w, https:\/\/agora.xtec.cat\/escbernarditolra\/wp-content\/uploads\/usu1025\/2017\/05\/IMG_6827-1-200x150.jpg 200w, https:\/\/agora.xtec.cat\/escbernarditolra\/wp-content\/uploads\/usu1025\/2017\/05\/IMG_6827-1.jpg 2027w\" sizes=\"auto, (max-width: 1024px) 100vw, 1024px\" \/><\/a><figcaption id=\"caption-attachment-1107\" class=\"wp-caption-text\">Clica sobre la imatge per veure m\u00e9s fotos.<\/figcaption><\/figure>\n<p>&nbsp;<\/p>\n","protected":false},"excerpt":{"rendered":"<p>L\u2019alumnat de P4 ha treballat l\u2019artista franc\u00e8s: Herv\u00e9 Tullet. Una t\u00e8cnica que permet a cada alumne expressar sobre el paper i de manera creativa, all\u00f2 que percep a trav\u00e9s dels sentits i segons la seva pr\u00f2pia visi\u00f3 del m\u00f3n . Les obres dels petits artistes porten per t\u00edtol: \u201cCERCLES\u201d i \u201cCAMP DE FLORS\u201d. &nbsp;<\/p>\n","protected":false},"author":1,"featured_media":0,"comment_status":"open","ping_status":"open","sticky":false,"template":"","format":"standard","meta":{"_bbp_topic_count":0,"_bbp_reply_count":0,"_bbp_total_topic_count":0,"_bbp_total_reply_count":0,"_bbp_voice_count":0,"_bbp_anonymous_reply_count":0,"_bbp_topic_count_hidden":0,"_bbp_reply_count_hidden":0,"_bbp_forum_subforum_count":0,"site-sidebar-layout":"default","site-content-layout":"","ast-site-content-layout":"","site-content-style":"default","site-sidebar-style":"default","ast-global-header-display":"","ast-banner-title-visibility":"","ast-main-header-display":"","ast-hfb-above-header-display":"","ast-hfb-below-header-display":"","ast-hfb-mobile-header-display":"","site-post-title":"","ast-breadcrumbs-content":"","ast-featured-img":"","footer-sml-layout":"","theme-transparent-header-meta":"","adv-header-id-meta":"","stick-header-meta":"","header-above-stick-meta":"","header-main-stick-meta":"","header-below-stick-meta":"","astra-migrate-meta-layouts":"default","ast-page-background-enabled":"default","ast-page-background-meta":{"desktop":{"background-color":"var(--ast-global-color-4)","background-image":"","background-repeat":"repeat","background-position":"center center","background-size":"auto","background-attachment":"scroll","background-type":"","background-media":"","overlay-type":"","overlay-color":"","overlay-opacity":"","overlay-gradient":""},"tablet":{"background-color":"","background-image":"","background-repeat":"repeat","background-position":"center center","background-size":"auto","background-attachment":"scroll","background-type":"","background-media":"","overlay-type":"","overlay-color":"","overlay-opacity":"","overlay-gradient":""},"mobile":{"background-color":"","background-image":"","background-repeat":"repeat","background-position":"center center","background-size":"auto","background-attachment":"scroll","background-type":"","background-media":"","overlay-type":"","overlay-color":"","overlay-opacity":"","overlay-gradient":""}},"ast-content-background-meta":{"desktop":{"background-color":"var(--ast-global-color-5)","background-image":"","background-repeat":"repeat","background-position":"center center","background-size":"auto","background-attachment":"scroll","background-type":"","background-media":"","overlay-type":"","overlay-color":"","overlay-opacity":"","overlay-gradient":""},"tablet":{"background-color":"var(--ast-global-color-5)","background-image":"","background-repeat":"repeat","background-position":"center center","background-size":"auto","background-attachment":"scroll","background-type":"","background-media":"","overlay-type":"","overlay-color":"","overlay-opacity":"","overlay-gradient":""},"mobile":{"background-color":"var(--ast-global-color-5)","background-image":"","background-repeat":"repeat","background-position":"center center","background-size":"auto","background-attachment":"scroll","background-type":"","background-media":"","overlay-type":"","overlay-color":"","overlay-opacity":"","overlay-gradient":""}},"footnotes":""},"categories":[2,8,4],"tags":[179,17],"class_list":["post-1106","post","type-post","status-publish","format-standard","hentry","category-infantil","category-p4","category-portada","tag-herve-tullet","tag-plastica"],"post_mailing_queue_ids":[],"_links":{"self":[{"href":"https:\/\/agora.xtec.cat\/escbernarditolra\/wp-json\/wp\/v2\/posts\/1106","targetHints":{"allow":["GET"]}}],"collection":[{"href":"https:\/\/agora.xtec.cat\/escbernarditolra\/wp-json\/wp\/v2\/posts"}],"about":[{"href":"https:\/\/agora.xtec.cat\/escbernarditolra\/wp-json\/wp\/v2\/types\/post"}],"author":[{"embeddable":true,"href":"https:\/\/agora.xtec.cat\/escbernarditolra\/wp-json\/wp\/v2\/users\/1"}],"replies":[{"embeddable":true,"href":"https:\/\/agora.xtec.cat\/escbernarditolra\/wp-json\/wp\/v2\/comments?post=1106"}],"version-history":[{"count":1,"href":"https:\/\/agora.xtec.cat\/escbernarditolra\/wp-json\/wp\/v2\/posts\/1106\/revisions"}],"predecessor-version":[{"id":1108,"href":"https:\/\/agora.xtec.cat\/escbernarditolra\/wp-json\/wp\/v2\/posts\/1106\/revisions\/1108"}],"wp:attachment":[{"href":"https:\/\/agora.xtec.cat\/escbernarditolra\/wp-json\/wp\/v2\/media?parent=1106"}],"wp:term":[{"taxonomy":"category","embeddable":true,"href":"https:\/\/agora.xtec.cat\/escbernarditolra\/wp-json\/wp\/v2\/categories?post=1106"},{"taxonomy":"post_tag","embeddable":true,"href":"https:\/\/agora.xtec.cat\/escbernarditolra\/wp-json\/wp\/v2\/tags?post=1106"}],"curies":[{"name":"wp","href":"https:\/\/api.w.org\/{rel}","templated":true}]}}