{"id":3115,"date":"2020-05-18T20:17:36","date_gmt":"2020-05-18T18:17:36","guid":{"rendered":"http:\/\/agora.xtec.cat\/escbenissanet\/?p=3115"},"modified":"2021-03-29T17:19:28","modified_gmt":"2021-03-29T15:19:28","slug":"prestatges-confinats","status":"publish","type":"post","link":"https:\/\/agora.xtec.cat\/escbenissanet\/primaria\/ciclesuperior\/prestatges-confinats\/","title":{"rendered":"PRESTATGES CONFINATS"},"content":{"rendered":"<p>Avui us presento una prestatgeria especial: Prestatges confinats. Aqu\u00ed trobareu els dos Diaris de confinament elaborats fins ara a partir de les tasques dels alumnes de Cicle Superior i altres propostes que hem anat fent durant aquest llarg per\u00edode de treball telem\u00e0tic. No \u00e9s tot el que hem fet per\u00f2 \u00e9s una mostra molt representativa de com estem treballant des de casa a causa de la pand\u00e8mia del Covid-19. Desitgem que us agradin les propostes i podeu fer-ne \u00fas, si voleu superar els reptes que amaguen.<\/p>\n<div style=\"width: 100%;\">\n<div style=\"position: relative; padding-bottom: 56.25%; padding-top: 0; height: 0;\"><iframe loading=\"lazy\" src=\"https:\/\/view.genial.ly\/5ec1d8978e243b0d5a3381a6\" width=\"1200px\" height=\"675px\" frameborder=\"0\"><\/iframe><\/div>\n<\/div>\n","protected":false},"excerpt":{"rendered":"<p>Avui us presento una prestatgeria especial: Prestatges confinats. Aqu\u00ed trobareu els dos Diaris de confinament elaborats fins ara a partir de les tasques dels alumnes de Cicle Superior i altres propostes que hem anat fent durant aquest llarg per\u00edode de treball telem\u00e0tic. No \u00e9s tot&hellip;  <a href=\"https:\/\/agora.xtec.cat\/escbenissanet\/primaria\/ciclesuperior\/prestatges-confinats\/\" title=\"Read PRESTATGES CONFINATS\">Llegeix m\u00e9s\u00bb<\/a><\/p>\n","protected":false},"author":1,"featured_media":3117,"comment_status":"open","ping_status":"closed","sticky":false,"template":"","format":"standard","meta":{"_bbp_topic_count":0,"_bbp_reply_count":0,"_bbp_total_topic_count":0,"_bbp_total_reply_count":0,"_bbp_voice_count":0,"_bbp_anonymous_reply_count":0,"_bbp_topic_count_hidden":0,"_bbp_reply_count_hidden":0,"_bbp_forum_subforum_count":0,"footnotes":""},"categories":[109,65,82],"tags":[333,84,250,248],"class_list":["post-3115","post","type-post","status-publish","format-standard","has-post-thumbnail","hentry","category-biblioteca","category-ciclesuperior","category-gust-per-la-lectura","tag-2019-2020","tag-cicle-superior","tag-confinament","tag-covid-19"],"post_mailing_queue_ids":[],"_links":{"self":[{"href":"https:\/\/agora.xtec.cat\/escbenissanet\/wp-json\/wp\/v2\/posts\/3115","targetHints":{"allow":["GET"]}}],"collection":[{"href":"https:\/\/agora.xtec.cat\/escbenissanet\/wp-json\/wp\/v2\/posts"}],"about":[{"href":"https:\/\/agora.xtec.cat\/escbenissanet\/wp-json\/wp\/v2\/types\/post"}],"author":[{"embeddable":true,"href":"https:\/\/agora.xtec.cat\/escbenissanet\/wp-json\/wp\/v2\/users\/1"}],"replies":[{"embeddable":true,"href":"https:\/\/agora.xtec.cat\/escbenissanet\/wp-json\/wp\/v2\/comments?post=3115"}],"version-history":[{"count":2,"href":"https:\/\/agora.xtec.cat\/escbenissanet\/wp-json\/wp\/v2\/posts\/3115\/revisions"}],"predecessor-version":[{"id":3118,"href":"https:\/\/agora.xtec.cat\/escbenissanet\/wp-json\/wp\/v2\/posts\/3115\/revisions\/3118"}],"wp:featuredmedia":[{"embeddable":true,"href":"https:\/\/agora.xtec.cat\/escbenissanet\/wp-json\/wp\/v2\/media\/3117"}],"wp:attachment":[{"href":"https:\/\/agora.xtec.cat\/escbenissanet\/wp-json\/wp\/v2\/media?parent=3115"}],"wp:term":[{"taxonomy":"category","embeddable":true,"href":"https:\/\/agora.xtec.cat\/escbenissanet\/wp-json\/wp\/v2\/categories?post=3115"},{"taxonomy":"post_tag","embeddable":true,"href":"https:\/\/agora.xtec.cat\/escbenissanet\/wp-json\/wp\/v2\/tags?post=3115"}],"curies":[{"name":"wp","href":"https:\/\/api.w.org\/{rel}","templated":true}]}}