{"id":1070,"date":"2017-11-18T19:38:37","date_gmt":"2017-11-18T18:38:37","guid":{"rendered":"http:\/\/agora.xtec.cat\/escbenissanet\/?p=1070"},"modified":"2021-03-29T20:09:43","modified_gmt":"2021-03-29T18:09:43","slug":"recomanacio-den-pol","status":"publish","type":"post","link":"https:\/\/agora.xtec.cat\/escbenissanet\/biblioteca\/gust-per-la-lectura\/recomanacio-den-pol\/","title":{"rendered":"Recomanaci\u00f3 d&#8217;en Pol, cicle inicial"},"content":{"rendered":"<p>En Pol, de segon, ens presenta un conte molt divertit titulat &#8220;Els tres \u00f3ssos&#8221;. Juntament amb aquests animalons hi ha la R\u00ednxols d&#8217;or. Escolteu b\u00e9 i sabreu qu\u00e8 passa.<\/p>\n<div style=\"position: relative; height: 0; padding-bottom: 56.25%;\"><iframe loading=\"lazy\" src=\"https:\/\/www.youtube.com\/embed\/fmYMjylzGmA?rel=0?ecver=2\" width=\"640\" height=\"360\" frameborder=\"0\"><\/iframe><\/div>\n","protected":false},"excerpt":{"rendered":"<p>En Pol, de segon, ens presenta un conte molt divertit titulat &#8220;Els tres \u00f3ssos&#8221;. Juntament amb aquests animalons hi ha la R\u00ednxols d&#8217;or. Escolteu b\u00e9 i sabreu qu\u00e8 passa.<\/p>\n","protected":false},"author":1,"featured_media":943,"comment_status":"open","ping_status":"closed","sticky":false,"template":"","format":"standard","meta":{"_bbp_topic_count":0,"_bbp_reply_count":0,"_bbp_total_topic_count":0,"_bbp_total_reply_count":0,"_bbp_voice_count":0,"_bbp_anonymous_reply_count":0,"_bbp_topic_count_hidden":0,"_bbp_reply_count_hidden":0,"_bbp_forum_subforum_count":0,"footnotes":""},"categories":[109,122,82],"tags":[334,85,80],"class_list":["post-1070","post","type-post","status-publish","format-standard","has-post-thumbnail","hentry","category-biblioteca","category-cicle-inicial","category-gust-per-la-lectura","tag-2017-2018","tag-cicle-inicial","tag-gust-per-la-lectura"],"post_mailing_queue_ids":[],"_links":{"self":[{"href":"https:\/\/agora.xtec.cat\/escbenissanet\/wp-json\/wp\/v2\/posts\/1070","targetHints":{"allow":["GET"]}}],"collection":[{"href":"https:\/\/agora.xtec.cat\/escbenissanet\/wp-json\/wp\/v2\/posts"}],"about":[{"href":"https:\/\/agora.xtec.cat\/escbenissanet\/wp-json\/wp\/v2\/types\/post"}],"author":[{"embeddable":true,"href":"https:\/\/agora.xtec.cat\/escbenissanet\/wp-json\/wp\/v2\/users\/1"}],"replies":[{"embeddable":true,"href":"https:\/\/agora.xtec.cat\/escbenissanet\/wp-json\/wp\/v2\/comments?post=1070"}],"version-history":[{"count":3,"href":"https:\/\/agora.xtec.cat\/escbenissanet\/wp-json\/wp\/v2\/posts\/1070\/revisions"}],"predecessor-version":[{"id":4038,"href":"https:\/\/agora.xtec.cat\/escbenissanet\/wp-json\/wp\/v2\/posts\/1070\/revisions\/4038"}],"wp:featuredmedia":[{"embeddable":true,"href":"https:\/\/agora.xtec.cat\/escbenissanet\/wp-json\/wp\/v2\/media\/943"}],"wp:attachment":[{"href":"https:\/\/agora.xtec.cat\/escbenissanet\/wp-json\/wp\/v2\/media?parent=1070"}],"wp:term":[{"taxonomy":"category","embeddable":true,"href":"https:\/\/agora.xtec.cat\/escbenissanet\/wp-json\/wp\/v2\/categories?post=1070"},{"taxonomy":"post_tag","embeddable":true,"href":"https:\/\/agora.xtec.cat\/escbenissanet\/wp-json\/wp\/v2\/tags?post=1070"}],"curies":[{"name":"wp","href":"https:\/\/api.w.org\/{rel}","templated":true}]}}