{"id":4542,"date":"2026-04-23T23:07:57","date_gmt":"2026-04-23T21:07:57","guid":{"rendered":"https:\/\/agora.xtec.cat\/escbellavista\/?p=4542"},"modified":"2026-04-23T23:08:04","modified_gmt":"2026-04-23T21:08:04","slug":"una-diada-de-sant-jordi-inoblidable-a-lescola","status":"publish","type":"post","link":"https:\/\/agora.xtec.cat\/escbellavista\/general\/una-diada-de-sant-jordi-inoblidable-a-lescola\/","title":{"rendered":"Una Diada de Sant Jordi inoblidable a l\u2019escola!"},"content":{"rendered":"<p>Avui hem celebrat una de les festes m\u00e9s especials del calendari: Sant Jordi. Ha estat una jornada plena de cultura, art i conviv\u00e8ncia on tot l\u2019alumnat, des dels m\u00e9s petits fins als m\u00e9s grans, ha gaudit d&#8217;un dia m\u00e0gic.<\/p>\n<p><strong>Infantil: Creativitat i una visita sorpresa<\/strong><br \/>\nEls nens i nenes d&#8217;Educaci\u00f3 Infantil han comen\u00e7at el mat\u00ed amb diversos tallers tem\u00e0tics. Han omplert les aules de m\u00fasica cantant can\u00e7ons, han creat aut\u00e8ntiques obres d&#8217;art i han compartit moments de joc molt divertits.<\/p>\n<p>La gran sorpresa ha arribat despr\u00e9s del pati: el cavaller Sant Jordi en persona ha vingut a visitar-nos! El cavaller ha volgut recon\u00e8ixer l&#8217;esfor\u00e7 dels m\u00e9s petits entregant un diploma i un conte nou per a la biblioteca de cada classe. Ha estat un moment ple d&#8217;il\u00b7lusi\u00f3 i somriures.<\/p>\n<p><strong>Prim\u00e0ria: Lletres, premis i art compartit<\/strong><br \/>\nA Prim\u00e0ria, el mat\u00ed ha estat marcat pel talent literari amb la celebraci\u00f3 dels Jocs Florals. S\u2019han entregat els premis a les guanyadores, que han rebut diplomes i llibres, i s\u2019ha fet un reconeixement a totes les finalistes, que tamb\u00e9 han rebut el seu diploma. A m\u00e9s, cada classe ha rebut un \u00e0lbum il\u00b7lustrat per continuar fomentant el gust per la lectura.<\/p>\n<p>Despr\u00e9s d&#8217;agafar forces al pati, l\u2019alumnat s\u2019ha barrejat per participar en un taller cooperatiu de pintar pedres, on han pogut treure la seva faceta m\u00e9s art\u00edstica creant dissenys \u00fanics i colorits.<\/p>\n<p><strong>Una cloenda espectacular<\/strong><br \/>\nPer tancar aquesta jornada tan intensa, a la tarda ens hem reunit tots al pati per gaudir de la tradicional representaci\u00f3 de la llegenda de sant Jordi. Els encarregats de donar vida als personatges han estat els alumnes del Cicle 4, que han fet una actuaci\u00f3 fant\u00e0stica que ha encantat a petits i grans.<\/p>\n<p>I com que no hi ha festa sense un bon tancament, hem acabat la celebraci\u00f3 amb un delici\u00f3s berenar gentilesa de l&#8217;AMPA, que ens ha ajudat a recuperar energies despr\u00e9s d&#8217;un dia tan complet.<\/p>\n<p>Moltes gr\u00e0cies a tothom qui ha fet possible aquest Sant Jordi tan especial! Visca la cultura i visca l&#8217;escola!<\/p>\n","protected":false},"excerpt":{"rendered":"<p>Avui hem celebrat una de les festes m\u00e9s especials del calendari: Sant Jordi. Ha estat una jornada plena de cultura, art i conviv\u00e8ncia on tot l\u2019alumnat, des dels m\u00e9s petits fins als m\u00e9s grans, ha gaudit d&#8217;un dia m\u00e0gic.<br \/>\nInfantil: Creativitat i una visita sorpresa<br \/>\nEls nens&hellip;  <a href=\"https:\/\/agora.xtec.cat\/escbellavista\/general\/una-diada-de-sant-jordi-inoblidable-a-lescola\/\" title=\"Read Una Diada de Sant Jordi inoblidable a l\u2019escola!\">Llegeix m\u00e9s\u00bb<\/a><\/p>\n","protected":false},"author":1,"featured_media":4543,"comment_status":"open","ping_status":"open","sticky":false,"template":"","format":"standard","meta":{"_bbp_topic_count":0,"_bbp_reply_count":0,"_bbp_total_topic_count":0,"_bbp_total_reply_count":0,"_bbp_voice_count":0,"_bbp_anonymous_reply_count":0,"_bbp_topic_count_hidden":0,"_bbp_reply_count_hidden":0,"_bbp_forum_subforum_count":0,"footnotes":""},"categories":[1,4],"tags":[],"class_list":["post-4542","post","type-post","status-publish","format-standard","has-post-thumbnail","hentry","category-general","category-portada"],"post_mailing_queue_ids":[],"_links":{"self":[{"href":"https:\/\/agora.xtec.cat\/escbellavista\/wp-json\/wp\/v2\/posts\/4542","targetHints":{"allow":["GET"]}}],"collection":[{"href":"https:\/\/agora.xtec.cat\/escbellavista\/wp-json\/wp\/v2\/posts"}],"about":[{"href":"https:\/\/agora.xtec.cat\/escbellavista\/wp-json\/wp\/v2\/types\/post"}],"author":[{"embeddable":true,"href":"https:\/\/agora.xtec.cat\/escbellavista\/wp-json\/wp\/v2\/users\/1"}],"replies":[{"embeddable":true,"href":"https:\/\/agora.xtec.cat\/escbellavista\/wp-json\/wp\/v2\/comments?post=4542"}],"version-history":[{"count":2,"href":"https:\/\/agora.xtec.cat\/escbellavista\/wp-json\/wp\/v2\/posts\/4542\/revisions"}],"predecessor-version":[{"id":4545,"href":"https:\/\/agora.xtec.cat\/escbellavista\/wp-json\/wp\/v2\/posts\/4542\/revisions\/4545"}],"wp:featuredmedia":[{"embeddable":true,"href":"https:\/\/agora.xtec.cat\/escbellavista\/wp-json\/wp\/v2\/media\/4543"}],"wp:attachment":[{"href":"https:\/\/agora.xtec.cat\/escbellavista\/wp-json\/wp\/v2\/media?parent=4542"}],"wp:term":[{"taxonomy":"category","embeddable":true,"href":"https:\/\/agora.xtec.cat\/escbellavista\/wp-json\/wp\/v2\/categories?post=4542"},{"taxonomy":"post_tag","embeddable":true,"href":"https:\/\/agora.xtec.cat\/escbellavista\/wp-json\/wp\/v2\/tags?post=4542"}],"curies":[{"name":"wp","href":"https:\/\/api.w.org\/{rel}","templated":true}]}}