{"id":13,"count":18,"description":"<p style=\"text-align: justify;\">Les caracter\u00edstiques i les necessitats de l\u2019alumnat adscrit a aquest projecte suposen que els grups s\u00f3n redu\u00efts; cada grup t\u00e9 un\/a tutor\/a i un\/a educador\/a de forma permanent. El treball adre\u00e7at a l\u2019alumnat es construeix a partir de l\u2019acompanyament continuat per part dels professionals; es pret\u00e9n afavorir el benestar individual, a partir de situacions i propostes que tenen en compte els interessos concrets de cada alumne\/a i que es desenvolupen en espais tranquils i amb rutines que faciliten la seva participaci\u00f3. S\u2019incideix sobretot en els \u00e0mbits de l\u2019autonomia personal i social i de la comunicaci\u00f3, amb l\u2019objectiu de poder-los facilitar les eines que puguin contribuir al proc\u00e9s de fer-se grans, tenint present que es tracta de nois i noies que requeriran sempre un acompanyament per a poder satisfer les necessitats de la vida quotidiana. Una vegada finalitza l\u2019etapa escolar, la major part de l\u2019alumnat d\u2019aquest projecte accedeix a centres d\u2019atenci\u00f3 di\u00fcrna (CAE).<\/p>","link":"https:\/\/agora.xtec.cat\/escbalmes1\/categoria\/nivell\/secundaria\/projecte-3\/","name":"Projecte 3","slug":"projecte-3","taxonomy":"category","parent":9,"meta":[],"_links":{"self":[{"href":"https:\/\/agora.xtec.cat\/escbalmes1\/wp-json\/wp\/v2\/categories\/13","targetHints":{"allow":["GET"]}}],"collection":[{"href":"https:\/\/agora.xtec.cat\/escbalmes1\/wp-json\/wp\/v2\/categories"}],"about":[{"href":"https:\/\/agora.xtec.cat\/escbalmes1\/wp-json\/wp\/v2\/taxonomies\/category"}],"up":[{"embeddable":true,"href":"https:\/\/agora.xtec.cat\/escbalmes1\/wp-json\/wp\/v2\/categories\/9"}],"wp:post_type":[{"href":"https:\/\/agora.xtec.cat\/escbalmes1\/wp-json\/wp\/v2\/posts?categories=13"}],"curies":[{"name":"wp","href":"https:\/\/api.w.org\/{rel}","templated":true}]}}