{"id":10,"count":25,"description":"<p style=\"text-align: justify;\">En el treball amb l\u2019alumnat d\u2019aquest projecte les prioritats se centren en el desenvolupament del llenguatge i la comunicaci\u00f3 i l\u2019autonomia social i en l\u2019acc\u00e9s als aprenentatges relatius als diferents \u00e0mbits del Curr\u00edculum.<\/p>\r\n<p style=\"text-align: justify;\">Es promou la seva participaci\u00f3 en experi\u00e8ncies professionalitzadores (Programa de diversificaci\u00f3 curricular), amb la previsi\u00f3 de que una vegada finalitza l\u2019etapa escolar, puguin accedir a formacions del tipus PFI (programes de formaci\u00f3 i inserci\u00f3), IFE (itineraris formatius espec\u00edfics), com a plataforma per a l\u2019acc\u00e9s posterior al m\u00f3n ocupacional.<\/p>","link":"https:\/\/agora.xtec.cat\/escbalmes1\/categoria\/nivell\/secundaria\/projecte-1\/","name":"Projecte 1","slug":"projecte-1","taxonomy":"category","parent":9,"meta":[],"_links":{"self":[{"href":"https:\/\/agora.xtec.cat\/escbalmes1\/wp-json\/wp\/v2\/categories\/10","targetHints":{"allow":["GET"]}}],"collection":[{"href":"https:\/\/agora.xtec.cat\/escbalmes1\/wp-json\/wp\/v2\/categories"}],"about":[{"href":"https:\/\/agora.xtec.cat\/escbalmes1\/wp-json\/wp\/v2\/taxonomies\/category"}],"up":[{"embeddable":true,"href":"https:\/\/agora.xtec.cat\/escbalmes1\/wp-json\/wp\/v2\/categories\/9"}],"wp:post_type":[{"href":"https:\/\/agora.xtec.cat\/escbalmes1\/wp-json\/wp\/v2\/posts?categories=10"}],"curies":[{"name":"wp","href":"https:\/\/api.w.org\/{rel}","templated":true}]}}