{"id":10031,"date":"2026-02-18T15:16:50","date_gmt":"2026-02-18T14:16:50","guid":{"rendered":"https:\/\/agora.xtec.cat\/escbaldirireixaclavila\/?p=10031"},"modified":"2026-02-18T15:28:56","modified_gmt":"2026-02-18T14:28:56","slug":"jornada-de-portes-obertes-coneix-lescola","status":"publish","type":"post","link":"https:\/\/agora.xtec.cat\/escbaldirireixaclavila\/general\/jornada-de-portes-obertes-coneix-lescola\/","title":{"rendered":"Jornada de portes obertes &#8220;Coneix l&#8217;Escola&#8221;"},"content":{"rendered":"<p>Benvolgudes fam\u00edlies,<br \/>\nEl proper dissabte 21 de febrer fem una Jornada de Portes Obertes. La idea \u00e9s obrir l\u2019escola a les fam\u00edlies dels nostres alumnes perqu\u00e8 vegin l\u2019aula dels seus fills i els diferents espais on van en diferents moments, a les persones interessades a con\u00e8ixer l\u2019escola de cares a la preinscripci\u00f3 pel curs que ve, a exalumnes que els fa gr\u00e0cia tornar a veure qu\u00e8 es mant\u00e9 igual i qu\u00e8 ha canviat de quan eren petits, als ve\u00efns que sovint passen per davant i els agradaria entrar i veure com \u00e9s per dins, i a tothom que vulgui con\u00e8ixer l\u2019escola, veure com \u00e9s, parlar amb els seus professionals, etc.<br \/>\nHem anomenat a aquesta jornada \u201cConeix l\u2019escola\u201d. Farem una petita presentaci\u00f3 explicativa, podreu visitar les aules i els diferents espais del centre, podreu parlar amb els mestres, preguntar, resoldre dubtes i, si voleu, participar en diverses activitats.<br \/>\nUs convidem a retornar a l\u2019escola, a venir a aquesta jornada de portes obertes, que ho \u00e9s per al conjunt de la comunitat educativa.<br \/>\nNota: Per venir a la jornada els nens i nenes han d&#8217;anar acompanyats pels seus familiars.<\/p>\n<p><a href=\"https:\/\/agora.xtec.cat\/escbaldirireixaclavila\/wp-content\/uploads\/usu50\/2026\/02\/Esc.-Inf.-febrer-26-portes-obertes.pdf\">PDF del document sencer.<\/a><\/p>\n","protected":false},"excerpt":{"rendered":"<p>Benvolgudes fam\u00edlies,<br \/>\nEl proper dissabte 21 de febrer fem una Jornada de Portes Obertes. La idea \u00e9s obrir l\u2019escola a les fam\u00edlies dels nostres alumnes perqu\u00e8 vegin l\u2019aula dels seus fills i els diferents espais on van en diferents moments, a les persones interessades a con\u00e8ixer&hellip;  <a href=\"https:\/\/agora.xtec.cat\/escbaldirireixaclavila\/general\/jornada-de-portes-obertes-coneix-lescola\/\" title=\"Read Jornada de portes obertes &#8220;Coneix l&#8217;Escola&#8221;\">Llegeix m\u00e9s\u00bb<\/a><\/p>\n","protected":false},"author":4,"featured_media":10032,"comment_status":"open","ping_status":"open","sticky":false,"template":"","format":"standard","meta":{"_bbp_topic_count":0,"_bbp_reply_count":0,"_bbp_total_topic_count":0,"_bbp_total_reply_count":0,"_bbp_voice_count":0,"_bbp_anonymous_reply_count":0,"_bbp_topic_count_hidden":0,"_bbp_reply_count_hidden":0,"_bbp_forum_subforum_count":0,"footnotes":""},"categories":[1,4],"tags":[],"class_list":["post-10031","post","type-post","status-publish","format-standard","has-post-thumbnail","hentry","category-general","category-portada"],"post_mailing_queue_ids":[],"_links":{"self":[{"href":"https:\/\/agora.xtec.cat\/escbaldirireixaclavila\/wp-json\/wp\/v2\/posts\/10031","targetHints":{"allow":["GET"]}}],"collection":[{"href":"https:\/\/agora.xtec.cat\/escbaldirireixaclavila\/wp-json\/wp\/v2\/posts"}],"about":[{"href":"https:\/\/agora.xtec.cat\/escbaldirireixaclavila\/wp-json\/wp\/v2\/types\/post"}],"author":[{"embeddable":true,"href":"https:\/\/agora.xtec.cat\/escbaldirireixaclavila\/wp-json\/wp\/v2\/users\/4"}],"replies":[{"embeddable":true,"href":"https:\/\/agora.xtec.cat\/escbaldirireixaclavila\/wp-json\/wp\/v2\/comments?post=10031"}],"version-history":[{"count":1,"href":"https:\/\/agora.xtec.cat\/escbaldirireixaclavila\/wp-json\/wp\/v2\/posts\/10031\/revisions"}],"predecessor-version":[{"id":10034,"href":"https:\/\/agora.xtec.cat\/escbaldirireixaclavila\/wp-json\/wp\/v2\/posts\/10031\/revisions\/10034"}],"wp:featuredmedia":[{"embeddable":true,"href":"https:\/\/agora.xtec.cat\/escbaldirireixaclavila\/wp-json\/wp\/v2\/media\/10032"}],"wp:attachment":[{"href":"https:\/\/agora.xtec.cat\/escbaldirireixaclavila\/wp-json\/wp\/v2\/media?parent=10031"}],"wp:term":[{"taxonomy":"category","embeddable":true,"href":"https:\/\/agora.xtec.cat\/escbaldirireixaclavila\/wp-json\/wp\/v2\/categories?post=10031"},{"taxonomy":"post_tag","embeddable":true,"href":"https:\/\/agora.xtec.cat\/escbaldirireixaclavila\/wp-json\/wp\/v2\/tags?post=10031"}],"curies":[{"name":"wp","href":"https:\/\/api.w.org\/{rel}","templated":true}]}}