{"id":3989,"date":"2026-04-24T21:47:18","date_gmt":"2026-04-24T19:47:18","guid":{"rendered":"https:\/\/agora.xtec.cat\/escavallbernat\/?p=3989"},"modified":"2026-04-24T21:50:21","modified_gmt":"2026-04-24T19:50:21","slug":"jocs-florals-2026-a-lescola","status":"publish","type":"post","link":"https:\/\/agora.xtec.cat\/escavallbernat\/portada\/jocs-florals-2026-a-lescola\/","title":{"rendered":"Jocs Florals 2026 a l\u2019escola"},"content":{"rendered":"\n<p>Avui, 24 d\u2019abril, hem celebrat a l\u2019escola els esperats Jocs Florals de prim\u00e0ria, una jornada molt especial emmarcada dins la festa de Sant Jordi, plena de literatura, emocions i creativitat.<\/p>\n\n\n\n<p>L\u2019acte ha comen\u00e7at amb una c\u00e0lida benvinguda al teatre, on hem recordat la import\u00e0ncia dels llibres, les hist\u00f2ries i la m\u00e0gia de les paraules. Tot seguit, hem cantat junts la can\u00e7\u00f3 de Sant Jordi, donant inici a una celebraci\u00f3 plena de talent.<\/p>\n\n\n\n<p><strong>1r \u2013 Classe dels Planetes<\/strong><br>Els m\u00e9s petits ens han sorpr\u00e8s amb uns rodolins molt eixerits i plens d\u2019imaginaci\u00f3. Ho han fet d\u2019all\u00f2 m\u00e9s b\u00e9!<\/p>\n\n\n\n<p><strong>2n \u2013 Classe de les Orques<\/strong><br>Primer ens han recitat les corrandes que van escriure per Carnaval, i despr\u00e9s ens han emocionat amb el poema conjunt&nbsp;<em>\u201cPetites mem\u00f2ries d\u2019un nad\u00f3\u201d<\/em>, ple de records tendres de la seva inf\u00e0ncia.<\/p>\n\n\n\n<p><strong>3r \u2013 Classe dels Llops<\/strong><br>Han presentat el conte&nbsp;<em>\u201cSota el llit\u201d<\/em>, una hist\u00f2ria conjunta plena d\u2019emoci\u00f3 que ens ensenya a valorar l\u2019amor que s\u2019amaga darrere dels petits gestos.<\/p>\n\n\n\n<p><strong>4t \u2013 Classe dels Pandes Vermells<\/strong><br>Ens han regalat poemes fascinants sobre la natura, les emocions i les experi\u00e8ncies. Les obres guanyadores han estat:<\/p>\n\n\n\n<ul class=\"wp-block-list\">\n<li>Obra: <em>La posta de sol<\/em>. Autora: Olivia, que ens recorda la pau que ens ofereix la natura.<\/li>\n\n\n\n<li>Obra: <em>La natura<\/em>. Autor: Olau, que ens parla de la natura com una amiga que ens cuida.<\/li>\n<\/ul>\n\n\n\n<p>Tamb\u00e9 s\u2019han atorgat tres mencions especials a diverses obres per la seva sensibilitat i creativitat. <\/p>\n\n\n\n<ul class=\"wp-block-list\">\n<li>Obra: <em>L<\/em>&#8216;amistat. Autora: Sira, per ensenyar-nos que els amics i amigues ens ajuden i ens fan el cam\u00ed m\u00e9s bonic.<\/li>\n\n\n\n<li>Obra: <em>Els meus somnis<\/em>. Autora: Candela, per fer-nos veure que tenir somnis \u00e9s important i ens fa il\u00b7lusi\u00f3.<\/li>\n\n\n\n<li>Obra: <em>La rosa de Sant Jordi<\/em>. Autora: Greta, per celebrar la m\u00e0gia de Sant Jordi i la il\u00b7lusi\u00f3 de compartir.<\/li>\n<\/ul>\n\n\n\n<p><strong>5\u00e8 \u2013 Classe dels Primats<\/strong><br>Han treballat els relats i ens han presentat hist\u00f2ries molt originals. Els relats guanyadors han destacat per transmetre valors com el respecte, l\u2019autoestima i la import\u00e0ncia de ser un mateix. Les obres guanyadores han estat:<\/p>\n\n\n\n<ul class=\"wp-block-list\">\n<li>Obra: <em>\u00c0lia, diferents per\u00f2 iguals<\/em>. Autora: Amira, que defensa que tothom t\u00e9 dret a ser respectat i a trobar el seu lloc al m\u00f3n.<\/li>\n\n\n\n<li>Obra: Cadasc\u00fa \u00e9s com \u00e9s. Autora: Romaisa, que ens ensenya a estimar-nos tal com som, sense voler canviar per agradar.<\/li>\n<\/ul>\n\n\n\n<p>Tamb\u00e9 s\u2019han atorgat tres mencions especials a diverses obres:<\/p>\n\n\n\n<ul class=\"wp-block-list\">\n<li>Obra: <em>La Mia i la seva veu.<\/em> Autora: Greta, per ensenyar-nos que confiar en nosaltres mateixos ens fa descobrir tot el que som capa\u00e7os de fer.<\/li>\n\n\n\n<li>Obra: <em><em>La flor d\u2019hivern<\/em><\/em>. Autora: Valentina, per fer-nos entendre que el m\u00e9s important \u00e9s estimar-nos a nosaltres mateixos.<\/li>\n\n\n\n<li>Obra: <em>El lle\u00f3 vergony\u00f3s<\/em>. Autor: Gil, per recordar-nos que tots podem superar la vergonya amb una mica d\u2019ajuda i valentia.<\/li>\n<\/ul>\n\n\n\n<p><strong>6\u00e8 \u2013 Classe dels Minerals<\/strong><br>Els m\u00e9s grans de l\u2019escola, en el seu \u00faltim any als Jocs Florals, ens han ofert poemes espectaculars, plens de profunditat i emoci\u00f3.<br>Les obres guanyadores han estat:<\/p>\n\n\n\n<ul class=\"wp-block-list\">\n<li>Obra: <em>Ad\u00e9u sis\u00e8<\/em>. Autora: Maria, per fer una poesia plena de records i comiats.<\/li>\n\n\n\n<li>Obra: <em>La vida<\/em>. Autora: Ava, que ens convida a valorar cada moment.<\/li>\n<\/ul>\n\n\n\n<p>Tamb\u00e9 s\u2019han entregat mencions especials a altres poemes destacats.<\/p>\n\n\n\n<ul class=\"wp-block-list\">\n<li>Obra: <em>Persones.<\/em> Autora: Kshaf, per ensenyar-nos que la veritable bellesa \u00e9s ser un mateix.<\/li>\n\n\n\n<li>Obra: <em><em>Les meves alegries<\/em><\/em>. Autora: Grace, per recordar-nos que fer all\u00f2 que ens agrada ens fa sentir feli\u00e7os i lliures.<\/li>\n\n\n\n<li>Obra: <em>Els llibres s\u00f3n amics<\/em>. Autora: Yasmin, per recordar-nos que els llibres ens fan viatjar, aprendre i cr\u00e9ixer.<\/li>\n<\/ul>\n\n\n\n<p>Volem felicitar a tots els nens i nenes per la seva participaci\u00f3, esfor\u00e7 i creativitat. Ha estat un acte molt emotiu que ens recorda el poder de les paraules i la import\u00e0ncia de compartir hist\u00f2ries.<\/p>\n\n\n\n<p>Gr\u00e0cies a tothom qui ho ha fet possible.<br><strong>Visca la literatura i visca Sant Jordi! <\/strong><\/p>\n\n\n\n<p><strong><em>Podeu veure algunes fotos als \u00e0lbums de cada classe.<\/em><\/strong><\/p>\n\n\n\n<figure class=\"wp-block-image aligncenter size-large\"><a href=\"https:\/\/agora.xtec.cat\/escavallbernat\/wp-content\/uploads\/usu2377\/2026\/04\/Fotos-blog-escola-cavall-bernat-3.png\"><img loading=\"lazy\" decoding=\"async\" width=\"1024\" height=\"680\" src=\"https:\/\/agora.xtec.cat\/escavallbernat\/wp-content\/uploads\/usu2377\/2026\/04\/Fotos-blog-escola-cavall-bernat-3-1024x680.png\" alt=\"\" class=\"wp-image-3993\" srcset=\"https:\/\/agora.xtec.cat\/escavallbernat\/wp-content\/uploads\/usu2377\/2026\/04\/Fotos-blog-escola-cavall-bernat-3-1024x680.png 1024w, https:\/\/agora.xtec.cat\/escavallbernat\/wp-content\/uploads\/usu2377\/2026\/04\/Fotos-blog-escola-cavall-bernat-3-300x199.png 300w, https:\/\/agora.xtec.cat\/escavallbernat\/wp-content\/uploads\/usu2377\/2026\/04\/Fotos-blog-escola-cavall-bernat-3-768x510.png 768w, https:\/\/agora.xtec.cat\/escavallbernat\/wp-content\/uploads\/usu2377\/2026\/04\/Fotos-blog-escola-cavall-bernat-3.png 1200w\" sizes=\"auto, (max-width: 1024px) 100vw, 1024px\" \/><\/a><\/figure>\n","protected":false},"excerpt":{"rendered":"<p>Avui, 24 d\u2019abril, hem celebrat a l\u2019escola els esperats Jocs Florals de prim\u00e0ria, una jornada molt especial emmarcada dins la [&hellip;]<\/p>\n","protected":false},"author":17,"featured_media":3993,"comment_status":"closed","ping_status":"open","sticky":false,"template":"","format":"standard","meta":{"_bbp_topic_count":0,"_bbp_reply_count":0,"_bbp_total_topic_count":0,"_bbp_total_reply_count":0,"_bbp_voice_count":0,"_bbp_anonymous_reply_count":0,"_bbp_topic_count_hidden":0,"_bbp_reply_count_hidden":0,"_bbp_forum_subforum_count":0,"site-sidebar-layout":"default","site-content-layout":"","ast-site-content-layout":"default","site-content-style":"default","site-sidebar-style":"default","ast-global-header-display":"","ast-banner-title-visibility":"","ast-main-header-display":"","ast-hfb-above-header-display":"","ast-hfb-below-header-display":"","ast-hfb-mobile-header-display":"","site-post-title":"","ast-breadcrumbs-content":"","ast-featured-img":"","footer-sml-layout":"","theme-transparent-header-meta":"","adv-header-id-meta":"","stick-header-meta":"","header-above-stick-meta":"","header-main-stick-meta":"","header-below-stick-meta":"","astra-migrate-meta-layouts":"set","ast-page-background-enabled":"default","ast-page-background-meta":{"desktop":{"background-color":"var(--ast-global-color-4)","background-image":"","background-repeat":"repeat","background-position":"center center","background-size":"auto","background-attachment":"scroll","background-type":"","background-media":"","overlay-type":"","overlay-color":"","overlay-opacity":"","overlay-gradient":""},"tablet":{"background-color":"","background-image":"","background-repeat":"repeat","background-position":"center center","background-size":"auto","background-attachment":"scroll","background-type":"","background-media":"","overlay-type":"","overlay-color":"","overlay-opacity":"","overlay-gradient":""},"mobile":{"background-color":"","background-image":"","background-repeat":"repeat","background-position":"center center","background-size":"auto","background-attachment":"scroll","background-type":"","background-media":"","overlay-type":"","overlay-color":"","overlay-opacity":"","overlay-gradient":""}},"ast-content-background-meta":{"desktop":{"background-color":"var(--ast-global-color-5)","background-image":"","background-repeat":"repeat","background-position":"center center","background-size":"auto","background-attachment":"scroll","background-type":"","background-media":"","overlay-type":"","overlay-color":"","overlay-opacity":"","overlay-gradient":""},"tablet":{"background-color":"var(--ast-global-color-5)","background-image":"","background-repeat":"repeat","background-position":"center center","background-size":"auto","background-attachment":"scroll","background-type":"","background-media":"","overlay-type":"","overlay-color":"","overlay-opacity":"","overlay-gradient":""},"mobile":{"background-color":"var(--ast-global-color-5)","background-image":"","background-repeat":"repeat","background-position":"center center","background-size":"auto","background-attachment":"scroll","background-type":"","background-media":"","overlay-type":"","overlay-color":"","overlay-opacity":"","overlay-gradient":""}},"footnotes":""},"categories":[10,11,12,13,14,15,111,89,4,5],"tags":[233,177],"class_list":["post-3989","post","type-post","status-publish","format-standard","has-post-thumbnail","hentry","category-1r","category-2n","category-3r","category-4t","category-5e","category-6e","category-escola","category-festes","category-portada","category-primaria","tag-jocs-florals","tag-sant-jordi"],"post_mailing_queue_ids":[],"_links":{"self":[{"href":"https:\/\/agora.xtec.cat\/escavallbernat\/wp-json\/wp\/v2\/posts\/3989","targetHints":{"allow":["GET"]}}],"collection":[{"href":"https:\/\/agora.xtec.cat\/escavallbernat\/wp-json\/wp\/v2\/posts"}],"about":[{"href":"https:\/\/agora.xtec.cat\/escavallbernat\/wp-json\/wp\/v2\/types\/post"}],"author":[{"embeddable":true,"href":"https:\/\/agora.xtec.cat\/escavallbernat\/wp-json\/wp\/v2\/users\/17"}],"replies":[{"embeddable":true,"href":"https:\/\/agora.xtec.cat\/escavallbernat\/wp-json\/wp\/v2\/comments?post=3989"}],"version-history":[{"count":3,"href":"https:\/\/agora.xtec.cat\/escavallbernat\/wp-json\/wp\/v2\/posts\/3989\/revisions"}],"predecessor-version":[{"id":3996,"href":"https:\/\/agora.xtec.cat\/escavallbernat\/wp-json\/wp\/v2\/posts\/3989\/revisions\/3996"}],"wp:featuredmedia":[{"embeddable":true,"href":"https:\/\/agora.xtec.cat\/escavallbernat\/wp-json\/wp\/v2\/media\/3993"}],"wp:attachment":[{"href":"https:\/\/agora.xtec.cat\/escavallbernat\/wp-json\/wp\/v2\/media?parent=3989"}],"wp:term":[{"taxonomy":"category","embeddable":true,"href":"https:\/\/agora.xtec.cat\/escavallbernat\/wp-json\/wp\/v2\/categories?post=3989"},{"taxonomy":"post_tag","embeddable":true,"href":"https:\/\/agora.xtec.cat\/escavallbernat\/wp-json\/wp\/v2\/tags?post=3989"}],"curies":[{"name":"wp","href":"https:\/\/api.w.org\/{rel}","templated":true}]}}