{"id":930,"date":"2020-12-17T13:55:58","date_gmt":"2020-12-17T12:55:58","guid":{"rendered":"https:\/\/agora.xtec.cat\/escausiasmarch-santacoloma\/?p=930"},"modified":"2021-11-29T16:05:00","modified_gmt":"2021-11-29T15:05:00","slug":"detectius-del-passat","status":"publish","type":"post","link":"https:\/\/agora.xtec.cat\/escausiasmarch-santacoloma\/general\/detectius-del-passat\/","title":{"rendered":"Detectius del passat"},"content":{"rendered":"<p class=\"hide-if-no-js\" style=\"text-align: center;\"><a id=\"set-post-thumbnail\" class=\"thickbox\" href=\"https:\/\/agora.xtec.cat\/escausiasmarch-santacoloma\/wp-admin\/media-upload.php?post_id=930&amp;type=image&amp;TB_iframe=1\" aria-describedby=\"set-post-thumbnail-desc\"><img loading=\"lazy\" decoding=\"async\" class=\"attachment-266x266 size-266x266\" src=\"https:\/\/agora.xtec.cat\/escausiasmarch-santacoloma\/wp-content\/uploads\/usu305\/2020\/12\/IMG_9420.jpg\" alt=\"\" width=\"266\" height=\"200\" \/><\/a><\/p>\n<p>Els alumnes de 4t hem realitzat una sortida a la Torre <span class=\"hiddenSpellError\">Balldovina<\/span>, per con\u00e8ixer tot el <span class=\"hiddenGreenError\">proc\u00e8s<\/span> arqueol\u00f2gic: localitzaci\u00f3 de jaciment, excavaci\u00f3, <span class=\"hiddenSpellError\">siglatge<\/span>, inventariat i estudi dels diferents materials. Hem estudiat com es fa el proc\u00e9s i quins mitjans utilitzen els arque\u00f2legs per dur a terme els grans descobriments i com compartien la informaci\u00f3 amb tothom.<\/p>\n<p>Tot seguit hem fet un treball pr\u00e0ctic: Primer hem anat a un jaciment preparat per la <span class=\"hiddenGrammarError\">Gloria<\/span> &#8220;Arque\u00f2loga&#8221;, per trobar objectes o restes i aix\u00ed poder identificar a quina \u00e8poca pertany. Segon un cop ten\u00edem els objectes o peces <span class=\"hiddenGrammarError\">( <\/span>cer\u00e0miques, ossos, engranatges&#8230;) els van portar a una petita aula per exposar els per\u00edodes que corresponien en grups de 5 alumnes.<\/p>\n<p>Per acabar vam classificar una pe\u00e7a de cer\u00e0mica i ens hem convertit com aut\u00e8ntics arque\u00f2legs!<\/p>\n","protected":false},"excerpt":{"rendered":"<p>Els alumnes de 4t hem realitzat una sortida a la Torre Balldovina, per con\u00e8ixer tot el proc\u00e8s arqueol\u00f2gic: localitzaci\u00f3 de jaciment, excavaci\u00f3, siglatge, inventariat i estudi dels diferents materials. Hem estudiat com es fa el proc\u00e9s i quins mitjans utilitzen els arque\u00f2legs per dur a terme els grans descobriments i com compartien la informaci\u00f3 amb [&hellip;]<\/p>\n","protected":false},"author":5,"featured_media":931,"comment_status":"closed","ping_status":"closed","sticky":false,"template":"","format":"standard","meta":{"_bbp_topic_count":0,"_bbp_reply_count":0,"_bbp_total_topic_count":0,"_bbp_total_reply_count":0,"_bbp_voice_count":0,"_bbp_anonymous_reply_count":0,"_bbp_topic_count_hidden":0,"_bbp_reply_count_hidden":0,"_bbp_forum_subforum_count":0,"site-sidebar-layout":"default","site-content-layout":"","ast-site-content-layout":"","site-content-style":"default","site-sidebar-style":"default","ast-global-header-display":"","ast-banner-title-visibility":"","ast-main-header-display":"","ast-hfb-above-header-display":"","ast-hfb-below-header-display":"","ast-hfb-mobile-header-display":"","site-post-title":"","ast-breadcrumbs-content":"","ast-featured-img":"","footer-sml-layout":"","theme-transparent-header-meta":"","adv-header-id-meta":"","stick-header-meta":"","header-above-stick-meta":"","header-main-stick-meta":"","header-below-stick-meta":"","astra-migrate-meta-layouts":"default","ast-page-background-enabled":"default","ast-page-background-meta":{"desktop":{"background-color":"var(--ast-global-color-4)","background-image":"","background-repeat":"repeat","background-position":"center center","background-size":"auto","background-attachment":"scroll","background-type":"","background-media":"","overlay-type":"","overlay-color":"","overlay-opacity":"","overlay-gradient":""},"tablet":{"background-color":"","background-image":"","background-repeat":"repeat","background-position":"center center","background-size":"auto","background-attachment":"scroll","background-type":"","background-media":"","overlay-type":"","overlay-color":"","overlay-opacity":"","overlay-gradient":""},"mobile":{"background-color":"","background-image":"","background-repeat":"repeat","background-position":"center center","background-size":"auto","background-attachment":"scroll","background-type":"","background-media":"","overlay-type":"","overlay-color":"","overlay-opacity":"","overlay-gradient":""}},"ast-content-background-meta":{"desktop":{"background-color":"var(--ast-global-color-5)","background-image":"","background-repeat":"repeat","background-position":"center center","background-size":"auto","background-attachment":"scroll","background-type":"","background-media":"","overlay-type":"","overlay-color":"","overlay-opacity":"","overlay-gradient":""},"tablet":{"background-color":"var(--ast-global-color-5)","background-image":"","background-repeat":"repeat","background-position":"center center","background-size":"auto","background-attachment":"scroll","background-type":"","background-media":"","overlay-type":"","overlay-color":"","overlay-opacity":"","overlay-gradient":""},"mobile":{"background-color":"var(--ast-global-color-5)","background-image":"","background-repeat":"repeat","background-position":"center center","background-size":"auto","background-attachment":"scroll","background-type":"","background-media":"","overlay-type":"","overlay-color":"","overlay-opacity":"","overlay-gradient":""}},"footnotes":""},"categories":[13,1],"tags":[],"class_list":["post-930","post","type-post","status-publish","format-standard","has-post-thumbnail","hentry","category-4t","category-general"],"post_mailing_queue_ids":[],"_links":{"self":[{"href":"https:\/\/agora.xtec.cat\/escausiasmarch-santacoloma\/wp-json\/wp\/v2\/posts\/930","targetHints":{"allow":["GET"]}}],"collection":[{"href":"https:\/\/agora.xtec.cat\/escausiasmarch-santacoloma\/wp-json\/wp\/v2\/posts"}],"about":[{"href":"https:\/\/agora.xtec.cat\/escausiasmarch-santacoloma\/wp-json\/wp\/v2\/types\/post"}],"author":[{"embeddable":true,"href":"https:\/\/agora.xtec.cat\/escausiasmarch-santacoloma\/wp-json\/wp\/v2\/users\/5"}],"replies":[{"embeddable":true,"href":"https:\/\/agora.xtec.cat\/escausiasmarch-santacoloma\/wp-json\/wp\/v2\/comments?post=930"}],"version-history":[{"count":2,"href":"https:\/\/agora.xtec.cat\/escausiasmarch-santacoloma\/wp-json\/wp\/v2\/posts\/930\/revisions"}],"predecessor-version":[{"id":1439,"href":"https:\/\/agora.xtec.cat\/escausiasmarch-santacoloma\/wp-json\/wp\/v2\/posts\/930\/revisions\/1439"}],"wp:featuredmedia":[{"embeddable":true,"href":"https:\/\/agora.xtec.cat\/escausiasmarch-santacoloma\/wp-json\/wp\/v2\/media\/931"}],"wp:attachment":[{"href":"https:\/\/agora.xtec.cat\/escausiasmarch-santacoloma\/wp-json\/wp\/v2\/media?parent=930"}],"wp:term":[{"taxonomy":"category","embeddable":true,"href":"https:\/\/agora.xtec.cat\/escausiasmarch-santacoloma\/wp-json\/wp\/v2\/categories?post=930"},{"taxonomy":"post_tag","embeddable":true,"href":"https:\/\/agora.xtec.cat\/escausiasmarch-santacoloma\/wp-json\/wp\/v2\/tags?post=930"}],"curies":[{"name":"wp","href":"https:\/\/api.w.org\/{rel}","templated":true}]}}