{"id":911,"date":"2020-12-18T09:49:38","date_gmt":"2020-12-18T08:49:38","guid":{"rendered":"https:\/\/agora.xtec.cat\/escausiasmarch-santacoloma\/?p=911"},"modified":"2020-12-18T09:49:38","modified_gmt":"2020-12-18T08:49:38","slug":"concert-de-nadal-virtual","status":"publish","type":"post","link":"https:\/\/agora.xtec.cat\/escausiasmarch-santacoloma\/general\/concert-de-nadal-virtual\/","title":{"rendered":"Concert de Nadal virtual"},"content":{"rendered":"<p><a href=\"https:\/\/agora.xtec.cat\/escausiasmarch-santacoloma\/wp-content\/uploads\/usu305\/2020\/12\/c3257601-00d4-48fa-813d-697660064424_16-9-aspect-ratio_default_0.jpg\"><img loading=\"lazy\" decoding=\"async\" class=\"wp-image-912 aligncenter\" src=\"https:\/\/agora.xtec.cat\/escausiasmarch-santacoloma\/wp-content\/uploads\/usu305\/2020\/12\/c3257601-00d4-48fa-813d-697660064424_16-9-aspect-ratio_default_0.jpg\" alt=\"\" width=\"583\" height=\"328\" srcset=\"https:\/\/agora.xtec.cat\/escausiasmarch-santacoloma\/wp-content\/uploads\/usu305\/2020\/12\/c3257601-00d4-48fa-813d-697660064424_16-9-aspect-ratio_default_0.jpg 880w, https:\/\/agora.xtec.cat\/escausiasmarch-santacoloma\/wp-content\/uploads\/usu305\/2020\/12\/c3257601-00d4-48fa-813d-697660064424_16-9-aspect-ratio_default_0-300x169.jpg 300w, https:\/\/agora.xtec.cat\/escausiasmarch-santacoloma\/wp-content\/uploads\/usu305\/2020\/12\/c3257601-00d4-48fa-813d-697660064424_16-9-aspect-ratio_default_0-768x432.jpg 768w\" sizes=\"auto, (max-width: 583px) 100vw, 583px\" \/><\/a><\/p>\n<p>Benvolgudes fam\u00edlies,<\/p>\n<p>Aquest curs, degut a les normes imposades per la pand\u00e8mia, no hem pogut fer concert de Nadal. Tot i aix\u00ed hem preparat les can\u00e7ons millor que mai i les hem gravat perqu\u00e8 ens pugueu veure cantar.<\/p>\n<p>Esperem que us agradi molt! Us posem tots els v\u00eddeos perqu\u00e8 veieu els que vulgueu i tantes vegades com vulgueu! Tamb\u00e9 hem fet una fotografia amb tot el grup.<\/p>\n<ul style=\"list-style-type: square;\">\n<li>El grup de P3 ha cantat &#8220;Amb la llum del fanalet&#8221; i &#8220;Santa Claus us coming to town&#8221;.\u00a0\u00a0<a href=\"https:\/\/drive.google.com\/drive\/folders\/1ePXz_CIz9SgpqHP15XuRatxxQskyszeE?usp=sharing\">CLICA AQU\u00cd <\/a><\/li>\n<li>El grup de P4 ha cantat &#8220;El trineu&#8221; i &#8220;Jingle bells rock&#8221;.\u00a0<a href=\"https:\/\/drive.google.com\/drive\/folders\/1aiRrTmnZkjrmV_eX05K6lw6psZ58G9Aw?usp=sharing\">CLICA AQU\u00cd<\/a><\/li>\n<li>El grup de P5 ha cantat &#8220;\u00c9s Nadal! Farem cantar el ti\u00f3&#8221; i &#8220;Christmas cracker&#8221;.\u00a0<a href=\"https:\/\/drive.google.com\/drive\/folders\/1WlsHslImotrJLhICoZuvIEpUQqx5g6ar?usp=sharing\">CLICA AQU\u00cd <\/a><\/li>\n<li>El grup de 1r ha cantat &#8220;He fet un ninot de neu&#8221; i en angl\u00e8s &#8220;I&#8217;m a little snowman&#8221;.\u00a0<a href=\"https:\/\/drive.google.com\/drive\/folders\/1RX5ygHIiwsY7EEYv-Ya0P4EKcrF8LGOL?usp=sharing\">CLICA AQU\u00cd <\/a><\/li>\n<li>Els nens i nenes de 2n han cantat &#8220;Bon Nadal rock&#8221; i &#8220;I&#8217;m the happiest Christmas Tree&#8221;.\u00a0<a href=\"https:\/\/drive.google.com\/drive\/folders\/12F1f1yN-OKxg5KL3M_z1qejf5xJgdzWj?usp=sharing\">CLICA AQU\u00cd <\/a><\/li>\n<li>El grup de 3r ha cantat &#8220;Ja \u00e9s Nadal&#8221; i &#8220;Santa Claus Rock&#8221;.\u00a0<a href=\"https:\/\/drive.google.com\/drive\/folders\/1Z0oG_Med_ELpA0i3sHXLAxzEybzn-Bwu?usp=sharing\">CLICA AQU\u00cd <\/a><\/li>\n<li>El grup de 4rt ha cantat &#8220;Madre tierra&#8221; i &#8220;He has a red red coat&#8221;.\u00a0<a href=\"https:\/\/drive.google.com\/drive\/folders\/1lOtQ6mKH3nwMbWRQDBtlNmv5o5D1nXvM?usp=sharing\">CLICA AQU\u00cd <\/a><\/li>\n<li>Els nens i les nenes de 5\u00e8 han cantat &#8220;Dia de la vict\u00f2ria&#8221; i &#8220;Stand by me&#8221;.\u00a0<a href=\"https:\/\/drive.google.com\/drive\/folders\/1EwuLg3n9QIIcTTIiIZFODGLYuz-jWuep?usp=sharing\">CLICA AQU\u00cd <\/a><\/li>\n<li style=\"text-align: left;\">Per acabar, el grup de 6\u00e8 ha cantat &#8220;Girasoles&#8221; i &#8220;This is me&#8221;.\u00a0<a href=\"https:\/\/drive.google.com\/drive\/folders\/1SxtTUaNYoKm3TnwO7Fie8Td2hX0uscZh?usp=sharing\">CLICA AQU\u00cd <\/a><\/li>\n<\/ul>\n<p>&nbsp;<\/p>\n<h3 style=\"text-align: center;\"><strong>Bones festes!\u00a0<\/strong><\/h3>\n","protected":false},"excerpt":{"rendered":"<p>Benvolgudes fam\u00edlies, Aquest curs, degut a les normes imposades per la pand\u00e8mia, no hem pogut fer concert de Nadal. Tot i aix\u00ed hem preparat les can\u00e7ons millor que mai i les hem gravat perqu\u00e8 ens pugueu veure cantar. Esperem que us agradi molt! Us posem tots els v\u00eddeos perqu\u00e8 veieu els que vulgueu i tantes [&hellip;]<\/p>\n","protected":false},"author":1,"featured_media":912,"comment_status":"closed","ping_status":"closed","sticky":false,"template":"","format":"standard","meta":{"_bbp_topic_count":0,"_bbp_reply_count":0,"_bbp_total_topic_count":0,"_bbp_total_reply_count":0,"_bbp_voice_count":0,"_bbp_anonymous_reply_count":0,"_bbp_topic_count_hidden":0,"_bbp_reply_count_hidden":0,"_bbp_forum_subforum_count":0,"site-sidebar-layout":"default","site-content-layout":"","ast-site-content-layout":"","site-content-style":"default","site-sidebar-style":"default","ast-global-header-display":"","ast-banner-title-visibility":"","ast-main-header-display":"","ast-hfb-above-header-display":"","ast-hfb-below-header-display":"","ast-hfb-mobile-header-display":"","site-post-title":"","ast-breadcrumbs-content":"","ast-featured-img":"","footer-sml-layout":"","theme-transparent-header-meta":"","adv-header-id-meta":"","stick-header-meta":"","header-above-stick-meta":"","header-main-stick-meta":"","header-below-stick-meta":"","astra-migrate-meta-layouts":"default","ast-page-background-enabled":"default","ast-page-background-meta":{"desktop":{"background-color":"var(--ast-global-color-4)","background-image":"","background-repeat":"repeat","background-position":"center center","background-size":"auto","background-attachment":"scroll","background-type":"","background-media":"","overlay-type":"","overlay-color":"","overlay-opacity":"","overlay-gradient":""},"tablet":{"background-color":"","background-image":"","background-repeat":"repeat","background-position":"center center","background-size":"auto","background-attachment":"scroll","background-type":"","background-media":"","overlay-type":"","overlay-color":"","overlay-opacity":"","overlay-gradient":""},"mobile":{"background-color":"","background-image":"","background-repeat":"repeat","background-position":"center center","background-size":"auto","background-attachment":"scroll","background-type":"","background-media":"","overlay-type":"","overlay-color":"","overlay-opacity":"","overlay-gradient":""}},"ast-content-background-meta":{"desktop":{"background-color":"var(--ast-global-color-5)","background-image":"","background-repeat":"repeat","background-position":"center center","background-size":"auto","background-attachment":"scroll","background-type":"","background-media":"","overlay-type":"","overlay-color":"","overlay-opacity":"","overlay-gradient":""},"tablet":{"background-color":"var(--ast-global-color-5)","background-image":"","background-repeat":"repeat","background-position":"center center","background-size":"auto","background-attachment":"scroll","background-type":"","background-media":"","overlay-type":"","overlay-color":"","overlay-opacity":"","overlay-gradient":""},"mobile":{"background-color":"var(--ast-global-color-5)","background-image":"","background-repeat":"repeat","background-position":"center center","background-size":"auto","background-attachment":"scroll","background-type":"","background-media":"","overlay-type":"","overlay-color":"","overlay-opacity":"","overlay-gradient":""}},"footnotes":""},"categories":[10,11,12,13,14,15,1,3,68,8,9,4],"tags":[],"class_list":["post-911","post","type-post","status-publish","format-standard","has-post-thumbnail","hentry","category-1r","category-2n","category-3r","category-4t","category-5e","category-6e","category-general","category-i3","category-musica","category-p4","category-p5","category-portada"],"post_mailing_queue_ids":[],"_links":{"self":[{"href":"https:\/\/agora.xtec.cat\/escausiasmarch-santacoloma\/wp-json\/wp\/v2\/posts\/911","targetHints":{"allow":["GET"]}}],"collection":[{"href":"https:\/\/agora.xtec.cat\/escausiasmarch-santacoloma\/wp-json\/wp\/v2\/posts"}],"about":[{"href":"https:\/\/agora.xtec.cat\/escausiasmarch-santacoloma\/wp-json\/wp\/v2\/types\/post"}],"author":[{"embeddable":true,"href":"https:\/\/agora.xtec.cat\/escausiasmarch-santacoloma\/wp-json\/wp\/v2\/users\/1"}],"replies":[{"embeddable":true,"href":"https:\/\/agora.xtec.cat\/escausiasmarch-santacoloma\/wp-json\/wp\/v2\/comments?post=911"}],"version-history":[{"count":3,"href":"https:\/\/agora.xtec.cat\/escausiasmarch-santacoloma\/wp-json\/wp\/v2\/posts\/911\/revisions"}],"predecessor-version":[{"id":935,"href":"https:\/\/agora.xtec.cat\/escausiasmarch-santacoloma\/wp-json\/wp\/v2\/posts\/911\/revisions\/935"}],"wp:featuredmedia":[{"embeddable":true,"href":"https:\/\/agora.xtec.cat\/escausiasmarch-santacoloma\/wp-json\/wp\/v2\/media\/912"}],"wp:attachment":[{"href":"https:\/\/agora.xtec.cat\/escausiasmarch-santacoloma\/wp-json\/wp\/v2\/media?parent=911"}],"wp:term":[{"taxonomy":"category","embeddable":true,"href":"https:\/\/agora.xtec.cat\/escausiasmarch-santacoloma\/wp-json\/wp\/v2\/categories?post=911"},{"taxonomy":"post_tag","embeddable":true,"href":"https:\/\/agora.xtec.cat\/escausiasmarch-santacoloma\/wp-json\/wp\/v2\/tags?post=911"}],"curies":[{"name":"wp","href":"https:\/\/api.w.org\/{rel}","templated":true}]}}