{"id":881,"date":"2020-12-01T08:49:03","date_gmt":"2020-12-01T07:49:03","guid":{"rendered":"https:\/\/agora.xtec.cat\/escausiasmarch-santacoloma\/?p=881"},"modified":"2020-12-01T08:54:01","modified_gmt":"2020-12-01T07:54:01","slug":"sorteig-duna-panera-per-la-marato-2020","status":"publish","type":"post","link":"https:\/\/agora.xtec.cat\/escausiasmarch-santacoloma\/general\/sorteig-duna-panera-per-la-marato-2020\/","title":{"rendered":"Sorteig d&#8217;una panera per la Marat\u00f3 2020"},"content":{"rendered":"<p><span style=\"font-weight: 400;\">Benvolgudes fam\u00edlies,<\/span><\/p>\n<p><span style=\"font-weight: 400;\">Com ja sabeu TV3 organitza cada any \u201c<\/span><b>La Marat\u00f3<\/b><span style=\"font-weight: 400;\">\u201d. Aquest any est\u00e0 dedicat al <\/span><b>\u201cCOVID-19\u201d.<\/b><\/p>\n<p><span style=\"font-weight: 400;\">Aquest any l&#8217;escola participar\u00e0 fent un sorteig <\/span><b>d\u2019una panera <\/b><span style=\"font-weight: 400;\">valorada en<\/span><b> 200\u20ac . <\/b>Les <span style=\"font-weight: 400;\">fam\u00edlies que estiguin interessades a participar podran comprar tiquets als tutors i tutores.<\/span><\/p>\n<p><span style=\"font-weight: 400;\">El preu de cada tiquet \u00e9s d\u20191 euro. Els diners recollits seran donats a la Marat\u00f3, i aix\u00ed, contribuir a la investigaci\u00f3 d\u2019aquesta malaltia.<\/span><\/p>\n<p><span style=\"font-weight: 400;\">La <\/span><b>panera<\/b><span style=\"font-weight: 400;\"> cont\u00e9:\u00a0<\/span><\/p>\n<ul>\n<li style=\"font-weight: 400;\"><span style=\"font-weight: 400;\">Una <\/span><span style=\"font-weight: 400;\"><b>Tauleta.<\/b><\/span><\/li>\n<li style=\"font-weight: 400;\"><span style=\"font-weight: 400;\">Una motxilla<\/span><\/li>\n<li style=\"font-weight: 400;\"><span style=\"font-weight: 400;\">Un estoig<\/span><\/li>\n<li style=\"font-weight: 400;\"><span style=\"font-weight: 400;\">Dos necessers<\/span><\/li>\n<li style=\"font-weight: 400;\"><span style=\"font-weight: 400;\">Safata de polvorons<\/span><\/li>\n<li style=\"font-weight: 400;\"><span style=\"font-weight: 400;\">Caixa de bombons<\/span><\/li>\n<li style=\"font-weight: 400;\"><span style=\"font-weight: 400;\">Panetone xocolata<\/span><\/li>\n<li style=\"font-weight: 400;\"><span style=\"font-weight: 400;\">Neules<\/span><\/li>\n<li style=\"font-weight: 400;\"><span style=\"font-weight: 400;\">Torrons<\/span><\/li>\n<li style=\"font-weight: 400;\"><span style=\"font-weight: 400;\">Ampolla de vi<\/span><\/li>\n<li style=\"font-weight: 400;\"><span style=\"font-weight: 400;\">Ampolla de cava<\/span><\/li>\n<\/ul>\n<p><span style=\"font-weight: 400;\">Aquest sorteig es far\u00e0 el <\/span><span style=\"font-weight: 400;\">divendres 18 de desembre<\/span><span style=\"font-weight: 400;\"> al mat\u00ed. Publicarem a la web de l\u2019escola el v\u00eddeo del sorteig\u00a0 amb el n\u00famero guanyador i tamb\u00e9 us enviarem un correu electr\u00f2nic.<\/span><\/p>\n<p><b>Us animem a col.laborar comprant tiquets i us desitgem molt bona\u00a0<\/b><b>sort!!!!!<\/b><\/p>\n<p style=\"text-align: right;\"><span style=\"font-weight: 400;\">Comissi\u00f3 de Festes<\/span><\/p>\n<p><a href=\"https:\/\/agora.xtec.cat\/escausiasmarch-santacoloma\/wp-content\/uploads\/usu305\/2020\/12\/IMG_20201130_130145225-min.jpg\"><img loading=\"lazy\" decoding=\"async\" class=\"wp-image-882 aligncenter\" src=\"https:\/\/agora.xtec.cat\/escausiasmarch-santacoloma\/wp-content\/uploads\/usu305\/2020\/12\/IMG_20201130_130145225-min-768x1024.jpg\" alt=\"\" width=\"406\" height=\"542\" srcset=\"https:\/\/agora.xtec.cat\/escausiasmarch-santacoloma\/wp-content\/uploads\/usu305\/2020\/12\/IMG_20201130_130145225-min-768x1024.jpg 768w, https:\/\/agora.xtec.cat\/escausiasmarch-santacoloma\/wp-content\/uploads\/usu305\/2020\/12\/IMG_20201130_130145225-min-225x300.jpg 225w\" sizes=\"auto, (max-width: 406px) 100vw, 406px\" \/><\/a><\/p>\n","protected":false},"excerpt":{"rendered":"<p>Benvolgudes fam\u00edlies, Com ja sabeu TV3 organitza cada any \u201cLa Marat\u00f3\u201d. Aquest any est\u00e0 dedicat al \u201cCOVID-19\u201d. Aquest any l&#8217;escola participar\u00e0 fent un sorteig d\u2019una panera valorada en 200\u20ac . Les fam\u00edlies que estiguin interessades a participar podran comprar tiquets als tutors i tutores. El preu de cada tiquet \u00e9s d\u20191 euro. Els diners recollits [&hellip;]<\/p>\n","protected":false},"author":1,"featured_media":882,"comment_status":"closed","ping_status":"closed","sticky":false,"template":"","format":"standard","meta":{"_bbp_topic_count":0,"_bbp_reply_count":0,"_bbp_total_topic_count":0,"_bbp_total_reply_count":0,"_bbp_voice_count":0,"_bbp_anonymous_reply_count":0,"_bbp_topic_count_hidden":0,"_bbp_reply_count_hidden":0,"_bbp_forum_subforum_count":0,"site-sidebar-layout":"default","site-content-layout":"","ast-site-content-layout":"","site-content-style":"default","site-sidebar-style":"default","ast-global-header-display":"","ast-banner-title-visibility":"","ast-main-header-display":"","ast-hfb-above-header-display":"","ast-hfb-below-header-display":"","ast-hfb-mobile-header-display":"","site-post-title":"","ast-breadcrumbs-content":"","ast-featured-img":"","footer-sml-layout":"","theme-transparent-header-meta":"","adv-header-id-meta":"","stick-header-meta":"","header-above-stick-meta":"","header-main-stick-meta":"","header-below-stick-meta":"","astra-migrate-meta-layouts":"default","ast-page-background-enabled":"default","ast-page-background-meta":{"desktop":{"background-color":"var(--ast-global-color-4)","background-image":"","background-repeat":"repeat","background-position":"center center","background-size":"auto","background-attachment":"scroll","background-type":"","background-media":"","overlay-type":"","overlay-color":"","overlay-opacity":"","overlay-gradient":""},"tablet":{"background-color":"","background-image":"","background-repeat":"repeat","background-position":"center center","background-size":"auto","background-attachment":"scroll","background-type":"","background-media":"","overlay-type":"","overlay-color":"","overlay-opacity":"","overlay-gradient":""},"mobile":{"background-color":"","background-image":"","background-repeat":"repeat","background-position":"center center","background-size":"auto","background-attachment":"scroll","background-type":"","background-media":"","overlay-type":"","overlay-color":"","overlay-opacity":"","overlay-gradient":""}},"ast-content-background-meta":{"desktop":{"background-color":"var(--ast-global-color-5)","background-image":"","background-repeat":"repeat","background-position":"center center","background-size":"auto","background-attachment":"scroll","background-type":"","background-media":"","overlay-type":"","overlay-color":"","overlay-opacity":"","overlay-gradient":""},"tablet":{"background-color":"var(--ast-global-color-5)","background-image":"","background-repeat":"repeat","background-position":"center center","background-size":"auto","background-attachment":"scroll","background-type":"","background-media":"","overlay-type":"","overlay-color":"","overlay-opacity":"","overlay-gradient":""},"mobile":{"background-color":"var(--ast-global-color-5)","background-image":"","background-repeat":"repeat","background-position":"center center","background-size":"auto","background-attachment":"scroll","background-type":"","background-media":"","overlay-type":"","overlay-color":"","overlay-opacity":"","overlay-gradient":""}},"footnotes":""},"categories":[10,11,12,13,14,15,1,3,8,9,4],"tags":[],"class_list":["post-881","post","type-post","status-publish","format-standard","has-post-thumbnail","hentry","category-1r","category-2n","category-3r","category-4t","category-5e","category-6e","category-general","category-i3","category-p4","category-p5","category-portada"],"post_mailing_queue_ids":[],"_links":{"self":[{"href":"https:\/\/agora.xtec.cat\/escausiasmarch-santacoloma\/wp-json\/wp\/v2\/posts\/881","targetHints":{"allow":["GET"]}}],"collection":[{"href":"https:\/\/agora.xtec.cat\/escausiasmarch-santacoloma\/wp-json\/wp\/v2\/posts"}],"about":[{"href":"https:\/\/agora.xtec.cat\/escausiasmarch-santacoloma\/wp-json\/wp\/v2\/types\/post"}],"author":[{"embeddable":true,"href":"https:\/\/agora.xtec.cat\/escausiasmarch-santacoloma\/wp-json\/wp\/v2\/users\/1"}],"replies":[{"embeddable":true,"href":"https:\/\/agora.xtec.cat\/escausiasmarch-santacoloma\/wp-json\/wp\/v2\/comments?post=881"}],"version-history":[{"count":3,"href":"https:\/\/agora.xtec.cat\/escausiasmarch-santacoloma\/wp-json\/wp\/v2\/posts\/881\/revisions"}],"predecessor-version":[{"id":887,"href":"https:\/\/agora.xtec.cat\/escausiasmarch-santacoloma\/wp-json\/wp\/v2\/posts\/881\/revisions\/887"}],"wp:featuredmedia":[{"embeddable":true,"href":"https:\/\/agora.xtec.cat\/escausiasmarch-santacoloma\/wp-json\/wp\/v2\/media\/882"}],"wp:attachment":[{"href":"https:\/\/agora.xtec.cat\/escausiasmarch-santacoloma\/wp-json\/wp\/v2\/media?parent=881"}],"wp:term":[{"taxonomy":"category","embeddable":true,"href":"https:\/\/agora.xtec.cat\/escausiasmarch-santacoloma\/wp-json\/wp\/v2\/categories?post=881"},{"taxonomy":"post_tag","embeddable":true,"href":"https:\/\/agora.xtec.cat\/escausiasmarch-santacoloma\/wp-json\/wp\/v2\/tags?post=881"}],"curies":[{"name":"wp","href":"https:\/\/api.w.org\/{rel}","templated":true}]}}