{"id":750,"date":"2020-11-02T13:12:08","date_gmt":"2020-11-02T12:12:08","guid":{"rendered":"https:\/\/agora.xtec.cat\/escausiasmarch-santacoloma\/?p=750"},"modified":"2021-11-29T15:57:39","modified_gmt":"2021-11-29T14:57:39","slug":"la-castanyada-de-p3-p4-i-p5","status":"publish","type":"post","link":"https:\/\/agora.xtec.cat\/escausiasmarch-santacoloma\/infantil\/la-castanyada-de-p3-p4-i-p5\/","title":{"rendered":"La Castanyada de P3, P4 i P5"},"content":{"rendered":"<p><a href=\"https:\/\/agora.xtec.cat\/escausiasmarch-santacoloma\/wp-content\/uploads\/usu305\/2020\/11\/IMG_20201030_094820.jpg\"><img loading=\"lazy\" decoding=\"async\" class=\"wp-image-757 aligncenter\" src=\"https:\/\/agora.xtec.cat\/escausiasmarch-santacoloma\/wp-content\/uploads\/usu305\/2020\/11\/IMG_20201030_094820-1024x576.jpg\" alt=\"\" width=\"289\" height=\"163\" srcset=\"https:\/\/agora.xtec.cat\/escausiasmarch-santacoloma\/wp-content\/uploads\/usu305\/2020\/11\/IMG_20201030_094820-1024x576.jpg 1024w, https:\/\/agora.xtec.cat\/escausiasmarch-santacoloma\/wp-content\/uploads\/usu305\/2020\/11\/IMG_20201030_094820-300x169.jpg 300w, https:\/\/agora.xtec.cat\/escausiasmarch-santacoloma\/wp-content\/uploads\/usu305\/2020\/11\/IMG_20201030_094820-768x432.jpg 768w\" sizes=\"auto, (max-width: 289px) 100vw, 289px\" \/><\/a><\/p>\n<p>Hola fam\u00edlies!<\/p>\n<p>El divendres passat va ser un dia molt especial, perqu\u00e8 vam celebrar la Castanyada! Al mat\u00ed, vam fer els panallets a l&#8217;aula i ens ho vam passar molt b\u00e9! I el m\u00e9s divertit de tot, \u00e9s que a la tarda ens els vam menjar i va venir la castanyera a portar-nos castanyes!!<\/p>\n<p>Esperem que us agradin les fotos i que hagueu gaudit de la Castanyada! Fins la propera!<\/p>\n<p>&nbsp;<\/p>\n<p>Cicle Infantil.<\/p>\n","protected":false},"excerpt":{"rendered":"<p>Hola fam\u00edlies! El divendres passat va ser un dia molt especial, perqu\u00e8 vam celebrar la Castanyada! Al mat\u00ed, vam fer els panallets a l&#8217;aula i ens ho vam passar molt b\u00e9! I el m\u00e9s divertit de tot, \u00e9s que a la tarda ens els vam menjar i va venir la castanyera a portar-nos castanyes!! Esperem [&hellip;]<\/p>\n","protected":false},"author":3,"featured_media":757,"comment_status":"closed","ping_status":"closed","sticky":false,"template":"","format":"standard","meta":{"_bbp_topic_count":0,"_bbp_reply_count":0,"_bbp_total_topic_count":0,"_bbp_total_reply_count":0,"_bbp_voice_count":0,"_bbp_anonymous_reply_count":0,"_bbp_topic_count_hidden":0,"_bbp_reply_count_hidden":0,"_bbp_forum_subforum_count":0,"site-sidebar-layout":"default","site-content-layout":"","ast-site-content-layout":"","site-content-style":"default","site-sidebar-style":"default","ast-global-header-display":"","ast-banner-title-visibility":"","ast-main-header-display":"","ast-hfb-above-header-display":"","ast-hfb-below-header-display":"","ast-hfb-mobile-header-display":"","site-post-title":"","ast-breadcrumbs-content":"","ast-featured-img":"","footer-sml-layout":"","theme-transparent-header-meta":"","adv-header-id-meta":"","stick-header-meta":"","header-above-stick-meta":"","header-main-stick-meta":"","header-below-stick-meta":"","astra-migrate-meta-layouts":"default","ast-page-background-enabled":"default","ast-page-background-meta":{"desktop":{"background-color":"var(--ast-global-color-4)","background-image":"","background-repeat":"repeat","background-position":"center center","background-size":"auto","background-attachment":"scroll","background-type":"","background-media":"","overlay-type":"","overlay-color":"","overlay-opacity":"","overlay-gradient":""},"tablet":{"background-color":"","background-image":"","background-repeat":"repeat","background-position":"center center","background-size":"auto","background-attachment":"scroll","background-type":"","background-media":"","overlay-type":"","overlay-color":"","overlay-opacity":"","overlay-gradient":""},"mobile":{"background-color":"","background-image":"","background-repeat":"repeat","background-position":"center center","background-size":"auto","background-attachment":"scroll","background-type":"","background-media":"","overlay-type":"","overlay-color":"","overlay-opacity":"","overlay-gradient":""}},"ast-content-background-meta":{"desktop":{"background-color":"var(--ast-global-color-5)","background-image":"","background-repeat":"repeat","background-position":"center center","background-size":"auto","background-attachment":"scroll","background-type":"","background-media":"","overlay-type":"","overlay-color":"","overlay-opacity":"","overlay-gradient":""},"tablet":{"background-color":"var(--ast-global-color-5)","background-image":"","background-repeat":"repeat","background-position":"center center","background-size":"auto","background-attachment":"scroll","background-type":"","background-media":"","overlay-type":"","overlay-color":"","overlay-opacity":"","overlay-gradient":""},"mobile":{"background-color":"var(--ast-global-color-5)","background-image":"","background-repeat":"repeat","background-position":"center center","background-size":"auto","background-attachment":"scroll","background-type":"","background-media":"","overlay-type":"","overlay-color":"","overlay-opacity":"","overlay-gradient":""}},"footnotes":""},"categories":[2,4],"tags":[],"class_list":["post-750","post","type-post","status-publish","format-standard","has-post-thumbnail","hentry","category-infantil","category-portada"],"post_mailing_queue_ids":[],"_links":{"self":[{"href":"https:\/\/agora.xtec.cat\/escausiasmarch-santacoloma\/wp-json\/wp\/v2\/posts\/750","targetHints":{"allow":["GET"]}}],"collection":[{"href":"https:\/\/agora.xtec.cat\/escausiasmarch-santacoloma\/wp-json\/wp\/v2\/posts"}],"about":[{"href":"https:\/\/agora.xtec.cat\/escausiasmarch-santacoloma\/wp-json\/wp\/v2\/types\/post"}],"author":[{"embeddable":true,"href":"https:\/\/agora.xtec.cat\/escausiasmarch-santacoloma\/wp-json\/wp\/v2\/users\/3"}],"replies":[{"embeddable":true,"href":"https:\/\/agora.xtec.cat\/escausiasmarch-santacoloma\/wp-json\/wp\/v2\/comments?post=750"}],"version-history":[{"count":3,"href":"https:\/\/agora.xtec.cat\/escausiasmarch-santacoloma\/wp-json\/wp\/v2\/posts\/750\/revisions"}],"predecessor-version":[{"id":1423,"href":"https:\/\/agora.xtec.cat\/escausiasmarch-santacoloma\/wp-json\/wp\/v2\/posts\/750\/revisions\/1423"}],"wp:featuredmedia":[{"embeddable":true,"href":"https:\/\/agora.xtec.cat\/escausiasmarch-santacoloma\/wp-json\/wp\/v2\/media\/757"}],"wp:attachment":[{"href":"https:\/\/agora.xtec.cat\/escausiasmarch-santacoloma\/wp-json\/wp\/v2\/media?parent=750"}],"wp:term":[{"taxonomy":"category","embeddable":true,"href":"https:\/\/agora.xtec.cat\/escausiasmarch-santacoloma\/wp-json\/wp\/v2\/categories?post=750"},{"taxonomy":"post_tag","embeddable":true,"href":"https:\/\/agora.xtec.cat\/escausiasmarch-santacoloma\/wp-json\/wp\/v2\/tags?post=750"}],"curies":[{"name":"wp","href":"https:\/\/api.w.org\/{rel}","templated":true}]}}