{"id":1575,"date":"2022-02-02T16:45:32","date_gmt":"2022-02-02T15:45:32","guid":{"rendered":"https:\/\/agora.xtec.cat\/escausiasmarch-santacoloma\/?p=1575"},"modified":"2022-02-07T18:03:14","modified_gmt":"2022-02-07T17:03:14","slug":"anem-al-park-guell","status":"publish","type":"post","link":"https:\/\/agora.xtec.cat\/escausiasmarch-santacoloma\/general\/anem-al-park-guell\/","title":{"rendered":"A l&#8217;Aula d&#8217;Acollida descobrim Antoni Gaud\u00ed"},"content":{"rendered":"<p><span style=\"font-weight: 400;\">El dimarts 25 de gener els nens i nenes de l\u2019Aula d\u2019Acollida vam anar a la Sagrada Fam\u00edlia i al Parc G\u00fcell. Vam poder con\u00e8ixer i saber m\u00e9s sobre dues de les obres arquitect\u00f2niques m\u00e9s emblem\u00e0tiques de Barcelona i del m\u00f3n, i sobre el seu arquitecte: Antoni Gaud\u00ed. Tanmateix, vam gaudir, estan en contacte amb la natura i jugant amb els companys i companyes! Vam passar-ho d\u2019all\u00f2 m\u00e9s b\u00e9!<\/span><\/p>\n<p><a href=\"https:\/\/agora.xtec.cat\/escausiasmarch-santacoloma\/wp-content\/uploads\/usu305\/2022\/02\/16436533620401_opt.jpg\"><img loading=\"lazy\" decoding=\"async\" class=\"alignnone wp-image-1576\" src=\"https:\/\/agora.xtec.cat\/escausiasmarch-santacoloma\/wp-content\/uploads\/usu305\/2022\/02\/16436533620401_opt.jpg\" alt=\"\" width=\"160\" height=\"162\" srcset=\"https:\/\/agora.xtec.cat\/escausiasmarch-santacoloma\/wp-content\/uploads\/usu305\/2022\/02\/16436533620401_opt.jpg 400w, https:\/\/agora.xtec.cat\/escausiasmarch-santacoloma\/wp-content\/uploads\/usu305\/2022\/02\/16436533620401_opt-296x300.jpg 296w\" sizes=\"auto, (max-width: 160px) 100vw, 160px\" \/><\/a> <a href=\"https:\/\/agora.xtec.cat\/escausiasmarch-santacoloma\/wp-content\/uploads\/usu305\/2022\/02\/1643653361858_opt.jpg\"><img loading=\"lazy\" decoding=\"async\" class=\"alignnone wp-image-1577\" src=\"https:\/\/agora.xtec.cat\/escausiasmarch-santacoloma\/wp-content\/uploads\/usu305\/2022\/02\/1643653361858_opt.jpg\" alt=\"\" width=\"217\" height=\"163\" srcset=\"https:\/\/agora.xtec.cat\/escausiasmarch-santacoloma\/wp-content\/uploads\/usu305\/2022\/02\/1643653361858_opt.jpg 400w, https:\/\/agora.xtec.cat\/escausiasmarch-santacoloma\/wp-content\/uploads\/usu305\/2022\/02\/1643653361858_opt-300x225.jpg 300w, https:\/\/agora.xtec.cat\/escausiasmarch-santacoloma\/wp-content\/uploads\/usu305\/2022\/02\/1643653361858_opt-200x150.jpg 200w\" sizes=\"auto, (max-width: 217px) 100vw, 217px\" \/><\/a> <a href=\"https:\/\/agora.xtec.cat\/escausiasmarch-santacoloma\/wp-content\/uploads\/usu305\/2022\/02\/1643652297587_opt.jpg\"><img loading=\"lazy\" decoding=\"async\" class=\"alignnone wp-image-1578\" src=\"https:\/\/agora.xtec.cat\/escausiasmarch-santacoloma\/wp-content\/uploads\/usu305\/2022\/02\/1643652297587_opt.jpg\" alt=\"\" width=\"380\" height=\"285\" srcset=\"https:\/\/agora.xtec.cat\/escausiasmarch-santacoloma\/wp-content\/uploads\/usu305\/2022\/02\/1643652297587_opt.jpg 400w, https:\/\/agora.xtec.cat\/escausiasmarch-santacoloma\/wp-content\/uploads\/usu305\/2022\/02\/1643652297587_opt-300x225.jpg 300w, https:\/\/agora.xtec.cat\/escausiasmarch-santacoloma\/wp-content\/uploads\/usu305\/2022\/02\/1643652297587_opt-200x150.jpg 200w\" sizes=\"auto, (max-width: 380px) 100vw, 380px\" \/><\/a><\/p>\n","protected":false},"excerpt":{"rendered":"<p>El dimarts 25 de gener els nens i nenes de l\u2019Aula d\u2019Acollida vam anar a la Sagrada Fam\u00edlia i al Parc G\u00fcell. Vam poder con\u00e8ixer i saber m\u00e9s sobre dues de les obres arquitect\u00f2niques m\u00e9s emblem\u00e0tiques de Barcelona i del m\u00f3n, i sobre el seu arquitecte: Antoni Gaud\u00ed. Tanmateix, vam gaudir, estan en contacte amb [&hellip;]<\/p>\n","protected":false},"author":1,"featured_media":1576,"comment_status":"closed","ping_status":"closed","sticky":false,"template":"","format":"standard","meta":{"_bbp_topic_count":0,"_bbp_reply_count":0,"_bbp_total_topic_count":0,"_bbp_total_reply_count":0,"_bbp_voice_count":0,"_bbp_anonymous_reply_count":0,"_bbp_topic_count_hidden":0,"_bbp_reply_count_hidden":0,"_bbp_forum_subforum_count":0,"site-sidebar-layout":"default","site-content-layout":"","ast-site-content-layout":"","site-content-style":"default","site-sidebar-style":"default","ast-global-header-display":"","ast-banner-title-visibility":"","ast-main-header-display":"","ast-hfb-above-header-display":"","ast-hfb-below-header-display":"","ast-hfb-mobile-header-display":"","site-post-title":"","ast-breadcrumbs-content":"","ast-featured-img":"","footer-sml-layout":"","theme-transparent-header-meta":"","adv-header-id-meta":"","stick-header-meta":"","header-above-stick-meta":"","header-main-stick-meta":"","header-below-stick-meta":"","astra-migrate-meta-layouts":"default","ast-page-background-enabled":"default","ast-page-background-meta":{"desktop":{"background-color":"var(--ast-global-color-4)","background-image":"","background-repeat":"repeat","background-position":"center center","background-size":"auto","background-attachment":"scroll","background-type":"","background-media":"","overlay-type":"","overlay-color":"","overlay-opacity":"","overlay-gradient":""},"tablet":{"background-color":"","background-image":"","background-repeat":"repeat","background-position":"center center","background-size":"auto","background-attachment":"scroll","background-type":"","background-media":"","overlay-type":"","overlay-color":"","overlay-opacity":"","overlay-gradient":""},"mobile":{"background-color":"","background-image":"","background-repeat":"repeat","background-position":"center center","background-size":"auto","background-attachment":"scroll","background-type":"","background-media":"","overlay-type":"","overlay-color":"","overlay-opacity":"","overlay-gradient":""}},"ast-content-background-meta":{"desktop":{"background-color":"var(--ast-global-color-5)","background-image":"","background-repeat":"repeat","background-position":"center center","background-size":"auto","background-attachment":"scroll","background-type":"","background-media":"","overlay-type":"","overlay-color":"","overlay-opacity":"","overlay-gradient":""},"tablet":{"background-color":"var(--ast-global-color-5)","background-image":"","background-repeat":"repeat","background-position":"center center","background-size":"auto","background-attachment":"scroll","background-type":"","background-media":"","overlay-type":"","overlay-color":"","overlay-opacity":"","overlay-gradient":""},"mobile":{"background-color":"var(--ast-global-color-5)","background-image":"","background-repeat":"repeat","background-position":"center center","background-size":"auto","background-attachment":"scroll","background-type":"","background-media":"","overlay-type":"","overlay-color":"","overlay-opacity":"","overlay-gradient":""}},"footnotes":""},"categories":[70,1,4],"tags":[],"class_list":["post-1575","post","type-post","status-publish","format-standard","has-post-thumbnail","hentry","category-atencio-a-la-diversitat","category-general","category-portada"],"post_mailing_queue_ids":[],"_links":{"self":[{"href":"https:\/\/agora.xtec.cat\/escausiasmarch-santacoloma\/wp-json\/wp\/v2\/posts\/1575","targetHints":{"allow":["GET"]}}],"collection":[{"href":"https:\/\/agora.xtec.cat\/escausiasmarch-santacoloma\/wp-json\/wp\/v2\/posts"}],"about":[{"href":"https:\/\/agora.xtec.cat\/escausiasmarch-santacoloma\/wp-json\/wp\/v2\/types\/post"}],"author":[{"embeddable":true,"href":"https:\/\/agora.xtec.cat\/escausiasmarch-santacoloma\/wp-json\/wp\/v2\/users\/1"}],"replies":[{"embeddable":true,"href":"https:\/\/agora.xtec.cat\/escausiasmarch-santacoloma\/wp-json\/wp\/v2\/comments?post=1575"}],"version-history":[{"count":3,"href":"https:\/\/agora.xtec.cat\/escausiasmarch-santacoloma\/wp-json\/wp\/v2\/posts\/1575\/revisions"}],"predecessor-version":[{"id":1596,"href":"https:\/\/agora.xtec.cat\/escausiasmarch-santacoloma\/wp-json\/wp\/v2\/posts\/1575\/revisions\/1596"}],"wp:featuredmedia":[{"embeddable":true,"href":"https:\/\/agora.xtec.cat\/escausiasmarch-santacoloma\/wp-json\/wp\/v2\/media\/1576"}],"wp:attachment":[{"href":"https:\/\/agora.xtec.cat\/escausiasmarch-santacoloma\/wp-json\/wp\/v2\/media?parent=1575"}],"wp:term":[{"taxonomy":"category","embeddable":true,"href":"https:\/\/agora.xtec.cat\/escausiasmarch-santacoloma\/wp-json\/wp\/v2\/categories?post=1575"},{"taxonomy":"post_tag","embeddable":true,"href":"https:\/\/agora.xtec.cat\/escausiasmarch-santacoloma\/wp-json\/wp\/v2\/tags?post=1575"}],"curies":[{"name":"wp","href":"https:\/\/api.w.org\/{rel}","templated":true}]}}