{"id":1404,"date":"2021-11-12T07:51:20","date_gmt":"2021-11-12T06:51:20","guid":{"rendered":"https:\/\/agora.xtec.cat\/escausiasmarch-santacoloma\/?p=1404"},"modified":"2021-12-13T13:46:41","modified_gmt":"2021-12-13T12:46:41","slug":"a-5e-anem-als-karts","status":"publish","type":"post","link":"https:\/\/agora.xtec.cat\/escausiasmarch-santacoloma\/general\/a-5e-anem-als-karts\/","title":{"rendered":"A 5\u00e8 anem als karts"},"content":{"rendered":"<p>Els i les alumnes de 5\u00e8 el dia 20 d&#8217;octubre vam anar als karts. Abans de tot, ens van explicar les normes sobre com utilitzar el kart de forma segura i tamb\u00e9 ens van explicar les senyals que trobem a la carretera. Despr\u00e9s d&#8217;aquesta explicaci\u00f3, ja vam poder comen\u00e7ar a conduir els karts. Va ser d&#8217;all\u00f2 m\u00e9s divertit!<\/p>\n<p><a href=\"https:\/\/agora.xtec.cat\/escausiasmarch-santacoloma\/wp-content\/uploads\/usu305\/2021\/11\/14234.jpg\"><img loading=\"lazy\" decoding=\"async\" class=\"alignnone size-full wp-image-1498\" src=\"https:\/\/agora.xtec.cat\/escausiasmarch-santacoloma\/wp-content\/uploads\/usu305\/2021\/11\/14234.jpg\" alt=\"\" width=\"240\" height=\"320\" srcset=\"https:\/\/agora.xtec.cat\/escausiasmarch-santacoloma\/wp-content\/uploads\/usu305\/2021\/11\/14234.jpg 240w, https:\/\/agora.xtec.cat\/escausiasmarch-santacoloma\/wp-content\/uploads\/usu305\/2021\/11\/14234-225x300.jpg 225w\" sizes=\"auto, (max-width: 240px) 100vw, 240px\" \/><\/a> <a href=\"https:\/\/agora.xtec.cat\/escausiasmarch-santacoloma\/wp-content\/uploads\/usu305\/2021\/11\/IMG_20211020_110811.jpg\"><img loading=\"lazy\" decoding=\"async\" class=\"alignnone  wp-image-1499\" src=\"https:\/\/agora.xtec.cat\/escausiasmarch-santacoloma\/wp-content\/uploads\/usu305\/2021\/11\/IMG_20211020_110811.jpg\" alt=\"\" width=\"239\" height=\"319\" srcset=\"https:\/\/agora.xtec.cat\/escausiasmarch-santacoloma\/wp-content\/uploads\/usu305\/2021\/11\/IMG_20211020_110811.jpg 450w, https:\/\/agora.xtec.cat\/escausiasmarch-santacoloma\/wp-content\/uploads\/usu305\/2021\/11\/IMG_20211020_110811-225x300.jpg 225w\" sizes=\"auto, (max-width: 239px) 100vw, 239px\" \/><\/a><\/p>\n","protected":false},"excerpt":{"rendered":"<p>Els i les alumnes de 5\u00e8 el dia 20 d&#8217;octubre vam anar als karts. Abans de tot, ens van explicar les normes sobre com utilitzar el kart de forma segura i tamb\u00e9 ens van explicar les senyals que trobem a la carretera. Despr\u00e9s d&#8217;aquesta explicaci\u00f3, ja vam poder comen\u00e7ar a conduir els karts. Va ser [&hellip;]<\/p>\n","protected":false},"author":1,"featured_media":1405,"comment_status":"closed","ping_status":"closed","sticky":false,"template":"","format":"standard","meta":{"_bbp_topic_count":0,"_bbp_reply_count":0,"_bbp_total_topic_count":0,"_bbp_total_reply_count":0,"_bbp_voice_count":0,"_bbp_anonymous_reply_count":0,"_bbp_topic_count_hidden":0,"_bbp_reply_count_hidden":0,"_bbp_forum_subforum_count":0,"site-sidebar-layout":"default","site-content-layout":"","ast-site-content-layout":"","site-content-style":"default","site-sidebar-style":"default","ast-global-header-display":"","ast-banner-title-visibility":"","ast-main-header-display":"","ast-hfb-above-header-display":"","ast-hfb-below-header-display":"","ast-hfb-mobile-header-display":"","site-post-title":"","ast-breadcrumbs-content":"","ast-featured-img":"","footer-sml-layout":"","theme-transparent-header-meta":"","adv-header-id-meta":"","stick-header-meta":"","header-above-stick-meta":"","header-main-stick-meta":"","header-below-stick-meta":"","astra-migrate-meta-layouts":"default","ast-page-background-enabled":"default","ast-page-background-meta":{"desktop":{"background-color":"var(--ast-global-color-4)","background-image":"","background-repeat":"repeat","background-position":"center center","background-size":"auto","background-attachment":"scroll","background-type":"","background-media":"","overlay-type":"","overlay-color":"","overlay-opacity":"","overlay-gradient":""},"tablet":{"background-color":"","background-image":"","background-repeat":"repeat","background-position":"center center","background-size":"auto","background-attachment":"scroll","background-type":"","background-media":"","overlay-type":"","overlay-color":"","overlay-opacity":"","overlay-gradient":""},"mobile":{"background-color":"","background-image":"","background-repeat":"repeat","background-position":"center center","background-size":"auto","background-attachment":"scroll","background-type":"","background-media":"","overlay-type":"","overlay-color":"","overlay-opacity":"","overlay-gradient":""}},"ast-content-background-meta":{"desktop":{"background-color":"var(--ast-global-color-5)","background-image":"","background-repeat":"repeat","background-position":"center center","background-size":"auto","background-attachment":"scroll","background-type":"","background-media":"","overlay-type":"","overlay-color":"","overlay-opacity":"","overlay-gradient":""},"tablet":{"background-color":"var(--ast-global-color-5)","background-image":"","background-repeat":"repeat","background-position":"center center","background-size":"auto","background-attachment":"scroll","background-type":"","background-media":"","overlay-type":"","overlay-color":"","overlay-opacity":"","overlay-gradient":""},"mobile":{"background-color":"var(--ast-global-color-5)","background-image":"","background-repeat":"repeat","background-position":"center center","background-size":"auto","background-attachment":"scroll","background-type":"","background-media":"","overlay-type":"","overlay-color":"","overlay-opacity":"","overlay-gradient":""}},"footnotes":""},"categories":[14,1,4],"tags":[],"class_list":["post-1404","post","type-post","status-publish","format-standard","has-post-thumbnail","hentry","category-5e","category-general","category-portada"],"post_mailing_queue_ids":[],"_links":{"self":[{"href":"https:\/\/agora.xtec.cat\/escausiasmarch-santacoloma\/wp-json\/wp\/v2\/posts\/1404","targetHints":{"allow":["GET"]}}],"collection":[{"href":"https:\/\/agora.xtec.cat\/escausiasmarch-santacoloma\/wp-json\/wp\/v2\/posts"}],"about":[{"href":"https:\/\/agora.xtec.cat\/escausiasmarch-santacoloma\/wp-json\/wp\/v2\/types\/post"}],"author":[{"embeddable":true,"href":"https:\/\/agora.xtec.cat\/escausiasmarch-santacoloma\/wp-json\/wp\/v2\/users\/1"}],"replies":[{"embeddable":true,"href":"https:\/\/agora.xtec.cat\/escausiasmarch-santacoloma\/wp-json\/wp\/v2\/comments?post=1404"}],"version-history":[{"count":2,"href":"https:\/\/agora.xtec.cat\/escausiasmarch-santacoloma\/wp-json\/wp\/v2\/posts\/1404\/revisions"}],"predecessor-version":[{"id":1500,"href":"https:\/\/agora.xtec.cat\/escausiasmarch-santacoloma\/wp-json\/wp\/v2\/posts\/1404\/revisions\/1500"}],"wp:featuredmedia":[{"embeddable":true,"href":"https:\/\/agora.xtec.cat\/escausiasmarch-santacoloma\/wp-json\/wp\/v2\/media\/1405"}],"wp:attachment":[{"href":"https:\/\/agora.xtec.cat\/escausiasmarch-santacoloma\/wp-json\/wp\/v2\/media?parent=1404"}],"wp:term":[{"taxonomy":"category","embeddable":true,"href":"https:\/\/agora.xtec.cat\/escausiasmarch-santacoloma\/wp-json\/wp\/v2\/categories?post=1404"},{"taxonomy":"post_tag","embeddable":true,"href":"https:\/\/agora.xtec.cat\/escausiasmarch-santacoloma\/wp-json\/wp\/v2\/tags?post=1404"}],"curies":[{"name":"wp","href":"https:\/\/api.w.org\/{rel}","templated":true}]}}