{"id":1254,"date":"2021-05-26T13:42:35","date_gmt":"2021-05-26T11:42:35","guid":{"rendered":"https:\/\/agora.xtec.cat\/escausiasmarch-santacoloma\/?p=1254"},"modified":"2021-11-29T16:14:51","modified_gmt":"2021-11-29T15:14:51","slug":"excursio-granja-cicle-infantil","status":"publish","type":"post","link":"https:\/\/agora.xtec.cat\/escausiasmarch-santacoloma\/general\/excursio-granja-cicle-infantil\/","title":{"rendered":"Excursi\u00f3 granja cicle infantil"},"content":{"rendered":"<p>Hola fam\u00edlies de P3 i P4!!!<\/p>\n<p><a href=\"https:\/\/agora.xtec.cat\/escausiasmarch-santacoloma\/wp-content\/uploads\/usu305\/2021\/05\/1622027156820.jpg\"><img loading=\"lazy\" decoding=\"async\" class=\"alignnone wp-image-1255\" src=\"https:\/\/agora.xtec.cat\/escausiasmarch-santacoloma\/wp-content\/uploads\/usu305\/2021\/05\/1622027156820-1024x768.jpg\" alt=\"\" width=\"425\" height=\"319\" srcset=\"https:\/\/agora.xtec.cat\/escausiasmarch-santacoloma\/wp-content\/uploads\/usu305\/2021\/05\/1622027156820-1024x768.jpg 1024w, https:\/\/agora.xtec.cat\/escausiasmarch-santacoloma\/wp-content\/uploads\/usu305\/2021\/05\/1622027156820-300x225.jpg 300w, https:\/\/agora.xtec.cat\/escausiasmarch-santacoloma\/wp-content\/uploads\/usu305\/2021\/05\/1622027156820-768x576.jpg 768w, https:\/\/agora.xtec.cat\/escausiasmarch-santacoloma\/wp-content\/uploads\/usu305\/2021\/05\/1622027156820-200x150.jpg 200w, https:\/\/agora.xtec.cat\/escausiasmarch-santacoloma\/wp-content\/uploads\/usu305\/2021\/05\/1622027156820.jpg 1600w\" sizes=\"auto, (max-width: 425px) 100vw, 425px\" \/><\/a><\/p>\n<p>Ahir dimarts 25 de Maig els nens i nenes de p3 i p4 vam anar d&#8217;excursi\u00f3 a una granja ubicada a plena naturalesa del Montseny.<\/p>\n<p>Va ser molt xulo, ja que primer de tot vam fer un circuit molt sensorial caminant descal\u00e7os pel bosc on vam poder notar les pedres, les roques de la muntanya.<\/p>\n<p>Despr\u00e9s, vam anar a veure els animals. Vam con\u00e8ixer a la Lucy que es l&#8217;estru\u00e7 que tenen juntament amb les oques i les gallines. I vam poder tocar un conillet de color blanc! Tamb\u00e9 vam veure una ovella que dormia sota un arbre a l&#8217;ombra. Vam fer una activitat que es tractava de fer un vaixell amb un tronc d&#8217;arbre i \u00a0finalment vam estar molta estona a un parc molt divertit on ho havien tirolines!<\/p>\n<p>Us deixem les fotos d&#8217;aquesta excursi\u00f3 que tant ens va agradar!<\/p>\n<p>Fins la pr\u00f2xima!<\/p>\n<p style=\"text-align: right;\"><em>Mestres de P3 i P4<\/em><\/p>\n","protected":false},"excerpt":{"rendered":"<p>Hola fam\u00edlies de P3 i P4!!! Ahir dimarts 25 de Maig els nens i nenes de p3 i p4 vam anar d&#8217;excursi\u00f3 a una granja ubicada a plena naturalesa del Montseny. Va ser molt xulo, ja que primer de tot vam fer un circuit molt sensorial caminant descal\u00e7os pel bosc on vam poder notar les [&hellip;]<\/p>\n","protected":false},"author":3,"featured_media":1258,"comment_status":"closed","ping_status":"closed","sticky":false,"template":"","format":"standard","meta":{"_bbp_topic_count":0,"_bbp_reply_count":0,"_bbp_total_topic_count":0,"_bbp_total_reply_count":0,"_bbp_voice_count":0,"_bbp_anonymous_reply_count":0,"_bbp_topic_count_hidden":0,"_bbp_reply_count_hidden":0,"_bbp_forum_subforum_count":0,"site-sidebar-layout":"default","site-content-layout":"","ast-site-content-layout":"","site-content-style":"default","site-sidebar-style":"default","ast-global-header-display":"","ast-banner-title-visibility":"","ast-main-header-display":"","ast-hfb-above-header-display":"","ast-hfb-below-header-display":"","ast-hfb-mobile-header-display":"","site-post-title":"","ast-breadcrumbs-content":"","ast-featured-img":"","footer-sml-layout":"","theme-transparent-header-meta":"","adv-header-id-meta":"","stick-header-meta":"","header-above-stick-meta":"","header-main-stick-meta":"","header-below-stick-meta":"","astra-migrate-meta-layouts":"default","ast-page-background-enabled":"default","ast-page-background-meta":{"desktop":{"background-color":"var(--ast-global-color-4)","background-image":"","background-repeat":"repeat","background-position":"center center","background-size":"auto","background-attachment":"scroll","background-type":"","background-media":"","overlay-type":"","overlay-color":"","overlay-opacity":"","overlay-gradient":""},"tablet":{"background-color":"","background-image":"","background-repeat":"repeat","background-position":"center center","background-size":"auto","background-attachment":"scroll","background-type":"","background-media":"","overlay-type":"","overlay-color":"","overlay-opacity":"","overlay-gradient":""},"mobile":{"background-color":"","background-image":"","background-repeat":"repeat","background-position":"center center","background-size":"auto","background-attachment":"scroll","background-type":"","background-media":"","overlay-type":"","overlay-color":"","overlay-opacity":"","overlay-gradient":""}},"ast-content-background-meta":{"desktop":{"background-color":"var(--ast-global-color-5)","background-image":"","background-repeat":"repeat","background-position":"center center","background-size":"auto","background-attachment":"scroll","background-type":"","background-media":"","overlay-type":"","overlay-color":"","overlay-opacity":"","overlay-gradient":""},"tablet":{"background-color":"var(--ast-global-color-5)","background-image":"","background-repeat":"repeat","background-position":"center center","background-size":"auto","background-attachment":"scroll","background-type":"","background-media":"","overlay-type":"","overlay-color":"","overlay-opacity":"","overlay-gradient":""},"mobile":{"background-color":"var(--ast-global-color-5)","background-image":"","background-repeat":"repeat","background-position":"center center","background-size":"auto","background-attachment":"scroll","background-type":"","background-media":"","overlay-type":"","overlay-color":"","overlay-opacity":"","overlay-gradient":""}},"footnotes":""},"categories":[1,3,2,8,4],"tags":[],"class_list":["post-1254","post","type-post","status-publish","format-standard","has-post-thumbnail","hentry","category-general","category-i3","category-infantil","category-p4","category-portada"],"post_mailing_queue_ids":[],"_links":{"self":[{"href":"https:\/\/agora.xtec.cat\/escausiasmarch-santacoloma\/wp-json\/wp\/v2\/posts\/1254","targetHints":{"allow":["GET"]}}],"collection":[{"href":"https:\/\/agora.xtec.cat\/escausiasmarch-santacoloma\/wp-json\/wp\/v2\/posts"}],"about":[{"href":"https:\/\/agora.xtec.cat\/escausiasmarch-santacoloma\/wp-json\/wp\/v2\/types\/post"}],"author":[{"embeddable":true,"href":"https:\/\/agora.xtec.cat\/escausiasmarch-santacoloma\/wp-json\/wp\/v2\/users\/3"}],"replies":[{"embeddable":true,"href":"https:\/\/agora.xtec.cat\/escausiasmarch-santacoloma\/wp-json\/wp\/v2\/comments?post=1254"}],"version-history":[{"count":3,"href":"https:\/\/agora.xtec.cat\/escausiasmarch-santacoloma\/wp-json\/wp\/v2\/posts\/1254\/revisions"}],"predecessor-version":[{"id":1470,"href":"https:\/\/agora.xtec.cat\/escausiasmarch-santacoloma\/wp-json\/wp\/v2\/posts\/1254\/revisions\/1470"}],"wp:featuredmedia":[{"embeddable":true,"href":"https:\/\/agora.xtec.cat\/escausiasmarch-santacoloma\/wp-json\/wp\/v2\/media\/1258"}],"wp:attachment":[{"href":"https:\/\/agora.xtec.cat\/escausiasmarch-santacoloma\/wp-json\/wp\/v2\/media?parent=1254"}],"wp:term":[{"taxonomy":"category","embeddable":true,"href":"https:\/\/agora.xtec.cat\/escausiasmarch-santacoloma\/wp-json\/wp\/v2\/categories?post=1254"},{"taxonomy":"post_tag","embeddable":true,"href":"https:\/\/agora.xtec.cat\/escausiasmarch-santacoloma\/wp-json\/wp\/v2\/tags?post=1254"}],"curies":[{"name":"wp","href":"https:\/\/api.w.org\/{rel}","templated":true}]}}