{"id":1219,"date":"2021-04-23T09:00:38","date_gmt":"2021-04-23T07:00:38","guid":{"rendered":"https:\/\/agora.xtec.cat\/escausiasmarch-santacoloma\/?p=1219"},"modified":"2021-05-10T14:58:59","modified_gmt":"2021-05-10T12:58:59","slug":"del-19-al-23-dabril","status":"publish","type":"post","link":"https:\/\/agora.xtec.cat\/escausiasmarch-santacoloma\/general\/del-19-al-23-dabril\/","title":{"rendered":"del 19 al 23 d&#8217;abril&#8230;"},"content":{"rendered":"<p><a href=\"https:\/\/agora.xtec.cat\/escausiasmarch-santacoloma\/wp-content\/uploads\/usu305\/2021\/04\/cartell-setmana-cultural.png\"><img loading=\"lazy\" decoding=\"async\" class=\"size-full wp-image-1158 aligncenter\" src=\"https:\/\/agora.xtec.cat\/escausiasmarch-santacoloma\/wp-content\/uploads\/usu305\/2021\/04\/cartell-setmana-cultural.png\" alt=\"\" width=\"283\" height=\"157\" \/><\/a><\/p>\n<p>Aquesta setmana l&#8217;escola est\u00e0 del rev\u00e9s. Cada dia fem un taller diferent fins a arribar el divendres, que es celebraran els jocs florals. Aneu visitant la p\u00e0gina perqu\u00e8 cada dia hi haur\u00e0 fotografies noves dels tallers i de les activitats que anem fent. El divendres tamb\u00e9 publicarem el resultat dels JOCS FLORALS, el concurs literari m\u00e9s important de l&#8217;any.<\/p>\n<h5>DILLUNS<\/h5>\n<p>Taller de jocs populars i tradicionals per a tota l&#8217;escola: <a href=\"https:\/\/drive.google.com\/drive\/folders\/1DKzHUR-bdN96LxMMsQlwiBw94hSDKlzH?usp=sharing\">Fotografies de tots els cursos<\/a><\/p>\n<p>Visita de la periodista i escriptora Anna Fit\u00e9 a la classe de 2n: <a href=\"https:\/\/drive.google.com\/drive\/folders\/1-Kh-zVXC1kNFGFzu2Tx4AlyyXqeccssv?usp=sharing\">Fotografies<\/a><\/p>\n<h5>DIMARTS<\/h5>\n<p>Taller de percussi\u00f3 1r, 2n, 3r, 4rt, 5\u00e8 i 6\u00e8:\u00a0<a href=\"https:\/\/drive.google.com\/drive\/folders\/1JSud7vND2ncuJ9wZhvSMJlUjnzaR3bFK?usp=sharing\">Fotografies<\/a><\/p>\n<p>Taller de percussi\u00f3 P3, P4 i P5: <a href=\"https:\/\/drive.google.com\/drive\/folders\/1QGXpUpvGjVwFPTXXMfRy-Bgt57_J4pAz?usp=sharing\">Fotografies<\/a><\/p>\n<h5>DIMECRES<\/h5>\n<p>Taller de conta contes prim\u00e0ria: <a href=\"https:\/\/drive.google.com\/drive\/folders\/1RnQ2JI8oKpaYVq9DHeRIc45C9OvvSCQ9?usp=sharing\">Fotografies<\/a><\/p>\n<p>Taller de conta contes infantil: <a href=\"https:\/\/drive.google.com\/drive\/folders\/11Upguz9Xbz1jWPYivLAghbayABJDsmOs?usp=sharing\">Fotografies<\/a><\/p>\n<h5>DIJOUS<\/h5>\n<p>La llegenda de Sant Jordi<\/p>\n<h5>DIVENDRES<\/h5>\n<p>Hem celebrat els Jocs Florals. Tots els nens i nenes de l&#8217;escola han fet una gran feina i han rebut un diploma. A P3, P4 i P5 se&#8217;ls ha donat un premi a tota la classe per les manualitats i feines que han fet. A prim\u00e0ria hi ha 4 guanyadors o guanyadores per cada curs. Us deixem l&#8217;enlla\u00e7 de les fotografies per saber qui s\u00f3n:<\/p>\n<h6 style=\"text-align: left;\"><a href=\"https:\/\/drive.google.com\/drive\/folders\/1SQQsQhKK-TsCj2TQ1pEI_G9XlC0tsKQA?usp=sharing\">Fotografies<\/a><\/h6>\n","protected":false},"excerpt":{"rendered":"<p>Aquesta setmana l&#8217;escola est\u00e0 del rev\u00e9s. Cada dia fem un taller diferent fins a arribar el divendres, que es celebraran els jocs florals. Aneu visitant la p\u00e0gina perqu\u00e8 cada dia hi haur\u00e0 fotografies noves dels tallers i de les activitats que anem fent. El divendres tamb\u00e9 publicarem el resultat dels JOCS FLORALS, el concurs literari [&hellip;]<\/p>\n","protected":false},"author":1,"featured_media":1158,"comment_status":"closed","ping_status":"closed","sticky":false,"template":"","format":"standard","meta":{"_bbp_topic_count":0,"_bbp_reply_count":0,"_bbp_total_topic_count":0,"_bbp_total_reply_count":0,"_bbp_voice_count":0,"_bbp_anonymous_reply_count":0,"_bbp_topic_count_hidden":0,"_bbp_reply_count_hidden":0,"_bbp_forum_subforum_count":0,"site-sidebar-layout":"default","site-content-layout":"","ast-site-content-layout":"","site-content-style":"default","site-sidebar-style":"default","ast-global-header-display":"","ast-banner-title-visibility":"","ast-main-header-display":"","ast-hfb-above-header-display":"","ast-hfb-below-header-display":"","ast-hfb-mobile-header-display":"","site-post-title":"","ast-breadcrumbs-content":"","ast-featured-img":"","footer-sml-layout":"","theme-transparent-header-meta":"","adv-header-id-meta":"","stick-header-meta":"","header-above-stick-meta":"","header-main-stick-meta":"","header-below-stick-meta":"","astra-migrate-meta-layouts":"default","ast-page-background-enabled":"default","ast-page-background-meta":{"desktop":{"background-color":"var(--ast-global-color-4)","background-image":"","background-repeat":"repeat","background-position":"center center","background-size":"auto","background-attachment":"scroll","background-type":"","background-media":"","overlay-type":"","overlay-color":"","overlay-opacity":"","overlay-gradient":""},"tablet":{"background-color":"","background-image":"","background-repeat":"repeat","background-position":"center center","background-size":"auto","background-attachment":"scroll","background-type":"","background-media":"","overlay-type":"","overlay-color":"","overlay-opacity":"","overlay-gradient":""},"mobile":{"background-color":"","background-image":"","background-repeat":"repeat","background-position":"center center","background-size":"auto","background-attachment":"scroll","background-type":"","background-media":"","overlay-type":"","overlay-color":"","overlay-opacity":"","overlay-gradient":""}},"ast-content-background-meta":{"desktop":{"background-color":"var(--ast-global-color-5)","background-image":"","background-repeat":"repeat","background-position":"center center","background-size":"auto","background-attachment":"scroll","background-type":"","background-media":"","overlay-type":"","overlay-color":"","overlay-opacity":"","overlay-gradient":""},"tablet":{"background-color":"var(--ast-global-color-5)","background-image":"","background-repeat":"repeat","background-position":"center center","background-size":"auto","background-attachment":"scroll","background-type":"","background-media":"","overlay-type":"","overlay-color":"","overlay-opacity":"","overlay-gradient":""},"mobile":{"background-color":"var(--ast-global-color-5)","background-image":"","background-repeat":"repeat","background-position":"center center","background-size":"auto","background-attachment":"scroll","background-type":"","background-media":"","overlay-type":"","overlay-color":"","overlay-opacity":"","overlay-gradient":""}},"footnotes":""},"categories":[10,11,12,13,14,15,1,3,8,9,4],"tags":[],"class_list":["post-1219","post","type-post","status-publish","format-standard","has-post-thumbnail","hentry","category-1r","category-2n","category-3r","category-4t","category-5e","category-6e","category-general","category-i3","category-p4","category-p5","category-portada"],"post_mailing_queue_ids":[],"_links":{"self":[{"href":"https:\/\/agora.xtec.cat\/escausiasmarch-santacoloma\/wp-json\/wp\/v2\/posts\/1219","targetHints":{"allow":["GET"]}}],"collection":[{"href":"https:\/\/agora.xtec.cat\/escausiasmarch-santacoloma\/wp-json\/wp\/v2\/posts"}],"about":[{"href":"https:\/\/agora.xtec.cat\/escausiasmarch-santacoloma\/wp-json\/wp\/v2\/types\/post"}],"author":[{"embeddable":true,"href":"https:\/\/agora.xtec.cat\/escausiasmarch-santacoloma\/wp-json\/wp\/v2\/users\/1"}],"replies":[{"embeddable":true,"href":"https:\/\/agora.xtec.cat\/escausiasmarch-santacoloma\/wp-json\/wp\/v2\/comments?post=1219"}],"version-history":[{"count":1,"href":"https:\/\/agora.xtec.cat\/escausiasmarch-santacoloma\/wp-json\/wp\/v2\/posts\/1219\/revisions"}],"predecessor-version":[{"id":1221,"href":"https:\/\/agora.xtec.cat\/escausiasmarch-santacoloma\/wp-json\/wp\/v2\/posts\/1219\/revisions\/1221"}],"wp:featuredmedia":[{"embeddable":true,"href":"https:\/\/agora.xtec.cat\/escausiasmarch-santacoloma\/wp-json\/wp\/v2\/media\/1158"}],"wp:attachment":[{"href":"https:\/\/agora.xtec.cat\/escausiasmarch-santacoloma\/wp-json\/wp\/v2\/media?parent=1219"}],"wp:term":[{"taxonomy":"category","embeddable":true,"href":"https:\/\/agora.xtec.cat\/escausiasmarch-santacoloma\/wp-json\/wp\/v2\/categories?post=1219"},{"taxonomy":"post_tag","embeddable":true,"href":"https:\/\/agora.xtec.cat\/escausiasmarch-santacoloma\/wp-json\/wp\/v2\/tags?post=1219"}],"curies":[{"name":"wp","href":"https:\/\/api.w.org\/{rel}","templated":true}]}}