{"id":7342,"date":"2020-02-13T11:09:19","date_gmt":"2020-02-13T10:09:19","guid":{"rendered":"http:\/\/agora.xtec.cat\/escarrels-alamus\/?p=7342"},"modified":"2020-02-13T11:10:55","modified_gmt":"2020-02-13T10:10:55","slug":"30-de-gener-dia-intermacional-de-la-pau-i-la-no-violencia","status":"publish","type":"post","link":"https:\/\/agora.xtec.cat\/escarrels-alamus\/portada\/30-de-gener-dia-intermacional-de-la-pau-i-la-no-violencia\/","title":{"rendered":"30 DE GENER, DIA INTERMACIONAL DE LA PAU I LA NO VIOL\u00c8NCIA"},"content":{"rendered":"<p>Ja sabeu que el dia 30 de gener \u00e9s una data assenyalada en el nostre calendari. El <strong><span style=\"color: #008000;\">Dia Internacional de la Pau i la NO viol\u00e8ncia<\/span><\/strong> ens d\u00f3na l&#8217;excusa per recordar i reflexionar amb els i les alumnes sobre un tema que tractem, d&#8217;una forma o altra, cada dia.<\/p>\n<p>Aquest curs l&#8217;hem dedicat a la coeducaci\u00f3 i la Interculturalitat.<\/p>\n<p>El fil conductor l&#8217;ha marcat aquest llibre de <span class=\"author notFaded\" data-width=\"\"><a class=\"a-link-normal\" href=\"https:\/\/www.amazon.es\/s\/ref=dp_byline_sr_book_1?ie=UTF8&amp;field-author=Giancarlo+Macri&amp;search-alias=stripbooks\">Giancarlo Macri<\/a>\u00a0<span class=\"contribution\"><span class=\"a-color-secondary\">(Autor),\u00a0<\/span><\/span><\/span><span class=\"author notFaded\" data-width=\"\"><a class=\"a-link-normal\" href=\"https:\/\/www.amazon.es\/s\/ref=dp_byline_sr_book_2?ie=UTF8&amp;field-author=Carolina+Zanotti&amp;search-alias=stripbooks\">Carolina Zanotti<\/a>\u00a0<span class=\"contribution\"><span class=\"a-color-secondary\">(Autor)<\/span><\/span><\/span><\/p>\n<p><a href=\"http:\/\/agora.xtec.cat\/escarrels-alamus\/portada\/30-de-gener-dia-intermacional-de-la-pau-i-la-no-violencia\/attachment\/el-muro\/\" rel=\"attachment wp-att-7343\"><img loading=\"lazy\" decoding=\"async\" class=\"alignnone size-full wp-image-7343\" src=\"https:\/\/agora.xtec.cat\/escarrels-alamus\/wp-content\/uploads\/usu1616\/2020\/02\/el-muro.jpg\" alt=\"\" width=\"352\" height=\"499\" srcset=\"https:\/\/agora.xtec.cat\/escarrels-alamus\/wp-content\/uploads\/usu1616\/2020\/02\/el-muro.jpg 352w, https:\/\/agora.xtec.cat\/escarrels-alamus\/wp-content\/uploads\/usu1616\/2020\/02\/el-muro-212x300.jpg 212w\" sizes=\"auto, (max-width: 352px) 100vw, 352px\" \/><\/a><\/p>\n<div id=\"qpeTitleTag_feature_div\" class=\"feature\" data-feature-name=\"qpeTitleTag\" data-cel-widget=\"qpeTitleTag_feature_div\">Durant el mat\u00ed, en grups cooperatius internivells hem realitzat una &#8220;performance&#8221; per simbolitzar la diversitat i la riquesa que ens aporta.<\/div>\n<div data-feature-name=\"qpeTitleTag\" data-cel-widget=\"qpeTitleTag_feature_div\"><\/div>\n<div data-feature-name=\"qpeTitleTag\" data-cel-widget=\"qpeTitleTag_feature_div\"><\/div>\n<div data-feature-name=\"qpeTitleTag\" data-cel-widget=\"qpeTitleTag_feature_div\"><a href=\"http:\/\/agora.xtec.cat\/escarrels-alamus\/portada\/30-de-gener-dia-intermacional-de-la-pau-i-la-no-violencia\/attachment\/img_20200130_095236\/\" rel=\"attachment wp-att-7346\"><img loading=\"lazy\" decoding=\"async\" class=\"alignnone size-large wp-image-7346\" src=\"https:\/\/agora.xtec.cat\/escarrels-alamus\/wp-content\/uploads\/usu1616\/2020\/02\/IMG_20200130_095236-1024x768.jpg\" alt=\"\" width=\"1024\" height=\"768\" srcset=\"https:\/\/agora.xtec.cat\/escarrels-alamus\/wp-content\/uploads\/usu1616\/2020\/02\/IMG_20200130_095236.jpg 1024w, https:\/\/agora.xtec.cat\/escarrels-alamus\/wp-content\/uploads\/usu1616\/2020\/02\/IMG_20200130_095236-300x225.jpg 300w, https:\/\/agora.xtec.cat\/escarrels-alamus\/wp-content\/uploads\/usu1616\/2020\/02\/IMG_20200130_095236-768x576.jpg 768w, https:\/\/agora.xtec.cat\/escarrels-alamus\/wp-content\/uploads\/usu1616\/2020\/02\/IMG_20200130_095236-200x150.jpg 200w\" sizes=\"auto, (max-width: 1024px) 100vw, 1024px\" \/><\/a> <a href=\"http:\/\/agora.xtec.cat\/escarrels-alamus\/portada\/30-de-gener-dia-intermacional-de-la-pau-i-la-no-violencia\/attachment\/20200130_100651\/\" rel=\"attachment wp-att-7347\"><img loading=\"lazy\" decoding=\"async\" class=\"alignnone size-large wp-image-7347\" src=\"https:\/\/agora.xtec.cat\/escarrels-alamus\/wp-content\/uploads\/usu1616\/2020\/02\/20200130_100651-1024x768.jpg\" alt=\"\" width=\"1024\" height=\"768\" srcset=\"https:\/\/agora.xtec.cat\/escarrels-alamus\/wp-content\/uploads\/usu1616\/2020\/02\/20200130_100651.jpg 1024w, https:\/\/agora.xtec.cat\/escarrels-alamus\/wp-content\/uploads\/usu1616\/2020\/02\/20200130_100651-300x225.jpg 300w, https:\/\/agora.xtec.cat\/escarrels-alamus\/wp-content\/uploads\/usu1616\/2020\/02\/20200130_100651-768x576.jpg 768w, https:\/\/agora.xtec.cat\/escarrels-alamus\/wp-content\/uploads\/usu1616\/2020\/02\/20200130_100651-200x150.jpg 200w\" sizes=\"auto, (max-width: 1024px) 100vw, 1024px\" \/><\/a> \u00a0<a href=\"http:\/\/agora.xtec.cat\/escarrels-alamus\/portada\/30-de-gener-dia-intermacional-de-la-pau-i-la-no-violencia\/attachment\/20200130_100937\/\" rel=\"attachment wp-att-7349\"><img loading=\"lazy\" decoding=\"async\" class=\"alignnone size-large wp-image-7349\" src=\"https:\/\/agora.xtec.cat\/escarrels-alamus\/wp-content\/uploads\/usu1616\/2020\/02\/20200130_100937-1024x768.jpg\" alt=\"\" width=\"1024\" height=\"768\" srcset=\"https:\/\/agora.xtec.cat\/escarrels-alamus\/wp-content\/uploads\/usu1616\/2020\/02\/20200130_100937.jpg 1024w, https:\/\/agora.xtec.cat\/escarrels-alamus\/wp-content\/uploads\/usu1616\/2020\/02\/20200130_100937-300x225.jpg 300w, https:\/\/agora.xtec.cat\/escarrels-alamus\/wp-content\/uploads\/usu1616\/2020\/02\/20200130_100937-768x576.jpg 768w, https:\/\/agora.xtec.cat\/escarrels-alamus\/wp-content\/uploads\/usu1616\/2020\/02\/20200130_100937-200x150.jpg 200w\" sizes=\"auto, (max-width: 1024px) 100vw, 1024px\" \/><\/a> <a href=\"http:\/\/agora.xtec.cat\/escarrels-alamus\/portada\/30-de-gener-dia-intermacional-de-la-pau-i-la-no-violencia\/attachment\/20200130_101329\/\" rel=\"attachment wp-att-7350\"><img loading=\"lazy\" decoding=\"async\" class=\"alignnone size-large wp-image-7350\" src=\"https:\/\/agora.xtec.cat\/escarrels-alamus\/wp-content\/uploads\/usu1616\/2020\/02\/20200130_101329-1024x768.jpg\" alt=\"\" width=\"1024\" height=\"768\" srcset=\"https:\/\/agora.xtec.cat\/escarrels-alamus\/wp-content\/uploads\/usu1616\/2020\/02\/20200130_101329.jpg 1024w, https:\/\/agora.xtec.cat\/escarrels-alamus\/wp-content\/uploads\/usu1616\/2020\/02\/20200130_101329-300x225.jpg 300w, https:\/\/agora.xtec.cat\/escarrels-alamus\/wp-content\/uploads\/usu1616\/2020\/02\/20200130_101329-768x576.jpg 768w, https:\/\/agora.xtec.cat\/escarrels-alamus\/wp-content\/uploads\/usu1616\/2020\/02\/20200130_101329-200x150.jpg 200w\" sizes=\"auto, (max-width: 1024px) 100vw, 1024px\" \/><\/a><\/div>\n<div data-feature-name=\"qpeTitleTag\" data-cel-widget=\"qpeTitleTag_feature_div\"><a href=\"http:\/\/agora.xtec.cat\/escarrels-alamus\/portada\/30-de-gener-dia-intermacional-de-la-pau-i-la-no-violencia\/attachment\/20200130_100835\/\" rel=\"attachment wp-att-7348\"><img loading=\"lazy\" decoding=\"async\" class=\"alignnone size-large wp-image-7348\" src=\"https:\/\/agora.xtec.cat\/escarrels-alamus\/wp-content\/uploads\/usu1616\/2020\/02\/20200130_100835-1024x768.jpg\" alt=\"\" width=\"1024\" height=\"768\" srcset=\"https:\/\/agora.xtec.cat\/escarrels-alamus\/wp-content\/uploads\/usu1616\/2020\/02\/20200130_100835.jpg 1024w, https:\/\/agora.xtec.cat\/escarrels-alamus\/wp-content\/uploads\/usu1616\/2020\/02\/20200130_100835-300x225.jpg 300w, https:\/\/agora.xtec.cat\/escarrels-alamus\/wp-content\/uploads\/usu1616\/2020\/02\/20200130_100835-768x576.jpg 768w, https:\/\/agora.xtec.cat\/escarrels-alamus\/wp-content\/uploads\/usu1616\/2020\/02\/20200130_100835-200x150.jpg 200w\" sizes=\"auto, (max-width: 1024px) 100vw, 1024px\" \/><\/a><\/div>\n<div data-feature-name=\"qpeTitleTag\" data-cel-widget=\"qpeTitleTag_feature_div\"><\/div>\n<div data-feature-name=\"qpeTitleTag\" data-cel-widget=\"qpeTitleTag_feature_div\"><\/div>\n<div data-feature-name=\"qpeTitleTag\" data-cel-widget=\"qpeTitleTag_feature_div\">Oi, que \u00e9s una bona met\u00e0fora?<\/div>\n<div data-feature-name=\"qpeTitleTag\" data-cel-widget=\"qpeTitleTag_feature_div\"><\/div>\n<div data-feature-name=\"qpeTitleTag\" data-cel-widget=\"qpeTitleTag_feature_div\">Despr\u00e9s ens hem trobat tots plegats al pati per compartir un moment de reflexi\u00f3 sobre els valors universals de la Pau. Ho fem, com sempre, cantant junts una can\u00e7\u00f3 que hem preparat a l&#8217;hora de M\u00fascia amb la Senyoreta Ant\u00f2nia: &#8220;Podries&#8221;, una versi\u00f3 musicalitzada d&#8217;un poema de Joana Raspall.<\/div>\n<div data-feature-name=\"qpeTitleTag\" data-cel-widget=\"qpeTitleTag_feature_div\"><\/div>\n<div data-feature-name=\"qpeTitleTag\" data-cel-widget=\"qpeTitleTag_feature_div\"><a href=\"http:\/\/agora.xtec.cat\/escarrels-alamus\/portada\/30-de-gener-dia-intermacional-de-la-pau-i-la-no-violencia\/attachment\/img-20200213-wa0000\/\" rel=\"attachment wp-att-7351\"><img loading=\"lazy\" decoding=\"async\" class=\"alignnone size-large wp-image-7351\" src=\"https:\/\/agora.xtec.cat\/escarrels-alamus\/wp-content\/uploads\/usu1616\/2020\/02\/IMG-20200213-WA0000-1024x473.jpg\" alt=\"\" width=\"1024\" height=\"473\" srcset=\"https:\/\/agora.xtec.cat\/escarrels-alamus\/wp-content\/uploads\/usu1616\/2020\/02\/IMG-20200213-WA0000.jpg 1024w, https:\/\/agora.xtec.cat\/escarrels-alamus\/wp-content\/uploads\/usu1616\/2020\/02\/IMG-20200213-WA0000-300x139.jpg 300w, https:\/\/agora.xtec.cat\/escarrels-alamus\/wp-content\/uploads\/usu1616\/2020\/02\/IMG-20200213-WA0000-768x355.jpg 768w\" sizes=\"auto, (max-width: 1024px) 100vw, 1024px\" \/><\/a><\/div>\n<div data-feature-name=\"qpeTitleTag\" data-cel-widget=\"qpeTitleTag_feature_div\"><\/div>\n<div data-feature-name=\"qpeTitleTag\" data-cel-widget=\"qpeTitleTag_feature_div\"><\/div>\n<div data-feature-name=\"qpeTitleTag\" data-cel-widget=\"qpeTitleTag_feature_div\">Durant els dies previs, les fam\u00edlies heu fet deures. Recordeu aquelles cintes de colors on, junt amb els vostres fills, vau escriure paraules relacionades amb la Pau?<\/div>\n<div data-feature-name=\"qpeTitleTag\" data-cel-widget=\"qpeTitleTag_feature_div\"><\/div>\n<div data-feature-name=\"qpeTitleTag\" data-cel-widget=\"qpeTitleTag_feature_div\"><\/div>\n<div data-feature-name=\"qpeTitleTag\" data-cel-widget=\"qpeTitleTag_feature_div\"><a href=\"http:\/\/agora.xtec.cat\/escarrels-alamus\/portada\/30-de-gener-dia-intermacional-de-la-pau-i-la-no-violencia\/attachment\/img_20200130_091856\/\" rel=\"attachment wp-att-7352\"><img loading=\"lazy\" decoding=\"async\" class=\"alignnone size-large wp-image-7352\" src=\"https:\/\/agora.xtec.cat\/escarrels-alamus\/wp-content\/uploads\/usu1616\/2020\/02\/IMG_20200130_091856-1024x768.jpg\" alt=\"\" width=\"1024\" height=\"768\" srcset=\"https:\/\/agora.xtec.cat\/escarrels-alamus\/wp-content\/uploads\/usu1616\/2020\/02\/IMG_20200130_091856.jpg 1024w, https:\/\/agora.xtec.cat\/escarrels-alamus\/wp-content\/uploads\/usu1616\/2020\/02\/IMG_20200130_091856-300x225.jpg 300w, https:\/\/agora.xtec.cat\/escarrels-alamus\/wp-content\/uploads\/usu1616\/2020\/02\/IMG_20200130_091856-768x576.jpg 768w, https:\/\/agora.xtec.cat\/escarrels-alamus\/wp-content\/uploads\/usu1616\/2020\/02\/IMG_20200130_091856-200x150.jpg 200w\" sizes=\"auto, (max-width: 1024px) 100vw, 1024px\" \/><\/a> <a href=\"http:\/\/agora.xtec.cat\/escarrels-alamus\/portada\/30-de-gener-dia-intermacional-de-la-pau-i-la-no-violencia\/attachment\/20200130_090200\/\" rel=\"attachment wp-att-7353\"><img loading=\"lazy\" decoding=\"async\" class=\"alignnone size-large wp-image-7353\" src=\"https:\/\/agora.xtec.cat\/escarrels-alamus\/wp-content\/uploads\/usu1616\/2020\/02\/20200130_090200-1024x768.jpg\" alt=\"\" width=\"1024\" height=\"768\" srcset=\"https:\/\/agora.xtec.cat\/escarrels-alamus\/wp-content\/uploads\/usu1616\/2020\/02\/20200130_090200.jpg 1024w, https:\/\/agora.xtec.cat\/escarrels-alamus\/wp-content\/uploads\/usu1616\/2020\/02\/20200130_090200-300x225.jpg 300w, https:\/\/agora.xtec.cat\/escarrels-alamus\/wp-content\/uploads\/usu1616\/2020\/02\/20200130_090200-768x576.jpg 768w, https:\/\/agora.xtec.cat\/escarrels-alamus\/wp-content\/uploads\/usu1616\/2020\/02\/20200130_090200-200x150.jpg 200w\" sizes=\"auto, (max-width: 1024px) 100vw, 1024px\" \/><\/a><\/div>\n<div data-feature-name=\"qpeTitleTag\" data-cel-widget=\"qpeTitleTag_feature_div\"><\/div>\n<div data-feature-name=\"qpeTitleTag\" data-cel-widget=\"qpeTitleTag_feature_div\"><\/div>\n<div data-feature-name=\"qpeTitleTag\" data-cel-widget=\"qpeTitleTag_feature_div\"><\/div>\n<div data-feature-name=\"qpeTitleTag\" data-cel-widget=\"qpeTitleTag_feature_div\"><\/div>\n<div data-feature-name=\"qpeTitleTag\" data-cel-widget=\"qpeTitleTag_feature_div\"><\/div>\n<div data-feature-name=\"qpeTitleTag\" data-cel-widget=\"qpeTitleTag_feature_div\">Doncs, les vam penjar a l&#8217;olivera de la Font de la Piqueta, per tal que el vent pogu\u00e9s escampar-les i arribessin a tothom. Tamb\u00e9 tothom del poble qui hagi volgut fer-ne una, ha tingut l&#8217;ocasi\u00f3 d&#8217;afegir-se.<\/div>\n<div data-feature-name=\"qpeTitleTag\" data-cel-widget=\"qpeTitleTag_feature_div\"><\/div>\n<div data-feature-name=\"qpeTitleTag\" data-cel-widget=\"qpeTitleTag_feature_div\"><\/div>\n<div data-feature-name=\"qpeTitleTag\" data-cel-widget=\"qpeTitleTag_feature_div\"><a href=\"http:\/\/agora.xtec.cat\/escarrels-alamus\/portada\/30-de-gener-dia-intermacional-de-la-pau-i-la-no-violencia\/attachment\/20200130_121644\/\" rel=\"attachment wp-att-7354\"><img loading=\"lazy\" decoding=\"async\" class=\"alignnone size-large wp-image-7354\" src=\"https:\/\/agora.xtec.cat\/escarrels-alamus\/wp-content\/uploads\/usu1616\/2020\/02\/20200130_121644-1024x768.jpg\" alt=\"\" width=\"1024\" height=\"768\" srcset=\"https:\/\/agora.xtec.cat\/escarrels-alamus\/wp-content\/uploads\/usu1616\/2020\/02\/20200130_121644.jpg 1024w, https:\/\/agora.xtec.cat\/escarrels-alamus\/wp-content\/uploads\/usu1616\/2020\/02\/20200130_121644-300x225.jpg 300w, https:\/\/agora.xtec.cat\/escarrels-alamus\/wp-content\/uploads\/usu1616\/2020\/02\/20200130_121644-768x576.jpg 768w, https:\/\/agora.xtec.cat\/escarrels-alamus\/wp-content\/uploads\/usu1616\/2020\/02\/20200130_121644-200x150.jpg 200w\" sizes=\"auto, (max-width: 1024px) 100vw, 1024px\" \/><\/a><\/div>\n<div data-feature-name=\"qpeTitleTag\" data-cel-widget=\"qpeTitleTag_feature_div\"><\/div>\n<div data-feature-name=\"qpeTitleTag\" data-cel-widget=\"qpeTitleTag_feature_div\"><\/div>\n<div data-feature-name=\"qpeTitleTag\" data-cel-widget=\"qpeTitleTag_feature_div\">Finalment, donada la import\u00e0ncia que teniu les fam\u00edlies en la transmissi\u00f3 d&#8217;aquests valors en els infants, hem volgut compartir amb vosaltres la nostra manera de treballar-ho amb els nens, organitzant una TERT\u00daLIA CAF\u00c8 que hem titulat &#8220;Explica&#8217;m la Pau&#8221;.<\/div>\n<div data-feature-name=\"qpeTitleTag\" data-cel-widget=\"qpeTitleTag_feature_div\"><\/div>\n<div data-feature-name=\"qpeTitleTag\" data-cel-widget=\"qpeTitleTag_feature_div\"><a href=\"http:\/\/agora.xtec.cat\/escarrels-alamus\/general\/explicam-la-pau\/attachment\/img_20200130_163051_opt\/\" rel=\"attachment wp-att-7250\"><img loading=\"lazy\" decoding=\"async\" class=\"alignnone size-full wp-image-7250\" src=\"https:\/\/agora.xtec.cat\/escarrels-alamus\/wp-content\/uploads\/usu1616\/2020\/02\/IMG_20200130_163051_opt.jpg\" alt=\"\" width=\"400\" height=\"300\" srcset=\"https:\/\/agora.xtec.cat\/escarrels-alamus\/wp-content\/uploads\/usu1616\/2020\/02\/IMG_20200130_163051_opt.jpg 400w, https:\/\/agora.xtec.cat\/escarrels-alamus\/wp-content\/uploads\/usu1616\/2020\/02\/IMG_20200130_163051_opt-300x225.jpg 300w, https:\/\/agora.xtec.cat\/escarrels-alamus\/wp-content\/uploads\/usu1616\/2020\/02\/IMG_20200130_163051_opt-200x150.jpg 200w\" sizes=\"auto, (max-width: 400px) 100vw, 400px\" \/><\/a><\/div>\n<div data-feature-name=\"qpeTitleTag\" data-cel-widget=\"qpeTitleTag_feature_div\"><\/div>\n<div data-feature-name=\"qpeTitleTag\" data-cel-widget=\"qpeTitleTag_feature_div\"><a href=\"http:\/\/agora.xtec.cat\/escarrels-alamus\/general\/explicam-la-pau\/attachment\/img_20200130_164214_opt\/\" rel=\"attachment wp-att-7251\"><img loading=\"lazy\" decoding=\"async\" class=\"alignnone size-full wp-image-7251\" src=\"https:\/\/agora.xtec.cat\/escarrels-alamus\/wp-content\/uploads\/usu1616\/2020\/02\/IMG_20200130_164214_opt.jpg\" alt=\"\" width=\"400\" height=\"300\" srcset=\"https:\/\/agora.xtec.cat\/escarrels-alamus\/wp-content\/uploads\/usu1616\/2020\/02\/IMG_20200130_164214_opt.jpg 400w, https:\/\/agora.xtec.cat\/escarrels-alamus\/wp-content\/uploads\/usu1616\/2020\/02\/IMG_20200130_164214_opt-300x225.jpg 300w, https:\/\/agora.xtec.cat\/escarrels-alamus\/wp-content\/uploads\/usu1616\/2020\/02\/IMG_20200130_164214_opt-200x150.jpg 200w\" sizes=\"auto, (max-width: 400px) 100vw, 400px\" \/><\/a><\/div>\n<div data-feature-name=\"qpeTitleTag\" data-cel-widget=\"qpeTitleTag_feature_div\"><\/div>\n<div data-feature-name=\"qpeTitleTag\" data-cel-widget=\"qpeTitleTag_feature_div\"><\/div>\n<div data-feature-name=\"qpeTitleTag\" data-cel-widget=\"qpeTitleTag_feature_div\">Com sempre, ens ha encantat comptar amb la vostra pres\u00e8ncia. Esperem sincerament que us hagi interessat.<\/div>\n<div id=\"cmrsSummary_feature_div\" class=\"feature\" data-feature-name=\"cmrsSummary\" data-cel-widget=\"cmrsSummary_feature_div\"><\/div>\n<p>&nbsp;<\/p>\n<p>&nbsp;<\/p>\n","protected":false},"excerpt":{"rendered":"<p>Ja sabeu que el dia 30 de gener \u00e9s una data assenyalada en el nostre calendari. El Dia Internacional de la Pau i la NO viol\u00e8ncia ens d\u00f3na l&#8217;excusa per recordar i reflexionar amb els i les alumnes sobre un tema que tractem, d&#8217;una forma o altra, cada dia.Aquest curs l&#8217;hem dedicat a la coeducaci\u00f3 i la Interculturalitat.<\/p>\n","protected":false},"author":1,"featured_media":7354,"comment_status":"open","ping_status":"closed","sticky":false,"template":"","format":"standard","meta":{"_bbp_topic_count":0,"_bbp_reply_count":0,"_bbp_total_topic_count":0,"_bbp_total_reply_count":0,"_bbp_voice_count":0,"_bbp_anonymous_reply_count":0,"_bbp_topic_count_hidden":0,"_bbp_reply_count_hidden":0,"_bbp_forum_subforum_count":0,"site-sidebar-layout":"default","site-content-layout":"","ast-site-content-layout":"","site-content-style":"default","site-sidebar-style":"default","ast-global-header-display":"","ast-banner-title-visibility":"","ast-main-header-display":"","ast-hfb-above-header-display":"","ast-hfb-below-header-display":"","ast-hfb-mobile-header-display":"","site-post-title":"","ast-breadcrumbs-content":"","ast-featured-img":"","footer-sml-layout":"","theme-transparent-header-meta":"","adv-header-id-meta":"","stick-header-meta":"","header-above-stick-meta":"","header-main-stick-meta":"","header-below-stick-meta":"","astra-migrate-meta-layouts":"default","ast-page-background-enabled":"default","ast-page-background-meta":{"desktop":{"background-color":"var(--ast-global-color-4)","background-image":"","background-repeat":"repeat","background-position":"center center","background-size":"auto","background-attachment":"scroll","background-type":"","background-media":"","overlay-type":"","overlay-color":"","overlay-opacity":"","overlay-gradient":""},"tablet":{"background-color":"","background-image":"","background-repeat":"repeat","background-position":"center center","background-size":"auto","background-attachment":"scroll","background-type":"","background-media":"","overlay-type":"","overlay-color":"","overlay-opacity":"","overlay-gradient":""},"mobile":{"background-color":"","background-image":"","background-repeat":"repeat","background-position":"center center","background-size":"auto","background-attachment":"scroll","background-type":"","background-media":"","overlay-type":"","overlay-color":"","overlay-opacity":"","overlay-gradient":""}},"ast-content-background-meta":{"desktop":{"background-color":"var(--ast-global-color-5)","background-image":"","background-repeat":"repeat","background-position":"center center","background-size":"auto","background-attachment":"scroll","background-type":"","background-media":"","overlay-type":"","overlay-color":"","overlay-opacity":"","overlay-gradient":""},"tablet":{"background-color":"var(--ast-global-color-5)","background-image":"","background-repeat":"repeat","background-position":"center center","background-size":"auto","background-attachment":"scroll","background-type":"","background-media":"","overlay-type":"","overlay-color":"","overlay-opacity":"","overlay-gradient":""},"mobile":{"background-color":"var(--ast-global-color-5)","background-image":"","background-repeat":"repeat","background-position":"center center","background-size":"auto","background-attachment":"scroll","background-type":"","background-media":"","overlay-type":"","overlay-color":"","overlay-opacity":"","overlay-gradient":""}},"footnotes":""},"categories":[101,62,4],"tags":[],"class_list":["post-7342","post","type-post","status-publish","format-standard","has-post-thumbnail","hentry","category-convivencia","category-eduquem-en-xarxa","category-portada"],"post_mailing_queue_ids":[],"_links":{"self":[{"href":"https:\/\/agora.xtec.cat\/escarrels-alamus\/wp-json\/wp\/v2\/posts\/7342","targetHints":{"allow":["GET"]}}],"collection":[{"href":"https:\/\/agora.xtec.cat\/escarrels-alamus\/wp-json\/wp\/v2\/posts"}],"about":[{"href":"https:\/\/agora.xtec.cat\/escarrels-alamus\/wp-json\/wp\/v2\/types\/post"}],"author":[{"embeddable":true,"href":"https:\/\/agora.xtec.cat\/escarrels-alamus\/wp-json\/wp\/v2\/users\/1"}],"replies":[{"embeddable":true,"href":"https:\/\/agora.xtec.cat\/escarrels-alamus\/wp-json\/wp\/v2\/comments?post=7342"}],"version-history":[{"count":3,"href":"https:\/\/agora.xtec.cat\/escarrels-alamus\/wp-json\/wp\/v2\/posts\/7342\/revisions"}],"predecessor-version":[{"id":7358,"href":"https:\/\/agora.xtec.cat\/escarrels-alamus\/wp-json\/wp\/v2\/posts\/7342\/revisions\/7358"}],"wp:featuredmedia":[{"embeddable":true,"href":"https:\/\/agora.xtec.cat\/escarrels-alamus\/wp-json\/wp\/v2\/media\/7354"}],"wp:attachment":[{"href":"https:\/\/agora.xtec.cat\/escarrels-alamus\/wp-json\/wp\/v2\/media?parent=7342"}],"wp:term":[{"taxonomy":"category","embeddable":true,"href":"https:\/\/agora.xtec.cat\/escarrels-alamus\/wp-json\/wp\/v2\/categories?post=7342"},{"taxonomy":"post_tag","embeddable":true,"href":"https:\/\/agora.xtec.cat\/escarrels-alamus\/wp-json\/wp\/v2\/tags?post=7342"}],"curies":[{"name":"wp","href":"https:\/\/api.w.org\/{rel}","templated":true}]}}