{"id":14877,"date":"2025-12-18T10:18:02","date_gmt":"2025-12-18T09:18:02","guid":{"rendered":"https:\/\/agora.xtec.cat\/escarrels-alamus\/?p=14877"},"modified":"2025-12-18T10:19:21","modified_gmt":"2025-12-18T09:19:21","slug":"exposicio-projecte-la-marato-de-3cat-contra-el-cancer","status":"publish","type":"post","link":"https:\/\/agora.xtec.cat\/escarrels-alamus\/portada\/exposicio-projecte-la-marato-de-3cat-contra-el-cancer\/","title":{"rendered":"Exposici\u00f3 projecte &#8220;La Marat\u00f3 de 3cat contra el C\u00e0ncer&#8221;"},"content":{"rendered":"<p>Aquest trimestre a l&#8217;aula de cicle mitj\u00e0 hem elaborat un projecte sobre &#8220;La Marat\u00f3 de 3cat&#8221; que aquest any va dedicada a la recerca sobre el C\u00e0ncer. Aprofitant el fet que aquest any l&#8217;escola es centra en el treball de l&#8217;ODS 3 &#8220;Salut i benestar&#8221;, hem realitzat un estudi molt acurat sobre la malaltia del C\u00e0ncer. Per fer-ho, ens hem organitzat en diversos grups de treball i cada un s&#8217;ha encarregat de buscar informaci\u00f3 sobre un apartat en concret. El treball final l&#8217;hem acabat plasmant en format presentaci\u00f3 de Canva i el passat divendres dia 12 de desembre en vam fer l&#8217;exposici\u00f3 oral davant de totes les fam\u00edlies.<\/p>\n<p>Aqu\u00ed us deixem un recull de les diverses imatges de la jornada.<\/p>\n<p>Classe de Cicle Mitj\u00e0<\/p>\n<p><a href=\"https:\/\/agora.xtec.cat\/escarrels-alamus\/portada\/exposicio-projecte-la-marato-de-3cat-contra-el-cancer\/attachment\/img_8894\/\" rel=\"attachment wp-att-14880\"><img loading=\"lazy\" decoding=\"async\" class=\"alignleft size-medium wp-image-14880\" src=\"https:\/\/agora.xtec.cat\/escarrels-alamus\/wp-content\/uploads\/usu1616\/2025\/12\/IMG_8894-300x226.jpg\" alt=\"\" width=\"300\" height=\"226\" srcset=\"https:\/\/agora.xtec.cat\/escarrels-alamus\/wp-content\/uploads\/usu1616\/2025\/12\/IMG_8894-300x226.jpg 300w, https:\/\/agora.xtec.cat\/escarrels-alamus\/wp-content\/uploads\/usu1616\/2025\/12\/IMG_8894-1024x771.jpg 1024w, https:\/\/agora.xtec.cat\/escarrels-alamus\/wp-content\/uploads\/usu1616\/2025\/12\/IMG_8894-768x578.jpg 768w, https:\/\/agora.xtec.cat\/escarrels-alamus\/wp-content\/uploads\/usu1616\/2025\/12\/IMG_8894-1536x1157.jpg 1536w, https:\/\/agora.xtec.cat\/escarrels-alamus\/wp-content\/uploads\/usu1616\/2025\/12\/IMG_8894.jpg 2040w\" sizes=\"auto, (max-width: 300px) 100vw, 300px\" \/><\/a> <a href=\"https:\/\/agora.xtec.cat\/escarrels-alamus\/portada\/exposicio-projecte-la-marato-de-3cat-contra-el-cancer\/attachment\/img_8895\/\" rel=\"attachment wp-att-14881\"><img loading=\"lazy\" decoding=\"async\" class=\"alignleft size-medium wp-image-14881\" src=\"https:\/\/agora.xtec.cat\/escarrels-alamus\/wp-content\/uploads\/usu1616\/2025\/12\/IMG_8895-300x226.jpg\" alt=\"\" width=\"300\" height=\"226\" srcset=\"https:\/\/agora.xtec.cat\/escarrels-alamus\/wp-content\/uploads\/usu1616\/2025\/12\/IMG_8895-300x226.jpg 300w, https:\/\/agora.xtec.cat\/escarrels-alamus\/wp-content\/uploads\/usu1616\/2025\/12\/IMG_8895-1024x771.jpg 1024w, https:\/\/agora.xtec.cat\/escarrels-alamus\/wp-content\/uploads\/usu1616\/2025\/12\/IMG_8895-768x578.jpg 768w, https:\/\/agora.xtec.cat\/escarrels-alamus\/wp-content\/uploads\/usu1616\/2025\/12\/IMG_8895-1536x1157.jpg 1536w, https:\/\/agora.xtec.cat\/escarrels-alamus\/wp-content\/uploads\/usu1616\/2025\/12\/IMG_8895.jpg 2040w\" sizes=\"auto, (max-width: 300px) 100vw, 300px\" \/><\/a> <a href=\"https:\/\/agora.xtec.cat\/escarrels-alamus\/portada\/exposicio-projecte-la-marato-de-3cat-contra-el-cancer\/attachment\/img_8896\/\" rel=\"attachment wp-att-14882\"><img loading=\"lazy\" decoding=\"async\" class=\"alignleft size-medium wp-image-14882\" src=\"https:\/\/agora.xtec.cat\/escarrels-alamus\/wp-content\/uploads\/usu1616\/2025\/12\/IMG_8896-300x226.jpg\" alt=\"\" width=\"300\" height=\"226\" srcset=\"https:\/\/agora.xtec.cat\/escarrels-alamus\/wp-content\/uploads\/usu1616\/2025\/12\/IMG_8896-300x226.jpg 300w, https:\/\/agora.xtec.cat\/escarrels-alamus\/wp-content\/uploads\/usu1616\/2025\/12\/IMG_8896-1024x771.jpg 1024w, https:\/\/agora.xtec.cat\/escarrels-alamus\/wp-content\/uploads\/usu1616\/2025\/12\/IMG_8896-768x578.jpg 768w, https:\/\/agora.xtec.cat\/escarrels-alamus\/wp-content\/uploads\/usu1616\/2025\/12\/IMG_8896-1536x1157.jpg 1536w, https:\/\/agora.xtec.cat\/escarrels-alamus\/wp-content\/uploads\/usu1616\/2025\/12\/IMG_8896.jpg 2040w\" sizes=\"auto, (max-width: 300px) 100vw, 300px\" \/><\/a> <a href=\"https:\/\/agora.xtec.cat\/escarrels-alamus\/portada\/exposicio-projecte-la-marato-de-3cat-contra-el-cancer\/attachment\/img_8897\/\" rel=\"attachment wp-att-14883\"><img loading=\"lazy\" decoding=\"async\" class=\"alignleft size-medium wp-image-14883\" src=\"https:\/\/agora.xtec.cat\/escarrels-alamus\/wp-content\/uploads\/usu1616\/2025\/12\/IMG_8897-300x226.jpg\" alt=\"\" width=\"300\" height=\"226\" srcset=\"https:\/\/agora.xtec.cat\/escarrels-alamus\/wp-content\/uploads\/usu1616\/2025\/12\/IMG_8897-300x226.jpg 300w, https:\/\/agora.xtec.cat\/escarrels-alamus\/wp-content\/uploads\/usu1616\/2025\/12\/IMG_8897-1024x771.jpg 1024w, https:\/\/agora.xtec.cat\/escarrels-alamus\/wp-content\/uploads\/usu1616\/2025\/12\/IMG_8897-768x578.jpg 768w, https:\/\/agora.xtec.cat\/escarrels-alamus\/wp-content\/uploads\/usu1616\/2025\/12\/IMG_8897-1536x1157.jpg 1536w, https:\/\/agora.xtec.cat\/escarrels-alamus\/wp-content\/uploads\/usu1616\/2025\/12\/IMG_8897.jpg 2040w\" sizes=\"auto, (max-width: 300px) 100vw, 300px\" \/><\/a> <a href=\"https:\/\/agora.xtec.cat\/escarrels-alamus\/portada\/exposicio-projecte-la-marato-de-3cat-contra-el-cancer\/attachment\/img_8898\/\" rel=\"attachment wp-att-14884\"><img loading=\"lazy\" decoding=\"async\" class=\"alignleft size-medium wp-image-14884\" src=\"https:\/\/agora.xtec.cat\/escarrels-alamus\/wp-content\/uploads\/usu1616\/2025\/12\/IMG_8898-300x226.jpg\" alt=\"\" width=\"300\" height=\"226\" srcset=\"https:\/\/agora.xtec.cat\/escarrels-alamus\/wp-content\/uploads\/usu1616\/2025\/12\/IMG_8898-300x226.jpg 300w, https:\/\/agora.xtec.cat\/escarrels-alamus\/wp-content\/uploads\/usu1616\/2025\/12\/IMG_8898-1024x771.jpg 1024w, https:\/\/agora.xtec.cat\/escarrels-alamus\/wp-content\/uploads\/usu1616\/2025\/12\/IMG_8898-768x578.jpg 768w, https:\/\/agora.xtec.cat\/escarrels-alamus\/wp-content\/uploads\/usu1616\/2025\/12\/IMG_8898-1536x1157.jpg 1536w, https:\/\/agora.xtec.cat\/escarrels-alamus\/wp-content\/uploads\/usu1616\/2025\/12\/IMG_8898.jpg 2040w\" sizes=\"auto, (max-width: 300px) 100vw, 300px\" \/><\/a> <a href=\"https:\/\/agora.xtec.cat\/escarrels-alamus\/portada\/exposicio-projecte-la-marato-de-3cat-contra-el-cancer\/attachment\/img_8899\/\" rel=\"attachment wp-att-14885\"><img loading=\"lazy\" decoding=\"async\" class=\"alignleft size-medium wp-image-14885\" src=\"https:\/\/agora.xtec.cat\/escarrels-alamus\/wp-content\/uploads\/usu1616\/2025\/12\/IMG_8899-300x226.jpg\" alt=\"\" width=\"300\" height=\"226\" srcset=\"https:\/\/agora.xtec.cat\/escarrels-alamus\/wp-content\/uploads\/usu1616\/2025\/12\/IMG_8899-300x226.jpg 300w, https:\/\/agora.xtec.cat\/escarrels-alamus\/wp-content\/uploads\/usu1616\/2025\/12\/IMG_8899-1024x771.jpg 1024w, https:\/\/agora.xtec.cat\/escarrels-alamus\/wp-content\/uploads\/usu1616\/2025\/12\/IMG_8899-768x578.jpg 768w, https:\/\/agora.xtec.cat\/escarrels-alamus\/wp-content\/uploads\/usu1616\/2025\/12\/IMG_8899-1536x1157.jpg 1536w, https:\/\/agora.xtec.cat\/escarrels-alamus\/wp-content\/uploads\/usu1616\/2025\/12\/IMG_8899.jpg 2040w\" sizes=\"auto, (max-width: 300px) 100vw, 300px\" \/><\/a><\/p>\n","protected":false},"excerpt":{"rendered":"<p>Aquest trimestre a l&#8217;aula de cicle mitj\u00e0 hem elaborat un projecte sobre &#8220;La Marat\u00f3 de 3cat&#8221; que aquest any va dedicada a la recerca sobre el C\u00e0ncer. Aprofitant el fet que aquest any l&#8217;escola es centra en el treball de l&#8217;ODS 3 &#8220;Salut i benestar&#8221;, hem realitzat un estudi molt acurat sobre la malaltia del [&hellip;]<\/p>\n","protected":false},"author":1,"featured_media":14885,"comment_status":"open","ping_status":"open","sticky":false,"template":"","format":"standard","meta":{"_bbp_topic_count":0,"_bbp_reply_count":0,"_bbp_total_topic_count":0,"_bbp_total_reply_count":0,"_bbp_voice_count":0,"_bbp_anonymous_reply_count":0,"_bbp_topic_count_hidden":0,"_bbp_reply_count_hidden":0,"_bbp_forum_subforum_count":0,"site-sidebar-layout":"default","site-content-layout":"","ast-site-content-layout":"default","site-content-style":"default","site-sidebar-style":"default","ast-global-header-display":"","ast-banner-title-visibility":"","ast-main-header-display":"","ast-hfb-above-header-display":"","ast-hfb-below-header-display":"","ast-hfb-mobile-header-display":"","site-post-title":"","ast-breadcrumbs-content":"","ast-featured-img":"","footer-sml-layout":"","theme-transparent-header-meta":"default","adv-header-id-meta":"","stick-header-meta":"","header-above-stick-meta":"","header-main-stick-meta":"","header-below-stick-meta":"","astra-migrate-meta-layouts":"set","ast-page-background-enabled":"default","ast-page-background-meta":{"desktop":{"background-color":"var(--ast-global-color-4)","background-image":"","background-repeat":"repeat","background-position":"center center","background-size":"auto","background-attachment":"scroll","background-type":"","background-media":"","overlay-type":"","overlay-color":"","overlay-opacity":"","overlay-gradient":""},"tablet":{"background-color":"","background-image":"","background-repeat":"repeat","background-position":"center center","background-size":"auto","background-attachment":"scroll","background-type":"","background-media":"","overlay-type":"","overlay-color":"","overlay-opacity":"","overlay-gradient":""},"mobile":{"background-color":"","background-image":"","background-repeat":"repeat","background-position":"center center","background-size":"auto","background-attachment":"scroll","background-type":"","background-media":"","overlay-type":"","overlay-color":"","overlay-opacity":"","overlay-gradient":""}},"ast-content-background-meta":{"desktop":{"background-color":"var(--ast-global-color-5)","background-image":"","background-repeat":"repeat","background-position":"center center","background-size":"auto","background-attachment":"scroll","background-type":"","background-media":"","overlay-type":"","overlay-color":"","overlay-opacity":"","overlay-gradient":""},"tablet":{"background-color":"var(--ast-global-color-5)","background-image":"","background-repeat":"repeat","background-position":"center center","background-size":"auto","background-attachment":"scroll","background-type":"","background-media":"","overlay-type":"","overlay-color":"","overlay-opacity":"","overlay-gradient":""},"mobile":{"background-color":"var(--ast-global-color-5)","background-image":"","background-repeat":"repeat","background-position":"center center","background-size":"auto","background-attachment":"scroll","background-type":"","background-media":"","overlay-type":"","overlay-color":"","overlay-opacity":"","overlay-gradient":""}},"footnotes":""},"categories":[12,131,4,133,114],"tags":[],"class_list":["post-14877","post","type-post","status-publish","format-standard","has-post-thumbnail","hentry","category-3r-i-4t","category-ods","category-portada","category-https-agora-xtec-cat-escarrels-alamus-projecte-steamlhrta","category-projectes"],"post_mailing_queue_ids":[],"_links":{"self":[{"href":"https:\/\/agora.xtec.cat\/escarrels-alamus\/wp-json\/wp\/v2\/posts\/14877","targetHints":{"allow":["GET"]}}],"collection":[{"href":"https:\/\/agora.xtec.cat\/escarrels-alamus\/wp-json\/wp\/v2\/posts"}],"about":[{"href":"https:\/\/agora.xtec.cat\/escarrels-alamus\/wp-json\/wp\/v2\/types\/post"}],"author":[{"embeddable":true,"href":"https:\/\/agora.xtec.cat\/escarrels-alamus\/wp-json\/wp\/v2\/users\/1"}],"replies":[{"embeddable":true,"href":"https:\/\/agora.xtec.cat\/escarrels-alamus\/wp-json\/wp\/v2\/comments?post=14877"}],"version-history":[{"count":2,"href":"https:\/\/agora.xtec.cat\/escarrels-alamus\/wp-json\/wp\/v2\/posts\/14877\/revisions"}],"predecessor-version":[{"id":14887,"href":"https:\/\/agora.xtec.cat\/escarrels-alamus\/wp-json\/wp\/v2\/posts\/14877\/revisions\/14887"}],"wp:featuredmedia":[{"embeddable":true,"href":"https:\/\/agora.xtec.cat\/escarrels-alamus\/wp-json\/wp\/v2\/media\/14885"}],"wp:attachment":[{"href":"https:\/\/agora.xtec.cat\/escarrels-alamus\/wp-json\/wp\/v2\/media?parent=14877"}],"wp:term":[{"taxonomy":"category","embeddable":true,"href":"https:\/\/agora.xtec.cat\/escarrels-alamus\/wp-json\/wp\/v2\/categories?post=14877"},{"taxonomy":"post_tag","embeddable":true,"href":"https:\/\/agora.xtec.cat\/escarrels-alamus\/wp-json\/wp\/v2\/tags?post=14877"}],"curies":[{"name":"wp","href":"https:\/\/api.w.org\/{rel}","templated":true}]}}