{"id":13882,"date":"2025-02-19T18:50:19","date_gmt":"2025-02-19T17:50:19","guid":{"rendered":"https:\/\/agora.xtec.cat\/escarrels-alamus\/?p=13882"},"modified":"2025-02-19T18:53:20","modified_gmt":"2025-02-19T17:53:20","slug":"demanem-una-sala-per-la-nostra-exposicio","status":"publish","type":"post","link":"https:\/\/agora.xtec.cat\/escarrels-alamus\/portada\/demanem-una-sala-per-la-nostra-exposicio\/","title":{"rendered":"DEMANEM UNA SALA PER LA NOSTRA EXPOSICI\u00d3"},"content":{"rendered":"<p>El Projecte al Cicle Superior va avan\u00e7ant i hem comen\u00e7at a planificar l&#8217;exposici\u00f3. El primer pas \u00e9s demanar una sala. Per aix\u00f2, primer, vam anar a l&#8217;Ajuntament per demanar cita amb l&#8217;Alcalde. Ens va rebre ell mateix i ens va buscar un forat en la seva agenda.<\/p>\n<p><a href=\"https:\/\/agora.xtec.cat\/escarrels-alamus\/portada\/demanem-una-sala-per-la-nostra-exposicio\/attachment\/imatge-de-whatsapp-2025-02-19-a-les-18-10-07_66c8b5fb\/\" rel=\"attachment wp-att-13883\"><img loading=\"lazy\" decoding=\"async\" class=\"size-medium wp-image-13883 aligncenter\" src=\"https:\/\/agora.xtec.cat\/escarrels-alamus\/wp-content\/uploads\/usu1616\/2025\/02\/Imatge-de-WhatsApp-2025-02-19-a-les-18.10.07_66c8b5fb-300x169.jpg\" alt=\"\" width=\"300\" height=\"169\" srcset=\"https:\/\/agora.xtec.cat\/escarrels-alamus\/wp-content\/uploads\/usu1616\/2025\/02\/Imatge-de-WhatsApp-2025-02-19-a-les-18.10.07_66c8b5fb-300x169.jpg 300w, https:\/\/agora.xtec.cat\/escarrels-alamus\/wp-content\/uploads\/usu1616\/2025\/02\/Imatge-de-WhatsApp-2025-02-19-a-les-18.10.07_66c8b5fb-1024x577.jpg 1024w, https:\/\/agora.xtec.cat\/escarrels-alamus\/wp-content\/uploads\/usu1616\/2025\/02\/Imatge-de-WhatsApp-2025-02-19-a-les-18.10.07_66c8b5fb-768x433.jpg 768w, https:\/\/agora.xtec.cat\/escarrels-alamus\/wp-content\/uploads\/usu1616\/2025\/02\/Imatge-de-WhatsApp-2025-02-19-a-les-18.10.07_66c8b5fb-1536x866.jpg 1536w, https:\/\/agora.xtec.cat\/escarrels-alamus\/wp-content\/uploads\/usu1616\/2025\/02\/Imatge-de-WhatsApp-2025-02-19-a-les-18.10.07_66c8b5fb.jpg 1600w\" sizes=\"auto, (max-width: 300px) 100vw, 300px\" \/><\/a> <a href=\"https:\/\/agora.xtec.cat\/escarrels-alamus\/portada\/demanem-una-sala-per-la-nostra-exposicio\/attachment\/imatge-de-whatsapp-2025-02-19-a-les-18-10-07_89415477\/\" rel=\"attachment wp-att-13884\"><img loading=\"lazy\" decoding=\"async\" class=\"size-medium wp-image-13884 aligncenter\" src=\"https:\/\/agora.xtec.cat\/escarrels-alamus\/wp-content\/uploads\/usu1616\/2025\/02\/Imatge-de-WhatsApp-2025-02-19-a-les-18.10.07_89415477-300x169.jpg\" alt=\"\" width=\"300\" height=\"169\" srcset=\"https:\/\/agora.xtec.cat\/escarrels-alamus\/wp-content\/uploads\/usu1616\/2025\/02\/Imatge-de-WhatsApp-2025-02-19-a-les-18.10.07_89415477-300x169.jpg 300w, https:\/\/agora.xtec.cat\/escarrels-alamus\/wp-content\/uploads\/usu1616\/2025\/02\/Imatge-de-WhatsApp-2025-02-19-a-les-18.10.07_89415477-1024x577.jpg 1024w, https:\/\/agora.xtec.cat\/escarrels-alamus\/wp-content\/uploads\/usu1616\/2025\/02\/Imatge-de-WhatsApp-2025-02-19-a-les-18.10.07_89415477-768x433.jpg 768w, https:\/\/agora.xtec.cat\/escarrels-alamus\/wp-content\/uploads\/usu1616\/2025\/02\/Imatge-de-WhatsApp-2025-02-19-a-les-18.10.07_89415477-1536x866.jpg 1536w, https:\/\/agora.xtec.cat\/escarrels-alamus\/wp-content\/uploads\/usu1616\/2025\/02\/Imatge-de-WhatsApp-2025-02-19-a-les-18.10.07_89415477.jpg 1600w\" sizes=\"auto, (max-width: 300px) 100vw, 300px\" \/><\/a>Preparar una entrevista no \u00e9s f\u00e0cil. Vam estar redactant un gui\u00f3 amb tots els companys i companyes de la classe. Calia pensar en tots els passos per fer-ho correctament, de forma adequada i que ens permet\u00e9s transmetre el que vol\u00edem de forma clara. I un cop redactat i repartides les diferents intervencions, calia assajar-ho. Una cosa aix\u00ed no es pot improvisar!<\/p>\n<p>El Jaume ens va fer de &#8220;Sr Alcalde&#8221; fictici. Ens va plantejar preguntes inesperades i ens va posar en situacions que no hav\u00edem previst. Aix\u00f2 ens va ensenyar a improvisar i a pensar m\u00e9s enll\u00e0 del que tenim apuntat.<\/p>\n<p><a href=\"https:\/\/agora.xtec.cat\/escarrels-alamus\/portada\/demanem-una-sala-per-la-nostra-exposicio\/attachment\/imatge-de-whatsapp-2025-02-19-a-les-18-10-07_c7037b96\/\" rel=\"attachment wp-att-13885\"><img loading=\"lazy\" decoding=\"async\" class=\"size-medium wp-image-13885 aligncenter\" src=\"https:\/\/agora.xtec.cat\/escarrels-alamus\/wp-content\/uploads\/usu1616\/2025\/02\/Imatge-de-WhatsApp-2025-02-19-a-les-18.10.07_c7037b96-300x169.jpg\" alt=\"\" width=\"300\" height=\"169\" srcset=\"https:\/\/agora.xtec.cat\/escarrels-alamus\/wp-content\/uploads\/usu1616\/2025\/02\/Imatge-de-WhatsApp-2025-02-19-a-les-18.10.07_c7037b96-300x169.jpg 300w, https:\/\/agora.xtec.cat\/escarrels-alamus\/wp-content\/uploads\/usu1616\/2025\/02\/Imatge-de-WhatsApp-2025-02-19-a-les-18.10.07_c7037b96-1024x577.jpg 1024w, https:\/\/agora.xtec.cat\/escarrels-alamus\/wp-content\/uploads\/usu1616\/2025\/02\/Imatge-de-WhatsApp-2025-02-19-a-les-18.10.07_c7037b96-768x433.jpg 768w, https:\/\/agora.xtec.cat\/escarrels-alamus\/wp-content\/uploads\/usu1616\/2025\/02\/Imatge-de-WhatsApp-2025-02-19-a-les-18.10.07_c7037b96-1536x866.jpg 1536w, https:\/\/agora.xtec.cat\/escarrels-alamus\/wp-content\/uploads\/usu1616\/2025\/02\/Imatge-de-WhatsApp-2025-02-19-a-les-18.10.07_c7037b96.jpg 1600w\" sizes=\"auto, (max-width: 300px) 100vw, 300px\" \/><\/a> <a href=\"https:\/\/agora.xtec.cat\/escarrels-alamus\/portada\/demanem-una-sala-per-la-nostra-exposicio\/attachment\/imatge-de-whatsapp-2025-02-19-a-les-18-10-07_cf478d2f\/\" rel=\"attachment wp-att-13886\"><img loading=\"lazy\" decoding=\"async\" class=\"size-medium wp-image-13886 aligncenter\" src=\"https:\/\/agora.xtec.cat\/escarrels-alamus\/wp-content\/uploads\/usu1616\/2025\/02\/Imatge-de-WhatsApp-2025-02-19-a-les-18.10.07_cf478d2f-300x169.jpg\" alt=\"\" width=\"300\" height=\"169\" srcset=\"https:\/\/agora.xtec.cat\/escarrels-alamus\/wp-content\/uploads\/usu1616\/2025\/02\/Imatge-de-WhatsApp-2025-02-19-a-les-18.10.07_cf478d2f-300x169.jpg 300w, https:\/\/agora.xtec.cat\/escarrels-alamus\/wp-content\/uploads\/usu1616\/2025\/02\/Imatge-de-WhatsApp-2025-02-19-a-les-18.10.07_cf478d2f-1024x577.jpg 1024w, https:\/\/agora.xtec.cat\/escarrels-alamus\/wp-content\/uploads\/usu1616\/2025\/02\/Imatge-de-WhatsApp-2025-02-19-a-les-18.10.07_cf478d2f-768x433.jpg 768w, https:\/\/agora.xtec.cat\/escarrels-alamus\/wp-content\/uploads\/usu1616\/2025\/02\/Imatge-de-WhatsApp-2025-02-19-a-les-18.10.07_cf478d2f-1536x866.jpg 1536w, https:\/\/agora.xtec.cat\/escarrels-alamus\/wp-content\/uploads\/usu1616\/2025\/02\/Imatge-de-WhatsApp-2025-02-19-a-les-18.10.07_cf478d2f.jpg 1600w\" sizes=\"auto, (max-width: 300px) 100vw, 300px\" \/><\/a>Arribat el dia de l&#8217;entrevista, una mica nerviosos i nervioses vam enfilar cap a l&#8217;Ajuntament!<\/p>\n<p>Ens van fer passar a la Sala de Plens, ja \u00e9rem una bona bona colla.<\/p>\n<p><a href=\"https:\/\/agora.xtec.cat\/escarrels-alamus\/portada\/demanem-una-sala-per-la-nostra-exposicio\/attachment\/imatge-de-whatsapp-2025-02-19-a-les-18-10-07_30f05c18\/\" rel=\"attachment wp-att-13887\"><img loading=\"lazy\" decoding=\"async\" class=\"size-medium wp-image-13887 aligncenter\" src=\"https:\/\/agora.xtec.cat\/escarrels-alamus\/wp-content\/uploads\/usu1616\/2025\/02\/Imatge-de-WhatsApp-2025-02-19-a-les-18.10.07_30f05c18-300x169.jpg\" alt=\"\" width=\"300\" height=\"169\" srcset=\"https:\/\/agora.xtec.cat\/escarrels-alamus\/wp-content\/uploads\/usu1616\/2025\/02\/Imatge-de-WhatsApp-2025-02-19-a-les-18.10.07_30f05c18-300x169.jpg 300w, https:\/\/agora.xtec.cat\/escarrels-alamus\/wp-content\/uploads\/usu1616\/2025\/02\/Imatge-de-WhatsApp-2025-02-19-a-les-18.10.07_30f05c18-1024x577.jpg 1024w, https:\/\/agora.xtec.cat\/escarrels-alamus\/wp-content\/uploads\/usu1616\/2025\/02\/Imatge-de-WhatsApp-2025-02-19-a-les-18.10.07_30f05c18-768x433.jpg 768w, https:\/\/agora.xtec.cat\/escarrels-alamus\/wp-content\/uploads\/usu1616\/2025\/02\/Imatge-de-WhatsApp-2025-02-19-a-les-18.10.07_30f05c18-1536x866.jpg 1536w, https:\/\/agora.xtec.cat\/escarrels-alamus\/wp-content\/uploads\/usu1616\/2025\/02\/Imatge-de-WhatsApp-2025-02-19-a-les-18.10.07_30f05c18.jpg 1600w\" sizes=\"auto, (max-width: 300px) 100vw, 300px\" \/><\/a> <a href=\"https:\/\/agora.xtec.cat\/escarrels-alamus\/portada\/demanem-una-sala-per-la-nostra-exposicio\/attachment\/imatge-de-whatsapp-2025-02-19-a-les-18-10-07_f445b0fb\/\" rel=\"attachment wp-att-13888\"><img loading=\"lazy\" decoding=\"async\" class=\"size-medium wp-image-13888 aligncenter\" src=\"https:\/\/agora.xtec.cat\/escarrels-alamus\/wp-content\/uploads\/usu1616\/2025\/02\/Imatge-de-WhatsApp-2025-02-19-a-les-18.10.07_f445b0fb-300x169.jpg\" alt=\"\" width=\"300\" height=\"169\" srcset=\"https:\/\/agora.xtec.cat\/escarrels-alamus\/wp-content\/uploads\/usu1616\/2025\/02\/Imatge-de-WhatsApp-2025-02-19-a-les-18.10.07_f445b0fb-300x169.jpg 300w, https:\/\/agora.xtec.cat\/escarrels-alamus\/wp-content\/uploads\/usu1616\/2025\/02\/Imatge-de-WhatsApp-2025-02-19-a-les-18.10.07_f445b0fb-1024x577.jpg 1024w, https:\/\/agora.xtec.cat\/escarrels-alamus\/wp-content\/uploads\/usu1616\/2025\/02\/Imatge-de-WhatsApp-2025-02-19-a-les-18.10.07_f445b0fb-768x433.jpg 768w, https:\/\/agora.xtec.cat\/escarrels-alamus\/wp-content\/uploads\/usu1616\/2025\/02\/Imatge-de-WhatsApp-2025-02-19-a-les-18.10.07_f445b0fb-1536x866.jpg 1536w, https:\/\/agora.xtec.cat\/escarrels-alamus\/wp-content\/uploads\/usu1616\/2025\/02\/Imatge-de-WhatsApp-2025-02-19-a-les-18.10.07_f445b0fb.jpg 1600w\" sizes=\"auto, (max-width: 300px) 100vw, 300px\" \/><\/a>Ens van rebre l&#8217;Alcalde (el Toni), una regidora (la Gemma) i un regidor (el Xavi).<\/p>\n<p><a href=\"https:\/\/agora.xtec.cat\/escarrels-alamus\/portada\/demanem-una-sala-per-la-nostra-exposicio\/attachment\/imatge-de-whatsapp-2025-02-19-a-les-18-10-07_81858431\/\" rel=\"attachment wp-att-13889\"><img loading=\"lazy\" decoding=\"async\" class=\"size-medium wp-image-13889 aligncenter\" src=\"https:\/\/agora.xtec.cat\/escarrels-alamus\/wp-content\/uploads\/usu1616\/2025\/02\/Imatge-de-WhatsApp-2025-02-19-a-les-18.10.07_81858431-300x169.jpg\" alt=\"\" width=\"300\" height=\"169\" srcset=\"https:\/\/agora.xtec.cat\/escarrels-alamus\/wp-content\/uploads\/usu1616\/2025\/02\/Imatge-de-WhatsApp-2025-02-19-a-les-18.10.07_81858431-300x169.jpg 300w, https:\/\/agora.xtec.cat\/escarrels-alamus\/wp-content\/uploads\/usu1616\/2025\/02\/Imatge-de-WhatsApp-2025-02-19-a-les-18.10.07_81858431-1024x577.jpg 1024w, https:\/\/agora.xtec.cat\/escarrels-alamus\/wp-content\/uploads\/usu1616\/2025\/02\/Imatge-de-WhatsApp-2025-02-19-a-les-18.10.07_81858431-768x433.jpg 768w, https:\/\/agora.xtec.cat\/escarrels-alamus\/wp-content\/uploads\/usu1616\/2025\/02\/Imatge-de-WhatsApp-2025-02-19-a-les-18.10.07_81858431-1536x866.jpg 1536w, https:\/\/agora.xtec.cat\/escarrels-alamus\/wp-content\/uploads\/usu1616\/2025\/02\/Imatge-de-WhatsApp-2025-02-19-a-les-18.10.07_81858431.jpg 1600w\" sizes=\"auto, (max-width: 300px) 100vw, 300px\" \/><\/a>Despr\u00e9s de presentar-nos, els vam explicar una mica el nostre projecte i els vam ensenyar alguna de les obres que ja tenim fetes, per a que es poguessin fer una idea de la nostra l\u00ednia de treball.<\/p>\n<p><a href=\"https:\/\/agora.xtec.cat\/escarrels-alamus\/portada\/demanem-una-sala-per-la-nostra-exposicio\/attachment\/imatge-de-whatsapp-2025-02-19-a-les-18-10-07_529c21b4\/\" rel=\"attachment wp-att-13890\"><img loading=\"lazy\" decoding=\"async\" class=\"size-medium wp-image-13890 aligncenter\" src=\"https:\/\/agora.xtec.cat\/escarrels-alamus\/wp-content\/uploads\/usu1616\/2025\/02\/Imatge-de-WhatsApp-2025-02-19-a-les-18.10.07_529c21b4-300x169.jpg\" alt=\"\" width=\"300\" height=\"169\" srcset=\"https:\/\/agora.xtec.cat\/escarrels-alamus\/wp-content\/uploads\/usu1616\/2025\/02\/Imatge-de-WhatsApp-2025-02-19-a-les-18.10.07_529c21b4-300x169.jpg 300w, https:\/\/agora.xtec.cat\/escarrels-alamus\/wp-content\/uploads\/usu1616\/2025\/02\/Imatge-de-WhatsApp-2025-02-19-a-les-18.10.07_529c21b4-1024x577.jpg 1024w, https:\/\/agora.xtec.cat\/escarrels-alamus\/wp-content\/uploads\/usu1616\/2025\/02\/Imatge-de-WhatsApp-2025-02-19-a-les-18.10.07_529c21b4-768x433.jpg 768w, https:\/\/agora.xtec.cat\/escarrels-alamus\/wp-content\/uploads\/usu1616\/2025\/02\/Imatge-de-WhatsApp-2025-02-19-a-les-18.10.07_529c21b4-1536x866.jpg 1536w, https:\/\/agora.xtec.cat\/escarrels-alamus\/wp-content\/uploads\/usu1616\/2025\/02\/Imatge-de-WhatsApp-2025-02-19-a-les-18.10.07_529c21b4.jpg 1600w\" sizes=\"auto, (max-width: 300px) 100vw, 300px\" \/><\/a> <a href=\"https:\/\/agora.xtec.cat\/escarrels-alamus\/portada\/demanem-una-sala-per-la-nostra-exposicio\/attachment\/imatge-de-whatsapp-2025-02-19-a-les-18-10-07_c55bce29\/\" rel=\"attachment wp-att-13891\"><img loading=\"lazy\" decoding=\"async\" class=\"size-medium wp-image-13891 aligncenter\" src=\"https:\/\/agora.xtec.cat\/escarrels-alamus\/wp-content\/uploads\/usu1616\/2025\/02\/Imatge-de-WhatsApp-2025-02-19-a-les-18.10.07_c55bce29-300x169.jpg\" alt=\"\" width=\"300\" height=\"169\" srcset=\"https:\/\/agora.xtec.cat\/escarrels-alamus\/wp-content\/uploads\/usu1616\/2025\/02\/Imatge-de-WhatsApp-2025-02-19-a-les-18.10.07_c55bce29-300x169.jpg 300w, https:\/\/agora.xtec.cat\/escarrels-alamus\/wp-content\/uploads\/usu1616\/2025\/02\/Imatge-de-WhatsApp-2025-02-19-a-les-18.10.07_c55bce29-1024x577.jpg 1024w, https:\/\/agora.xtec.cat\/escarrels-alamus\/wp-content\/uploads\/usu1616\/2025\/02\/Imatge-de-WhatsApp-2025-02-19-a-les-18.10.07_c55bce29-768x433.jpg 768w, https:\/\/agora.xtec.cat\/escarrels-alamus\/wp-content\/uploads\/usu1616\/2025\/02\/Imatge-de-WhatsApp-2025-02-19-a-les-18.10.07_c55bce29-1536x866.jpg 1536w, https:\/\/agora.xtec.cat\/escarrels-alamus\/wp-content\/uploads\/usu1616\/2025\/02\/Imatge-de-WhatsApp-2025-02-19-a-les-18.10.07_c55bce29.jpg 1600w\" sizes=\"auto, (max-width: 300px) 100vw, 300px\" \/><\/a> <a href=\"https:\/\/agora.xtec.cat\/escarrels-alamus\/portada\/demanem-una-sala-per-la-nostra-exposicio\/attachment\/imatge-de-whatsapp-2025-02-19-a-les-18-10-08_cbe1df6e\/\" rel=\"attachment wp-att-13892\"><img loading=\"lazy\" decoding=\"async\" class=\"size-medium wp-image-13892 aligncenter\" src=\"https:\/\/agora.xtec.cat\/escarrels-alamus\/wp-content\/uploads\/usu1616\/2025\/02\/Imatge-de-WhatsApp-2025-02-19-a-les-18.10.08_cbe1df6e-300x169.jpg\" alt=\"\" width=\"300\" height=\"169\" srcset=\"https:\/\/agora.xtec.cat\/escarrels-alamus\/wp-content\/uploads\/usu1616\/2025\/02\/Imatge-de-WhatsApp-2025-02-19-a-les-18.10.08_cbe1df6e-300x169.jpg 300w, https:\/\/agora.xtec.cat\/escarrels-alamus\/wp-content\/uploads\/usu1616\/2025\/02\/Imatge-de-WhatsApp-2025-02-19-a-les-18.10.08_cbe1df6e-1024x577.jpg 1024w, https:\/\/agora.xtec.cat\/escarrels-alamus\/wp-content\/uploads\/usu1616\/2025\/02\/Imatge-de-WhatsApp-2025-02-19-a-les-18.10.08_cbe1df6e-768x433.jpg 768w, https:\/\/agora.xtec.cat\/escarrels-alamus\/wp-content\/uploads\/usu1616\/2025\/02\/Imatge-de-WhatsApp-2025-02-19-a-les-18.10.08_cbe1df6e-1536x866.jpg 1536w, https:\/\/agora.xtec.cat\/escarrels-alamus\/wp-content\/uploads\/usu1616\/2025\/02\/Imatge-de-WhatsApp-2025-02-19-a-les-18.10.08_cbe1df6e.jpg 1600w\" sizes=\"auto, (max-width: 300px) 100vw, 300px\" \/><\/a>Despr\u00e9s vam demanar la sala de dalt del Casal per poder dur a terme la nostra exposici\u00f3. Sembla ser que no hi haur\u00e0 problema. Tanmateix, com qualsevol altre vil.lat\u00e0, haurem de presentar una sol.licitud formal a trav\u00e9s de la plataforma de l&#8217;Ajuntament (una inst\u00e0ncia gen\u00e8rica). Aquesta ser\u00e0 la nostra propera tasca!<\/p>\n<p><a href=\"https:\/\/agora.xtec.cat\/escarrels-alamus\/portada\/demanem-una-sala-per-la-nostra-exposicio\/attachment\/imatge-de-whatsapp-2025-02-19-a-les-18-10-08_fb3d61f8\/\" rel=\"attachment wp-att-13893\"><img loading=\"lazy\" decoding=\"async\" class=\"size-medium wp-image-13893 aligncenter\" src=\"https:\/\/agora.xtec.cat\/escarrels-alamus\/wp-content\/uploads\/usu1616\/2025\/02\/Imatge-de-WhatsApp-2025-02-19-a-les-18.10.08_fb3d61f8-300x169.jpg\" alt=\"\" width=\"300\" height=\"169\" srcset=\"https:\/\/agora.xtec.cat\/escarrels-alamus\/wp-content\/uploads\/usu1616\/2025\/02\/Imatge-de-WhatsApp-2025-02-19-a-les-18.10.08_fb3d61f8-300x169.jpg 300w, https:\/\/agora.xtec.cat\/escarrels-alamus\/wp-content\/uploads\/usu1616\/2025\/02\/Imatge-de-WhatsApp-2025-02-19-a-les-18.10.08_fb3d61f8-1024x577.jpg 1024w, https:\/\/agora.xtec.cat\/escarrels-alamus\/wp-content\/uploads\/usu1616\/2025\/02\/Imatge-de-WhatsApp-2025-02-19-a-les-18.10.08_fb3d61f8-768x433.jpg 768w, https:\/\/agora.xtec.cat\/escarrels-alamus\/wp-content\/uploads\/usu1616\/2025\/02\/Imatge-de-WhatsApp-2025-02-19-a-les-18.10.08_fb3d61f8-1536x866.jpg 1536w, https:\/\/agora.xtec.cat\/escarrels-alamus\/wp-content\/uploads\/usu1616\/2025\/02\/Imatge-de-WhatsApp-2025-02-19-a-les-18.10.08_fb3d61f8.jpg 1600w\" sizes=\"auto, (max-width: 300px) 100vw, 300px\" \/><\/a>Marxem contents per haver aconseguit el nostre objectiu i satisfets per la feina feta.<\/p>\n<p>Seguirem informant-vos!<\/p>\n<p>&nbsp;<\/p>\n<p>#STEAMcat<\/p>\n","protected":false},"excerpt":{"rendered":"<p>El Projecte al Cicle Superior va avan\u00e7ant i hem comen\u00e7at a planificar l&#8217;exposici\u00f3. El primer pas \u00e9s demanar una sala. Per aix\u00f2, primer, vam anar a l&#8217;Ajuntament per demanar cita amb l&#8217;Alcalde. Ens va rebre ell mateix i ens va buscar un forat en la seva agenda.<\/p>\n","protected":false},"author":1,"featured_media":13893,"comment_status":"open","ping_status":"closed","sticky":false,"template":"","format":"standard","meta":{"_bbp_topic_count":0,"_bbp_reply_count":0,"_bbp_total_topic_count":0,"_bbp_total_reply_count":0,"_bbp_voice_count":0,"_bbp_anonymous_reply_count":0,"_bbp_topic_count_hidden":0,"_bbp_reply_count_hidden":0,"_bbp_forum_subforum_count":0,"site-sidebar-layout":"default","site-content-layout":"","ast-site-content-layout":"","site-content-style":"default","site-sidebar-style":"default","ast-global-header-display":"","ast-banner-title-visibility":"","ast-main-header-display":"","ast-hfb-above-header-display":"","ast-hfb-below-header-display":"","ast-hfb-mobile-header-display":"","site-post-title":"","ast-breadcrumbs-content":"","ast-featured-img":"","footer-sml-layout":"","theme-transparent-header-meta":"","adv-header-id-meta":"","stick-header-meta":"","header-above-stick-meta":"","header-main-stick-meta":"","header-below-stick-meta":"","astra-migrate-meta-layouts":"default","ast-page-background-enabled":"default","ast-page-background-meta":{"desktop":{"background-color":"var(--ast-global-color-4)","background-image":"","background-repeat":"repeat","background-position":"center center","background-size":"auto","background-attachment":"scroll","background-type":"","background-media":"","overlay-type":"","overlay-color":"","overlay-opacity":"","overlay-gradient":""},"tablet":{"background-color":"","background-image":"","background-repeat":"repeat","background-position":"center center","background-size":"auto","background-attachment":"scroll","background-type":"","background-media":"","overlay-type":"","overlay-color":"","overlay-opacity":"","overlay-gradient":""},"mobile":{"background-color":"","background-image":"","background-repeat":"repeat","background-position":"center center","background-size":"auto","background-attachment":"scroll","background-type":"","background-media":"","overlay-type":"","overlay-color":"","overlay-opacity":"","overlay-gradient":""}},"ast-content-background-meta":{"desktop":{"background-color":"var(--ast-global-color-5)","background-image":"","background-repeat":"repeat","background-position":"center center","background-size":"auto","background-attachment":"scroll","background-type":"","background-media":"","overlay-type":"","overlay-color":"","overlay-opacity":"","overlay-gradient":""},"tablet":{"background-color":"var(--ast-global-color-5)","background-image":"","background-repeat":"repeat","background-position":"center center","background-size":"auto","background-attachment":"scroll","background-type":"","background-media":"","overlay-type":"","overlay-color":"","overlay-opacity":"","overlay-gradient":""},"mobile":{"background-color":"var(--ast-global-color-5)","background-image":"","background-repeat":"repeat","background-position":"center center","background-size":"auto","background-attachment":"scroll","background-type":"","background-media":"","overlay-type":"","overlay-color":"","overlay-opacity":"","overlay-gradient":""}},"footnotes":""},"categories":[14,4,133],"tags":[],"class_list":["post-13882","post","type-post","status-publish","format-standard","has-post-thumbnail","hentry","category-5e","category-portada","category-https-agora-xtec-cat-escarrels-alamus-projecte-steamlhrta"],"post_mailing_queue_ids":[],"_links":{"self":[{"href":"https:\/\/agora.xtec.cat\/escarrels-alamus\/wp-json\/wp\/v2\/posts\/13882","targetHints":{"allow":["GET"]}}],"collection":[{"href":"https:\/\/agora.xtec.cat\/escarrels-alamus\/wp-json\/wp\/v2\/posts"}],"about":[{"href":"https:\/\/agora.xtec.cat\/escarrels-alamus\/wp-json\/wp\/v2\/types\/post"}],"author":[{"embeddable":true,"href":"https:\/\/agora.xtec.cat\/escarrels-alamus\/wp-json\/wp\/v2\/users\/1"}],"replies":[{"embeddable":true,"href":"https:\/\/agora.xtec.cat\/escarrels-alamus\/wp-json\/wp\/v2\/comments?post=13882"}],"version-history":[{"count":6,"href":"https:\/\/agora.xtec.cat\/escarrels-alamus\/wp-json\/wp\/v2\/posts\/13882\/revisions"}],"predecessor-version":[{"id":13899,"href":"https:\/\/agora.xtec.cat\/escarrels-alamus\/wp-json\/wp\/v2\/posts\/13882\/revisions\/13899"}],"wp:featuredmedia":[{"embeddable":true,"href":"https:\/\/agora.xtec.cat\/escarrels-alamus\/wp-json\/wp\/v2\/media\/13893"}],"wp:attachment":[{"href":"https:\/\/agora.xtec.cat\/escarrels-alamus\/wp-json\/wp\/v2\/media?parent=13882"}],"wp:term":[{"taxonomy":"category","embeddable":true,"href":"https:\/\/agora.xtec.cat\/escarrels-alamus\/wp-json\/wp\/v2\/categories?post=13882"},{"taxonomy":"post_tag","embeddable":true,"href":"https:\/\/agora.xtec.cat\/escarrels-alamus\/wp-json\/wp\/v2\/tags?post=13882"}],"curies":[{"name":"wp","href":"https:\/\/api.w.org\/{rel}","templated":true}]}}