{"id":820,"date":"2018-11-16T16:22:10","date_gmt":"2018-11-16T15:22:10","guid":{"rendered":"http:\/\/agora.xtec.cat\/escalmacelles\/?p=820"},"modified":"2019-10-03T10:14:44","modified_gmt":"2019-10-03T08:14:44","slug":"els-arbres-del-parc-de-laigua","status":"publish","type":"post","link":"https:\/\/agora.xtec.cat\/escalmacelles\/primaria\/els-arbres-del-parc-de-laigua\/","title":{"rendered":"Els arbres del parc de l&#8217;aigua"},"content":{"rendered":"<p>Els alumnes de 4t hem visitat el Parc de l&#8217;aigua d&#8217;Almacelles.<\/p>\n<p>Durant uns dies hem treballat a l&#8217;aula els arbres que hi ha plantats al parc de l&#8217;aigua i avui l&#8217;hem visitat per comprovar que ja els sabem identificar tots. En un mapa els hem situat i hem pogut veure&#8217;n de primera m\u00e0 les caracter\u00edstiques i peculiaritats.<\/p>\n<p>Hem sabut treballar en equip i hem gaudit d&#8217;un mat\u00ed de conviv\u00e8ncia i ci\u00e8ncia.<\/p>\n<p>La pluja ens ha visitat tot just arribar a l&#8217;escola&#8230; uf&#8230;Sort!<\/p>\n<p>Pots clicar a la imatge seg\u00fcent per veure la resta!<\/p>\n<p><a href=\"https:\/\/photos.google.com\/share\/AF1QipPLxcCS1G4wX4Euw3x5ApRqWhKjkaNFPm6rCbi3FRzJGxIiWj_GmYDoWEtMjs26_A?key=SkgxZFk4VU5RdWZrNTRycFJvd2NIQzVEVHNtdEpR\"><img loading=\"lazy\" decoding=\"async\" class=\"alignnone size-large wp-image-831\" src=\"https:\/\/agora.xtec.cat\/escalmacelles\/wp-content\/uploads\/usu1902\/2018\/11\/imatge-web-1024x768.jpg\" alt=\"\" width=\"1024\" height=\"768\" srcset=\"https:\/\/agora.xtec.cat\/escalmacelles\/wp-content\/uploads\/usu1902\/2018\/11\/imatge-web.jpg 1024w, https:\/\/agora.xtec.cat\/escalmacelles\/wp-content\/uploads\/usu1902\/2018\/11\/imatge-web-300x225.jpg 300w, https:\/\/agora.xtec.cat\/escalmacelles\/wp-content\/uploads\/usu1902\/2018\/11\/imatge-web-768x576.jpg 768w, https:\/\/agora.xtec.cat\/escalmacelles\/wp-content\/uploads\/usu1902\/2018\/11\/imatge-web-200x150.jpg 200w\" sizes=\"auto, (max-width: 1024px) 100vw, 1024px\" \/><\/a><\/p>\n","protected":false},"excerpt":{"rendered":"<p>Els alumnes de 4t hem visitat el Parc de l&#8217;aigua d&#8217;Almacelles. Durant uns dies hem treballat a l&#8217;aula els arbres que hi ha plantats al parc de l&#8217;aigua i avui l&#8217;hem visitat per comprovar que ja els sabem identificar tots. En un mapa els hem situat i hem pogut veure&#8217;n de primera m\u00e0 les caracter\u00edstiques [&hellip;]<\/p>\n","protected":false},"author":13,"featured_media":0,"comment_status":"closed","ping_status":"closed","sticky":false,"template":"","format":"standard","meta":{"_bbp_topic_count":0,"_bbp_reply_count":0,"_bbp_total_topic_count":0,"_bbp_total_reply_count":0,"_bbp_voice_count":0,"_bbp_anonymous_reply_count":0,"_bbp_topic_count_hidden":0,"_bbp_reply_count_hidden":0,"_bbp_forum_subforum_count":0,"site-sidebar-layout":"default","site-content-layout":"","ast-site-content-layout":"","site-content-style":"default","site-sidebar-style":"default","ast-global-header-display":"","ast-banner-title-visibility":"","ast-main-header-display":"","ast-hfb-above-header-display":"","ast-hfb-below-header-display":"","ast-hfb-mobile-header-display":"","site-post-title":"","ast-breadcrumbs-content":"","ast-featured-img":"","footer-sml-layout":"","theme-transparent-header-meta":"","adv-header-id-meta":"","stick-header-meta":"","header-above-stick-meta":"","header-main-stick-meta":"","header-below-stick-meta":"","astra-migrate-meta-layouts":"default","ast-page-background-enabled":"default","ast-page-background-meta":{"desktop":{"background-color":"var(--ast-global-color-4)","background-image":"","background-repeat":"repeat","background-position":"center center","background-size":"auto","background-attachment":"scroll","background-type":"","background-media":"","overlay-type":"","overlay-color":"","overlay-opacity":"","overlay-gradient":""},"tablet":{"background-color":"","background-image":"","background-repeat":"repeat","background-position":"center center","background-size":"auto","background-attachment":"scroll","background-type":"","background-media":"","overlay-type":"","overlay-color":"","overlay-opacity":"","overlay-gradient":""},"mobile":{"background-color":"","background-image":"","background-repeat":"repeat","background-position":"center center","background-size":"auto","background-attachment":"scroll","background-type":"","background-media":"","overlay-type":"","overlay-color":"","overlay-opacity":"","overlay-gradient":""}},"ast-content-background-meta":{"desktop":{"background-color":"var(--ast-global-color-5)","background-image":"","background-repeat":"repeat","background-position":"center center","background-size":"auto","background-attachment":"scroll","background-type":"","background-media":"","overlay-type":"","overlay-color":"","overlay-opacity":"","overlay-gradient":""},"tablet":{"background-color":"var(--ast-global-color-5)","background-image":"","background-repeat":"repeat","background-position":"center center","background-size":"auto","background-attachment":"scroll","background-type":"","background-media":"","overlay-type":"","overlay-color":"","overlay-opacity":"","overlay-gradient":""},"mobile":{"background-color":"var(--ast-global-color-5)","background-image":"","background-repeat":"repeat","background-position":"center center","background-size":"auto","background-attachment":"scroll","background-type":"","background-media":"","overlay-type":"","overlay-color":"","overlay-opacity":"","overlay-gradient":""}},"footnotes":""},"categories":[13,5],"tags":[70,76,71,75,77,80,74,69,72,73,78,79],"class_list":["post-820","post","type-post","status-publish","format-standard","hentry","category-4t","category-primaria","tag-aigua","tag-almacelles","tag-arbres","tag-ciencia","tag-escola","tag-investiguem","tag-natura","tag-parc","tag-primaria","tag-quart","tag-sortida","tag-treballdecamp"],"post_mailing_queue_ids":[],"_links":{"self":[{"href":"https:\/\/agora.xtec.cat\/escalmacelles\/wp-json\/wp\/v2\/posts\/820","targetHints":{"allow":["GET"]}}],"collection":[{"href":"https:\/\/agora.xtec.cat\/escalmacelles\/wp-json\/wp\/v2\/posts"}],"about":[{"href":"https:\/\/agora.xtec.cat\/escalmacelles\/wp-json\/wp\/v2\/types\/post"}],"author":[{"embeddable":true,"href":"https:\/\/agora.xtec.cat\/escalmacelles\/wp-json\/wp\/v2\/users\/13"}],"replies":[{"embeddable":true,"href":"https:\/\/agora.xtec.cat\/escalmacelles\/wp-json\/wp\/v2\/comments?post=820"}],"version-history":[{"count":4,"href":"https:\/\/agora.xtec.cat\/escalmacelles\/wp-json\/wp\/v2\/posts\/820\/revisions"}],"predecessor-version":[{"id":834,"href":"https:\/\/agora.xtec.cat\/escalmacelles\/wp-json\/wp\/v2\/posts\/820\/revisions\/834"}],"wp:attachment":[{"href":"https:\/\/agora.xtec.cat\/escalmacelles\/wp-json\/wp\/v2\/media?parent=820"}],"wp:term":[{"taxonomy":"category","embeddable":true,"href":"https:\/\/agora.xtec.cat\/escalmacelles\/wp-json\/wp\/v2\/categories?post=820"},{"taxonomy":"post_tag","embeddable":true,"href":"https:\/\/agora.xtec.cat\/escalmacelles\/wp-json\/wp\/v2\/tags?post=820"}],"curies":[{"name":"wp","href":"https:\/\/api.w.org\/{rel}","templated":true}]}}