{"id":805,"date":"2018-11-13T10:17:21","date_gmt":"2018-11-13T09:17:21","guid":{"rendered":"http:\/\/agora.xtec.cat\/escalmacelles\/?p=805"},"modified":"2018-11-13T10:17:21","modified_gmt":"2018-11-13T09:17:21","slug":"els-pares-mares-delegats-de-classe","status":"publish","type":"post","link":"https:\/\/agora.xtec.cat\/escalmacelles\/espai-pares\/els-pares-mares-delegats-de-classe\/","title":{"rendered":"ELS PARES\/MARES DELEGATS DE CLASSE"},"content":{"rendered":"<p><strong>OBJECTIUS<\/strong><\/p>\n<ul>\n<li>Augmentar el nivell de participaci\u00f3 dels pares a l\u2019escola i afavorir la comunicaci\u00f3 amb els mestres per aix\u00ed trobar vies de col\u00b7laboraci\u00f3 en l\u2019educaci\u00f3 dels nostres fills.<\/li>\n<li>Afavorir la transmissi\u00f3 d\u2019informaci\u00f3 que es genera en el s\u00ed de la comunitat educativa.<\/li>\n<li>Potenciar el coneixement, la relaci\u00f3 i la comunicaci\u00f3 entre els pares i mares de la classe.<\/li>\n<\/ul>\n<p><strong>FUNCIONS<\/strong><\/p>\n<p><strong>Col\u00b7laboraci\u00f3 amb el tutor\/a i centre<\/strong><\/p>\n<ul>\n<li>Fer d&#8217;enlla\u00e7 entre el tutor o tutora i les fam\u00edlies del grup en temes d&#8217;inter\u00e8s per a la classe.<\/li>\n<li>Fer crides per a la col\u00b7laboraci\u00f3 i participaci\u00f3.<\/li>\n<li>Fer arribar els dubtes, inquietuds, suggeriments, necessitats i interessos generals dels pares i mares de la classe cap a l\u2019escola.<\/li>\n<\/ul>\n<p><strong>Dinamitzaci\u00f3 de les fam\u00edlies<\/strong><\/p>\n<ul>\n<li>Fomentar-ne la conviv\u00e8ncia i el bon clima escolar.<\/li>\n<li>Promoure els canals de comunicaci\u00f3 del centre i el seu bon \u00fas.<\/li>\n<li>Motivar i dinamitzar els pares i mares, i afavorir que participin en activitats que organitza l&#8217;escola, AMPA o les fam\u00edlies.<\/li>\n<li>Acollir les noves fam\u00edlies que s&#8217;incorporin al grup classe i ajudar-les en el proc\u00e9s d&#8217;inclusi\u00f3 en la comunitat educativa.<\/li>\n<\/ul>\n<p><strong>Col\u00b7laboraci\u00f3 amb l&#8217;AMPA<\/strong><\/p>\n<ul>\n<li>Fomentar la participaci\u00f3 de les fam\u00edlies en les diferents propostes de l&#8217;AMPA.<\/li>\n<li>Detectar necessitats de formaci\u00f3 o inquietuds de les fam\u00edlies.<\/li>\n<li>Recollir propostes en relaci\u00f3 amb els serveis que gestiona l&#8217;AMPA.<\/li>\n<\/ul>\n<p><strong>Coordinaci\u00f3<\/strong><\/p>\n<ul>\n<li>Assistir a les reunions de coordinaci\u00f3 de delegats.<\/li>\n<li>Ser l\u2019administrador del grup de WhatsApp de la seva classe.<\/li>\n<\/ul>\n<p><strong>Als pares delegats no els correspon:<\/strong><\/p>\n<ul>\n<li>intervenir en la relaci\u00f3 personal d&#8217;un alumne i\/o dels seus familiars amb el tutor o tutora i\/o la direcci\u00f3 del centre;<\/li>\n<li>fer de mediadors, en cas de conflicte, entre fam\u00edlies o entre fam\u00edlies i docents;<\/li>\n<li>posar en dubte q\u00fcestions pedag\u00f2giques del centre;<\/li>\n<li>fiscalitzar la tasca dels professionals del centre.<\/li>\n<\/ul>\n<p><strong>Com es gestionen? <\/strong><\/p>\n<p>L\u2019interlocutor de la delegada a l\u2019escola \u00e9s el tutor\/a. \u00c9s a ell a qui ha d\u2019adre\u00e7ar-se en primer lloc per a fer qualsevol proposta o per a exposar-li alguna preocupaci\u00f3 de la majoria de pares del grup en relaci\u00f3 al normal funcionament de la vida escolar. En cas de no rebre la resposta adequada o de persistir una situaci\u00f3 conflictiva la delegada ho posar\u00e0 en coneixement de la direcci\u00f3 del centre.<\/p>\n<p>La via de comunicaci\u00f3 amb l\u2019escola ser\u00e0 l\u2019e-mail <a href=\"mailto:delegadesescola@gmail.com\">delegadesescola@gmail.com<\/a><\/p>\n","protected":false},"excerpt":{"rendered":"<p>OBJECTIUS Augmentar el nivell de participaci\u00f3 dels pares a l\u2019escola i afavorir la comunicaci\u00f3 amb els mestres per aix\u00ed trobar vies de col\u00b7laboraci\u00f3 en l\u2019educaci\u00f3 dels nostres fills. Afavorir la transmissi\u00f3 d\u2019informaci\u00f3 que es genera en el s\u00ed de la comunitat educativa. Potenciar el coneixement, la relaci\u00f3 i la comunicaci\u00f3 entre els pares i mares [&hellip;]<\/p>\n","protected":false},"author":1,"featured_media":0,"comment_status":"closed","ping_status":"closed","sticky":false,"template":"","format":"standard","meta":{"_bbp_topic_count":0,"_bbp_reply_count":0,"_bbp_total_topic_count":0,"_bbp_total_reply_count":0,"_bbp_voice_count":0,"_bbp_anonymous_reply_count":0,"_bbp_topic_count_hidden":0,"_bbp_reply_count_hidden":0,"_bbp_forum_subforum_count":0,"site-sidebar-layout":"default","site-content-layout":"","ast-site-content-layout":"","site-content-style":"default","site-sidebar-style":"default","ast-global-header-display":"","ast-banner-title-visibility":"","ast-main-header-display":"","ast-hfb-above-header-display":"","ast-hfb-below-header-display":"","ast-hfb-mobile-header-display":"","site-post-title":"","ast-breadcrumbs-content":"","ast-featured-img":"","footer-sml-layout":"","theme-transparent-header-meta":"","adv-header-id-meta":"","stick-header-meta":"","header-above-stick-meta":"","header-main-stick-meta":"","header-below-stick-meta":"","astra-migrate-meta-layouts":"default","ast-page-background-enabled":"default","ast-page-background-meta":{"desktop":{"background-color":"var(--ast-global-color-4)","background-image":"","background-repeat":"repeat","background-position":"center center","background-size":"auto","background-attachment":"scroll","background-type":"","background-media":"","overlay-type":"","overlay-color":"","overlay-opacity":"","overlay-gradient":""},"tablet":{"background-color":"","background-image":"","background-repeat":"repeat","background-position":"center center","background-size":"auto","background-attachment":"scroll","background-type":"","background-media":"","overlay-type":"","overlay-color":"","overlay-opacity":"","overlay-gradient":""},"mobile":{"background-color":"","background-image":"","background-repeat":"repeat","background-position":"center center","background-size":"auto","background-attachment":"scroll","background-type":"","background-media":"","overlay-type":"","overlay-color":"","overlay-opacity":"","overlay-gradient":""}},"ast-content-background-meta":{"desktop":{"background-color":"var(--ast-global-color-5)","background-image":"","background-repeat":"repeat","background-position":"center center","background-size":"auto","background-attachment":"scroll","background-type":"","background-media":"","overlay-type":"","overlay-color":"","overlay-opacity":"","overlay-gradient":""},"tablet":{"background-color":"var(--ast-global-color-5)","background-image":"","background-repeat":"repeat","background-position":"center center","background-size":"auto","background-attachment":"scroll","background-type":"","background-media":"","overlay-type":"","overlay-color":"","overlay-opacity":"","overlay-gradient":""},"mobile":{"background-color":"var(--ast-global-color-5)","background-image":"","background-repeat":"repeat","background-position":"center center","background-size":"auto","background-attachment":"scroll","background-type":"","background-media":"","overlay-type":"","overlay-color":"","overlay-opacity":"","overlay-gradient":""}},"footnotes":""},"categories":[66],"tags":[],"class_list":["post-805","post","type-post","status-publish","format-standard","hentry","category-espai-pares"],"post_mailing_queue_ids":[],"_links":{"self":[{"href":"https:\/\/agora.xtec.cat\/escalmacelles\/wp-json\/wp\/v2\/posts\/805","targetHints":{"allow":["GET"]}}],"collection":[{"href":"https:\/\/agora.xtec.cat\/escalmacelles\/wp-json\/wp\/v2\/posts"}],"about":[{"href":"https:\/\/agora.xtec.cat\/escalmacelles\/wp-json\/wp\/v2\/types\/post"}],"author":[{"embeddable":true,"href":"https:\/\/agora.xtec.cat\/escalmacelles\/wp-json\/wp\/v2\/users\/1"}],"replies":[{"embeddable":true,"href":"https:\/\/agora.xtec.cat\/escalmacelles\/wp-json\/wp\/v2\/comments?post=805"}],"version-history":[{"count":1,"href":"https:\/\/agora.xtec.cat\/escalmacelles\/wp-json\/wp\/v2\/posts\/805\/revisions"}],"predecessor-version":[{"id":806,"href":"https:\/\/agora.xtec.cat\/escalmacelles\/wp-json\/wp\/v2\/posts\/805\/revisions\/806"}],"wp:attachment":[{"href":"https:\/\/agora.xtec.cat\/escalmacelles\/wp-json\/wp\/v2\/media?parent=805"}],"wp:term":[{"taxonomy":"category","embeddable":true,"href":"https:\/\/agora.xtec.cat\/escalmacelles\/wp-json\/wp\/v2\/categories?post=805"},{"taxonomy":"post_tag","embeddable":true,"href":"https:\/\/agora.xtec.cat\/escalmacelles\/wp-json\/wp\/v2\/tags?post=805"}],"curies":[{"name":"wp","href":"https:\/\/api.w.org\/{rel}","templated":true}]}}