{"id":23443,"date":"2026-04-28T10:26:17","date_gmt":"2026-04-28T08:26:17","guid":{"rendered":"https:\/\/agora.xtec.cat\/escalmacelles\/?p=23443"},"modified":"2026-04-28T13:01:30","modified_gmt":"2026-04-28T11:01:30","slug":"setmana-cultural-sant-jordi","status":"publish","type":"post","link":"https:\/\/agora.xtec.cat\/escalmacelles\/infantil\/setmana-cultural-sant-jordi\/","title":{"rendered":"Setmana Cultural \/ Sant Jordi"},"content":{"rendered":"<p>Aprofitant la setmana de la diada de Sant Jordi com a setmana cultural, hem treballat Diversos tallers, contes i representacions de Sant Jordi, sobretot a Educaci\u00f3 infantil i, a m\u00e9s, s&#8217;han realitzat diferents Jocs tradicionals a Educaci\u00f3 Prim\u00e0ria.<\/p>\n<p>Aqu\u00ed us deixem un tast de la diada de Sant Jordi a Educaci\u00f3 infantil, aix\u00ed com els tallers de Sant Jordi que ha treballat l&#8217;alumnat d&#8217;aquesta etapa educativa. Aix\u00ed mateix, l&#8217;alumnat de 5\u00e8 de prim\u00e0ria va visitar els m\u00e9s menuts per a fer de conta contes en diferents representacions (fent m\u00edmica, teatret o amb titelles). La mateixa activitat es va fer per part de l&#8217;alumnat de 6\u00e8 de prim\u00e0ria amb l&#8217;alumnat del Cicle Inicial.<\/p>\n<p>Aqu\u00ed us deixem els enlla\u00e7os als \u00e0lbums que m\u00e9s us interessi visitar:<\/p>\n<p><a href=\"https:\/\/photos.app.goo.gl\/X1mkMp8VgR27vxMk7\">Sant Jordi a Educaci\u00f3 Infantil<\/a><\/p>\n<p><a href=\"https:\/\/photos.app.goo.gl\/ke27WbacbT1FDTka8\">Tallers de Sant Jordi del Cicle Inicial<\/a><\/p>\n<p><a href=\"https:\/\/photos.app.goo.gl\/7yQqzXYrZva3WV9YA\">Contes de Sant Jordi (conta contes)<\/a><\/p>\n<p><a href=\"https:\/\/photos.app.goo.gl\/CpBzF4JyPoYZXUdN6\">Jocs tradicionals de la Setmana Cultural a Prim\u00e0ria<\/a><\/p>\n<p><a href=\"https:\/\/photos.app.goo.gl\/PfPQ11vwcxKj8kJn8\">Concurs literari Josep Carner<\/a><\/p>\n","protected":false},"excerpt":{"rendered":"<p>Aprofitant la setmana de la diada de Sant Jordi com a setmana cultural, hem treballat Diversos tallers, contes i representacions de Sant Jordi, sobretot a Educaci\u00f3 infantil i, a m\u00e9s, s&#8217;han realitzat diferents Jocs tradicionals a Educaci\u00f3 Prim\u00e0ria. Aqu\u00ed us deixem un tast de la diada de Sant Jordi a Educaci\u00f3 infantil, aix\u00ed com els [&hellip;]<\/p>\n","protected":false},"author":1,"featured_media":0,"comment_status":"closed","ping_status":"closed","sticky":false,"template":"","format":"standard","meta":{"_bbp_topic_count":0,"_bbp_reply_count":0,"_bbp_total_topic_count":0,"_bbp_total_reply_count":0,"_bbp_voice_count":0,"_bbp_anonymous_reply_count":0,"_bbp_topic_count_hidden":0,"_bbp_reply_count_hidden":0,"_bbp_forum_subforum_count":0,"site-sidebar-layout":"default","site-content-layout":"","ast-site-content-layout":"default","site-content-style":"default","site-sidebar-style":"default","ast-global-header-display":"","ast-banner-title-visibility":"","ast-main-header-display":"","ast-hfb-above-header-display":"","ast-hfb-below-header-display":"","ast-hfb-mobile-header-display":"","site-post-title":"","ast-breadcrumbs-content":"","ast-featured-img":"","footer-sml-layout":"","theme-transparent-header-meta":"default","adv-header-id-meta":"","stick-header-meta":"","header-above-stick-meta":"","header-main-stick-meta":"","header-below-stick-meta":"","astra-migrate-meta-layouts":"set","ast-page-background-enabled":"default","ast-page-background-meta":{"desktop":{"background-color":"var(--ast-global-color-4)","background-image":"","background-repeat":"repeat","background-position":"center center","background-size":"auto","background-attachment":"scroll","background-type":"","background-media":"","overlay-type":"","overlay-color":"","overlay-opacity":"","overlay-gradient":""},"tablet":{"background-color":"","background-image":"","background-repeat":"repeat","background-position":"center center","background-size":"auto","background-attachment":"scroll","background-type":"","background-media":"","overlay-type":"","overlay-color":"","overlay-opacity":"","overlay-gradient":""},"mobile":{"background-color":"","background-image":"","background-repeat":"repeat","background-position":"center center","background-size":"auto","background-attachment":"scroll","background-type":"","background-media":"","overlay-type":"","overlay-color":"","overlay-opacity":"","overlay-gradient":""}},"ast-content-background-meta":{"desktop":{"background-color":"var(--ast-global-color-5)","background-image":"","background-repeat":"repeat","background-position":"center center","background-size":"auto","background-attachment":"scroll","background-type":"","background-media":"","overlay-type":"","overlay-color":"","overlay-opacity":"","overlay-gradient":""},"tablet":{"background-color":"var(--ast-global-color-5)","background-image":"","background-repeat":"repeat","background-position":"center center","background-size":"auto","background-attachment":"scroll","background-type":"","background-media":"","overlay-type":"","overlay-color":"","overlay-opacity":"","overlay-gradient":""},"mobile":{"background-color":"var(--ast-global-color-5)","background-image":"","background-repeat":"repeat","background-position":"center center","background-size":"auto","background-attachment":"scroll","background-type":"","background-media":"","overlay-type":"","overlay-color":"","overlay-opacity":"","overlay-gradient":""}},"footnotes":""},"categories":[2,4,5],"tags":[],"class_list":["post-23443","post","type-post","status-publish","format-standard","hentry","category-infantil","category-portada","category-primaria"],"post_mailing_queue_ids":[],"_links":{"self":[{"href":"https:\/\/agora.xtec.cat\/escalmacelles\/wp-json\/wp\/v2\/posts\/23443","targetHints":{"allow":["GET"]}}],"collection":[{"href":"https:\/\/agora.xtec.cat\/escalmacelles\/wp-json\/wp\/v2\/posts"}],"about":[{"href":"https:\/\/agora.xtec.cat\/escalmacelles\/wp-json\/wp\/v2\/types\/post"}],"author":[{"embeddable":true,"href":"https:\/\/agora.xtec.cat\/escalmacelles\/wp-json\/wp\/v2\/users\/1"}],"replies":[{"embeddable":true,"href":"https:\/\/agora.xtec.cat\/escalmacelles\/wp-json\/wp\/v2\/comments?post=23443"}],"version-history":[{"count":2,"href":"https:\/\/agora.xtec.cat\/escalmacelles\/wp-json\/wp\/v2\/posts\/23443\/revisions"}],"predecessor-version":[{"id":23448,"href":"https:\/\/agora.xtec.cat\/escalmacelles\/wp-json\/wp\/v2\/posts\/23443\/revisions\/23448"}],"wp:attachment":[{"href":"https:\/\/agora.xtec.cat\/escalmacelles\/wp-json\/wp\/v2\/media?parent=23443"}],"wp:term":[{"taxonomy":"category","embeddable":true,"href":"https:\/\/agora.xtec.cat\/escalmacelles\/wp-json\/wp\/v2\/categories?post=23443"},{"taxonomy":"post_tag","embeddable":true,"href":"https:\/\/agora.xtec.cat\/escalmacelles\/wp-json\/wp\/v2\/tags?post=23443"}],"curies":[{"name":"wp","href":"https:\/\/api.w.org\/{rel}","templated":true}]}}