{"id":23441,"date":"2026-04-28T10:11:41","date_gmt":"2026-04-28T08:11:41","guid":{"rendered":"https:\/\/agora.xtec.cat\/escalmacelles\/?p=23441"},"modified":"2026-04-28T10:11:41","modified_gmt":"2026-04-28T08:11:41","slug":"dia-de-leducacio-fisica-al-carrer-defc-2026","status":"publish","type":"post","link":"https:\/\/agora.xtec.cat\/escalmacelles\/infantil\/dia-de-leducacio-fisica-al-carrer-defc-2026\/","title":{"rendered":"Dia de l&#8217;Educaci\u00f3 F\u00edsica al Carrer (DEFC) 2026"},"content":{"rendered":"<p>Tot i que aquest dia va ser, concretament, el 16 d&#8217;abril, l&#8217;alumnat de l&#8217;escola va realitzar diferents activitats segons el cicle i la possibilitat de poder coordinar-ho amb altres activitats de l&#8217;escola. Aix\u00ed, doncs, durant la setmana cada cicle es va organitzar de manera que pogu\u00e9s dur a terme aquesta Educaci\u00f3 F\u00edsica al Carrer. Amb aquesta activitat es pret\u00e9n donar visivilitat i posar de manifest la import\u00e0ncia de la realitzaci\u00f3 de l&#8217;esport i l&#8217;exercici f\u00edsic, \u00e9s a dir, d&#8217;una Educaci\u00f3 F\u00edsica per al manteniment de la salut.<\/p>\n<p>Us deixem un enlla\u00e7 a cadascun dels \u00e0lbums segons el cicle:<\/p>\n<p><a href=\"https:\/\/photos.app.goo.gl\/5trJ65mqMYY7i9AR9\">DEFC &#8211; Educaci\u00f3 Infantil<\/a><\/p>\n<p><a href=\"https:\/\/photos.app.goo.gl\/vaARx5h7AL9iRPtBA\">DEFC &#8211; Cicle Inicial<\/a><\/p>\n<p><a href=\"https:\/\/photos.app.goo.gl\/Ph8iBZRaucF6YLLt5\">DEFC &#8211; Cicle Mitj\u00e0<\/a><\/p>\n<p><a href=\"https:\/\/photos.app.goo.gl\/D5YC9vLfDs1NRTPN6\">DEFC &#8211; Cicle Superior (5\u00e8)<\/a><\/p>\n","protected":false},"excerpt":{"rendered":"<p>Tot i que aquest dia va ser, concretament, el 16 d&#8217;abril, l&#8217;alumnat de l&#8217;escola va realitzar diferents activitats segons el cicle i la possibilitat de poder coordinar-ho amb altres activitats de l&#8217;escola. Aix\u00ed, doncs, durant la setmana cada cicle es va organitzar de manera que pogu\u00e9s dur a terme aquesta Educaci\u00f3 F\u00edsica al Carrer. Amb [&hellip;]<\/p>\n","protected":false},"author":1,"featured_media":0,"comment_status":"closed","ping_status":"closed","sticky":false,"template":"","format":"standard","meta":{"_bbp_topic_count":0,"_bbp_reply_count":0,"_bbp_total_topic_count":0,"_bbp_total_reply_count":0,"_bbp_voice_count":0,"_bbp_anonymous_reply_count":0,"_bbp_topic_count_hidden":0,"_bbp_reply_count_hidden":0,"_bbp_forum_subforum_count":0,"site-sidebar-layout":"default","site-content-layout":"","ast-site-content-layout":"default","site-content-style":"default","site-sidebar-style":"default","ast-global-header-display":"","ast-banner-title-visibility":"","ast-main-header-display":"","ast-hfb-above-header-display":"","ast-hfb-below-header-display":"","ast-hfb-mobile-header-display":"","site-post-title":"","ast-breadcrumbs-content":"","ast-featured-img":"","footer-sml-layout":"","theme-transparent-header-meta":"default","adv-header-id-meta":"","stick-header-meta":"","header-above-stick-meta":"","header-main-stick-meta":"","header-below-stick-meta":"","astra-migrate-meta-layouts":"set","ast-page-background-enabled":"default","ast-page-background-meta":{"desktop":{"background-color":"var(--ast-global-color-4)","background-image":"","background-repeat":"repeat","background-position":"center center","background-size":"auto","background-attachment":"scroll","background-type":"","background-media":"","overlay-type":"","overlay-color":"","overlay-opacity":"","overlay-gradient":""},"tablet":{"background-color":"","background-image":"","background-repeat":"repeat","background-position":"center center","background-size":"auto","background-attachment":"scroll","background-type":"","background-media":"","overlay-type":"","overlay-color":"","overlay-opacity":"","overlay-gradient":""},"mobile":{"background-color":"","background-image":"","background-repeat":"repeat","background-position":"center center","background-size":"auto","background-attachment":"scroll","background-type":"","background-media":"","overlay-type":"","overlay-color":"","overlay-opacity":"","overlay-gradient":""}},"ast-content-background-meta":{"desktop":{"background-color":"var(--ast-global-color-5)","background-image":"","background-repeat":"repeat","background-position":"center center","background-size":"auto","background-attachment":"scroll","background-type":"","background-media":"","overlay-type":"","overlay-color":"","overlay-opacity":"","overlay-gradient":""},"tablet":{"background-color":"var(--ast-global-color-5)","background-image":"","background-repeat":"repeat","background-position":"center center","background-size":"auto","background-attachment":"scroll","background-type":"","background-media":"","overlay-type":"","overlay-color":"","overlay-opacity":"","overlay-gradient":""},"mobile":{"background-color":"var(--ast-global-color-5)","background-image":"","background-repeat":"repeat","background-position":"center center","background-size":"auto","background-attachment":"scroll","background-type":"","background-media":"","overlay-type":"","overlay-color":"","overlay-opacity":"","overlay-gradient":""}},"footnotes":""},"categories":[10,11,12,13,14,15,81,3,8,9,2,4,5],"tags":[],"class_list":["post-23441","post","type-post","status-publish","format-standard","hentry","category-1r","category-2n","category-3r","category-4t","category-5e","category-6e","category-educacio-fisica","category-p3","category-p4","category-p5","category-infantil","category-portada","category-primaria"],"post_mailing_queue_ids":[],"_links":{"self":[{"href":"https:\/\/agora.xtec.cat\/escalmacelles\/wp-json\/wp\/v2\/posts\/23441","targetHints":{"allow":["GET"]}}],"collection":[{"href":"https:\/\/agora.xtec.cat\/escalmacelles\/wp-json\/wp\/v2\/posts"}],"about":[{"href":"https:\/\/agora.xtec.cat\/escalmacelles\/wp-json\/wp\/v2\/types\/post"}],"author":[{"embeddable":true,"href":"https:\/\/agora.xtec.cat\/escalmacelles\/wp-json\/wp\/v2\/users\/1"}],"replies":[{"embeddable":true,"href":"https:\/\/agora.xtec.cat\/escalmacelles\/wp-json\/wp\/v2\/comments?post=23441"}],"version-history":[{"count":1,"href":"https:\/\/agora.xtec.cat\/escalmacelles\/wp-json\/wp\/v2\/posts\/23441\/revisions"}],"predecessor-version":[{"id":23442,"href":"https:\/\/agora.xtec.cat\/escalmacelles\/wp-json\/wp\/v2\/posts\/23441\/revisions\/23442"}],"wp:attachment":[{"href":"https:\/\/agora.xtec.cat\/escalmacelles\/wp-json\/wp\/v2\/media?parent=23441"}],"wp:term":[{"taxonomy":"category","embeddable":true,"href":"https:\/\/agora.xtec.cat\/escalmacelles\/wp-json\/wp\/v2\/categories?post=23441"},{"taxonomy":"post_tag","embeddable":true,"href":"https:\/\/agora.xtec.cat\/escalmacelles\/wp-json\/wp\/v2\/tags?post=23441"}],"curies":[{"name":"wp","href":"https:\/\/api.w.org\/{rel}","templated":true}]}}