{"id":23419,"date":"2026-04-20T09:13:03","date_gmt":"2026-04-20T07:13:03","guid":{"rendered":"https:\/\/agora.xtec.cat\/escalmacelles\/?p=23419"},"modified":"2026-04-20T09:13:03","modified_gmt":"2026-04-20T07:13:03","slug":"colonies-6e-camp-daprenentatge-pau-casals-2","status":"publish","type":"post","link":"https:\/\/agora.xtec.cat\/escalmacelles\/portada\/colonies-6e-camp-daprenentatge-pau-casals-2\/","title":{"rendered":"Col\u00f2nies 6\u00e8. Camp d&#8217;aprenentatge Pau Casals"},"content":{"rendered":"<p data-start=\"44\" data-end=\"202\">Les col\u00f2nies de 6\u00e8 han estat molt divertides i plenes d\u2019activitats. Hem compartit moments molt especials en aquest \u00faltim curs de l&#8217;etapa d&#8217;Educaci\u00f3 Prim\u00e0ria.<\/p>\n<p data-start=\"204\" data-end=\"660\"><strong data-start=\"204\" data-end=\"218\">Primer dia<\/strong><\/p>\n<p data-start=\"0\" data-end=\"274\">Quan vam arribar a Coma-ruga, vam comen\u00e7ar enregistrant les can\u00e7ons <em data-start=\"68\" data-end=\"82\">Amor senzill<\/em> i <em data-start=\"85\" data-end=\"97\">Amor vital<\/em> en un estudi de gravaci\u00f3, on vam descobrir totes les possibilitats que ofereix el m\u00f3n del so. Tamb\u00e9, vam fer experiments sonors i vam dissenyar la car\u00e0tula de la nostra can\u00e7\u00f3. A la tarda, vam anar al bosc vertical i vam gaudir de diverses activitats de lleure. Ens ho vam passar molt b\u00e9! A la nit, vam fer una caminada pel passeig mar\u00edtim mentre practic\u00e0vem el mindfulness, un moment tranquil per relaxar-nos i connectar amb l\u2019entorn.<\/p>\n<p data-start=\"662\" data-end=\"995\"><strong data-start=\"662\" data-end=\"675\">Segon dia<\/strong><br data-start=\"675\" data-end=\"678\" \/>Vam comen\u00e7ar el dia descobrint l&#8217;evoluci\u00f3 de la m\u00fasica i aprenent a ballar rock. Despr\u00e9s vam gaudir d\u2019un concert de rock en directe. Tamb\u00e9, vam visitar la casa d&#8217;estiueig de Pau Casals i vam anar a la platja a jugar i descansar.<br data-start=\"900\" data-end=\"903\" \/>A la nit, vam fer una festa molt divertida: \u201cRock de Nit!!!\u201d, amb m\u00fasica i molt bon ambient.<\/p>\n<p data-start=\"997\" data-end=\"1196\"><strong data-start=\"997\" data-end=\"1011\">Tercer dia<\/strong><br data-start=\"1011\" data-end=\"1014\" \/>L\u2019\u00faltim dia vam visitar el Vendrell fent una ruta per la natura caminant. Vam anar a la casa nadiua de Pau Casals i al Museu Apel\u00b7les Fenosa i vam con\u00e8ixer el funcionament d&#8217;un orgue.\u00a0<br data-start=\"1140\" data-end=\"1143\" \/>Despr\u00e9s vam tornar cap a casa amb molts bons records.<\/p>\n<p data-start=\"1198\" data-end=\"1255\" data-is-last-node=\"\" data-is-only-node=\"\">Han estat uns dies genials que segur que no oblidarem!<\/p>\n<p data-start=\"1198\" data-end=\"1255\" data-is-last-node=\"\" data-is-only-node=\"\">Al seg\u00fcent enlla\u00e7 podreu escoltar les can\u00e7ons enregistrades i la car\u00e0tula guanyadora.<\/p>\n<blockquote class=\"wp-embedded-content\" data-secret=\"1jYHFkgSeA\"><p><a href=\"https:\/\/cdapaucasals.com\/releases\/escola-antonia-simo-i-arno-2025-26\/\">Escola Ant\u00f2nia Sim\u00f3 i Arn\u00f3 2025-26<\/a><\/p><\/blockquote>\n<p><iframe loading=\"lazy\" class=\"wp-embedded-content\" sandbox=\"allow-scripts\" security=\"restricted\" style=\"position: absolute; visibility: hidden;\" title=\"&#8220;Escola Ant\u00f2nia Sim\u00f3 i Arn\u00f3 2025-26&#8221; &#8212; CdA Pau Casals\" src=\"https:\/\/cdapaucasals.com\/releases\/escola-antonia-simo-i-arno-2025-26\/embed\/#?secret=NNv5RpqPZO#?secret=1jYHFkgSeA\" data-secret=\"1jYHFkgSeA\" width=\"500\" height=\"282\" frameborder=\"0\" marginwidth=\"0\" marginheight=\"0\" scrolling=\"no\"><\/iframe><\/p>\n<p><a href=\"https:\/\/agora.xtec.cat\/escalmacelles\/wp-content\/uploads\/usu1902\/2026\/04\/caratula.jpg\"><img loading=\"lazy\" decoding=\"async\" class=\"alignnone wp-image-23422\" src=\"https:\/\/agora.xtec.cat\/escalmacelles\/wp-content\/uploads\/usu1902\/2026\/04\/caratula.jpg\" alt=\"\" width=\"446\" height=\"440\" srcset=\"https:\/\/agora.xtec.cat\/escalmacelles\/wp-content\/uploads\/usu1902\/2026\/04\/caratula.jpg 779w, https:\/\/agora.xtec.cat\/escalmacelles\/wp-content\/uploads\/usu1902\/2026\/04\/caratula-300x296.jpg 300w, https:\/\/agora.xtec.cat\/escalmacelles\/wp-content\/uploads\/usu1902\/2026\/04\/caratula-768x758.jpg 768w\" sizes=\"auto, (max-width: 446px) 100vw, 446px\" \/><\/a><\/p>\n","protected":false},"excerpt":{"rendered":"<p>Les col\u00f2nies de 6\u00e8 han estat molt divertides i plenes d\u2019activitats. Hem compartit moments molt especials en aquest \u00faltim curs de l&#8217;etapa d&#8217;Educaci\u00f3 Prim\u00e0ria. Primer dia Quan vam arribar a Coma-ruga, vam comen\u00e7ar enregistrant les can\u00e7ons Amor senzill i Amor vital en un estudi de gravaci\u00f3, on vam descobrir totes les possibilitats que ofereix el [&hellip;]<\/p>\n","protected":false},"author":23,"featured_media":0,"comment_status":"open","ping_status":"open","sticky":false,"template":"","format":"standard","meta":{"_bbp_topic_count":0,"_bbp_reply_count":0,"_bbp_total_topic_count":0,"_bbp_total_reply_count":0,"_bbp_voice_count":0,"_bbp_anonymous_reply_count":0,"_bbp_topic_count_hidden":0,"_bbp_reply_count_hidden":0,"_bbp_forum_subforum_count":0,"site-sidebar-layout":"default","site-content-layout":"","ast-site-content-layout":"default","site-content-style":"default","site-sidebar-style":"default","ast-global-header-display":"","ast-banner-title-visibility":"","ast-main-header-display":"","ast-hfb-above-header-display":"","ast-hfb-below-header-display":"","ast-hfb-mobile-header-display":"","site-post-title":"","ast-breadcrumbs-content":"","ast-featured-img":"","footer-sml-layout":"","theme-transparent-header-meta":"default","adv-header-id-meta":"","stick-header-meta":"","header-above-stick-meta":"","header-main-stick-meta":"","header-below-stick-meta":"","astra-migrate-meta-layouts":"set","ast-page-background-enabled":"default","ast-page-background-meta":{"desktop":{"background-color":"var(--ast-global-color-4)","background-image":"","background-repeat":"repeat","background-position":"center center","background-size":"auto","background-attachment":"scroll","background-type":"","background-media":"","overlay-type":"","overlay-color":"","overlay-opacity":"","overlay-gradient":""},"tablet":{"background-color":"","background-image":"","background-repeat":"repeat","background-position":"center center","background-size":"auto","background-attachment":"scroll","background-type":"","background-media":"","overlay-type":"","overlay-color":"","overlay-opacity":"","overlay-gradient":""},"mobile":{"background-color":"","background-image":"","background-repeat":"repeat","background-position":"center center","background-size":"auto","background-attachment":"scroll","background-type":"","background-media":"","overlay-type":"","overlay-color":"","overlay-opacity":"","overlay-gradient":""}},"ast-content-background-meta":{"desktop":{"background-color":"var(--ast-global-color-5)","background-image":"","background-repeat":"repeat","background-position":"center center","background-size":"auto","background-attachment":"scroll","background-type":"","background-media":"","overlay-type":"","overlay-color":"","overlay-opacity":"","overlay-gradient":""},"tablet":{"background-color":"var(--ast-global-color-5)","background-image":"","background-repeat":"repeat","background-position":"center center","background-size":"auto","background-attachment":"scroll","background-type":"","background-media":"","overlay-type":"","overlay-color":"","overlay-opacity":"","overlay-gradient":""},"mobile":{"background-color":"var(--ast-global-color-5)","background-image":"","background-repeat":"repeat","background-position":"center center","background-size":"auto","background-attachment":"scroll","background-type":"","background-media":"","overlay-type":"","overlay-color":"","overlay-opacity":"","overlay-gradient":""}},"footnotes":""},"categories":[14,15,4,5],"tags":[],"class_list":["post-23419","post","type-post","status-publish","format-standard","hentry","category-5e","category-6e","category-portada","category-primaria"],"post_mailing_queue_ids":[],"_links":{"self":[{"href":"https:\/\/agora.xtec.cat\/escalmacelles\/wp-json\/wp\/v2\/posts\/23419","targetHints":{"allow":["GET"]}}],"collection":[{"href":"https:\/\/agora.xtec.cat\/escalmacelles\/wp-json\/wp\/v2\/posts"}],"about":[{"href":"https:\/\/agora.xtec.cat\/escalmacelles\/wp-json\/wp\/v2\/types\/post"}],"author":[{"embeddable":true,"href":"https:\/\/agora.xtec.cat\/escalmacelles\/wp-json\/wp\/v2\/users\/23"}],"replies":[{"embeddable":true,"href":"https:\/\/agora.xtec.cat\/escalmacelles\/wp-json\/wp\/v2\/comments?post=23419"}],"version-history":[{"count":3,"href":"https:\/\/agora.xtec.cat\/escalmacelles\/wp-json\/wp\/v2\/posts\/23419\/revisions"}],"predecessor-version":[{"id":23424,"href":"https:\/\/agora.xtec.cat\/escalmacelles\/wp-json\/wp\/v2\/posts\/23419\/revisions\/23424"}],"wp:attachment":[{"href":"https:\/\/agora.xtec.cat\/escalmacelles\/wp-json\/wp\/v2\/media?parent=23419"}],"wp:term":[{"taxonomy":"category","embeddable":true,"href":"https:\/\/agora.xtec.cat\/escalmacelles\/wp-json\/wp\/v2\/categories?post=23419"},{"taxonomy":"post_tag","embeddable":true,"href":"https:\/\/agora.xtec.cat\/escalmacelles\/wp-json\/wp\/v2\/tags?post=23419"}],"curies":[{"name":"wp","href":"https:\/\/api.w.org\/{rel}","templated":true}]}}