{"id":23289,"date":"2025-11-24T11:23:34","date_gmt":"2025-11-24T10:23:34","guid":{"rendered":"https:\/\/agora.xtec.cat\/escalmacelles\/?p=23289"},"modified":"2025-11-24T11:23:34","modified_gmt":"2025-11-24T10:23:34","slug":"i3-va-al-mercat-i-planta","status":"publish","type":"post","link":"https:\/\/agora.xtec.cat\/escalmacelles\/p3\/i3-va-al-mercat-i-planta\/","title":{"rendered":"I3 VA AL MERCAT I PLANTA"},"content":{"rendered":"<p>Fa un parell de dijous, els nens i les nenes d\u2019I3 vam anar al mercat per comprar les plantes del nostre hort d\u2019hivern. Pr\u00e8viament, a l\u2019aula vam investigar quines plantes podien aguantar el fred de l\u2019hivern d\u2019Almacelles. Entre tots vam observar les seves caracter\u00edstiques i vam parlar de qu\u00e8 necessiten per cr\u00e9ixer en aquesta \u00e8poca de l\u2019any.<br \/>\nDespr\u00e9s, vam fer una votaci\u00f3 per decidir quines vol\u00edem comprar al mercat.<\/p>\n<p>Un cop al mercat, vam buscar les plantes que hav\u00edem escollit i les vam poder veure, tocar i olorar de ben a prop. Uns dies m\u00e9s tard, hem preparat la terra i hem plantat totes les plantes al nostre hort, iniciant aix\u00ed el nostre projecte de cultiu d\u2019hivern. Ara ens tocar\u00e0 cuidar-les i observar com creixen durant les properes setmanes.<br \/>\nHa estat una experi\u00e8ncia molt enriquidora i plena de descobertes.<\/p>\n<p>Us compartim algunes fotos perqu\u00e8 pugueu veure com ho hem viscut!<\/p>\n<p><a href=\"https:\/\/agora.xtec.cat\/escalmacelles\/wp-content\/uploads\/usu1902\/2025\/11\/WhatsApp-Image-2025-11-19-at-11.23.27-3-1-1.jpeg\"><img loading=\"lazy\" decoding=\"async\" class=\"aligncenter size-large wp-image-23290\" src=\"https:\/\/agora.xtec.cat\/escalmacelles\/wp-content\/uploads\/usu1902\/2025\/11\/WhatsApp-Image-2025-11-19-at-11.23.27-3-1-1-1024x1003.jpeg\" alt=\"\" width=\"1024\" height=\"1003\" srcset=\"https:\/\/agora.xtec.cat\/escalmacelles\/wp-content\/uploads\/usu1902\/2025\/11\/WhatsApp-Image-2025-11-19-at-11.23.27-3-1-1-1024x1003.jpeg 1024w, https:\/\/agora.xtec.cat\/escalmacelles\/wp-content\/uploads\/usu1902\/2025\/11\/WhatsApp-Image-2025-11-19-at-11.23.27-3-1-1-300x294.jpeg 300w, https:\/\/agora.xtec.cat\/escalmacelles\/wp-content\/uploads\/usu1902\/2025\/11\/WhatsApp-Image-2025-11-19-at-11.23.27-3-1-1-768x752.jpeg 768w, https:\/\/agora.xtec.cat\/escalmacelles\/wp-content\/uploads\/usu1902\/2025\/11\/WhatsApp-Image-2025-11-19-at-11.23.27-3-1-1.jpeg 1500w\" sizes=\"auto, (max-width: 1024px) 100vw, 1024px\" \/><\/a><\/p>\n","protected":false},"excerpt":{"rendered":"<p>Fa un parell de dijous, els nens i les nenes d\u2019I3 vam anar al mercat per comprar les plantes del nostre hort d\u2019hivern. Pr\u00e8viament, a l\u2019aula vam investigar quines plantes podien aguantar el fred de l\u2019hivern d\u2019Almacelles. Entre tots vam observar les seves caracter\u00edstiques i vam parlar de qu\u00e8 necessiten per cr\u00e9ixer en aquesta \u00e8poca [&hellip;]<\/p>\n","protected":false},"author":27,"featured_media":0,"comment_status":"closed","ping_status":"open","sticky":false,"template":"","format":"standard","meta":{"_bbp_topic_count":0,"_bbp_reply_count":0,"_bbp_total_topic_count":0,"_bbp_total_reply_count":0,"_bbp_voice_count":0,"_bbp_anonymous_reply_count":0,"_bbp_topic_count_hidden":0,"_bbp_reply_count_hidden":0,"_bbp_forum_subforum_count":0,"site-sidebar-layout":"default","site-content-layout":"","ast-site-content-layout":"default","site-content-style":"default","site-sidebar-style":"default","ast-global-header-display":"","ast-banner-title-visibility":"","ast-main-header-display":"","ast-hfb-above-header-display":"","ast-hfb-below-header-display":"","ast-hfb-mobile-header-display":"","site-post-title":"","ast-breadcrumbs-content":"","ast-featured-img":"","footer-sml-layout":"","theme-transparent-header-meta":"default","adv-header-id-meta":"","stick-header-meta":"","header-above-stick-meta":"","header-main-stick-meta":"","header-below-stick-meta":"","astra-migrate-meta-layouts":"set","ast-page-background-enabled":"default","ast-page-background-meta":{"desktop":{"background-color":"var(--ast-global-color-4)","background-image":"","background-repeat":"repeat","background-position":"center center","background-size":"auto","background-attachment":"scroll","background-type":"","background-media":"","overlay-type":"","overlay-color":"","overlay-opacity":"","overlay-gradient":""},"tablet":{"background-color":"","background-image":"","background-repeat":"repeat","background-position":"center center","background-size":"auto","background-attachment":"scroll","background-type":"","background-media":"","overlay-type":"","overlay-color":"","overlay-opacity":"","overlay-gradient":""},"mobile":{"background-color":"","background-image":"","background-repeat":"repeat","background-position":"center center","background-size":"auto","background-attachment":"scroll","background-type":"","background-media":"","overlay-type":"","overlay-color":"","overlay-opacity":"","overlay-gradient":""}},"ast-content-background-meta":{"desktop":{"background-color":"var(--ast-global-color-5)","background-image":"","background-repeat":"repeat","background-position":"center center","background-size":"auto","background-attachment":"scroll","background-type":"","background-media":"","overlay-type":"","overlay-color":"","overlay-opacity":"","overlay-gradient":""},"tablet":{"background-color":"var(--ast-global-color-5)","background-image":"","background-repeat":"repeat","background-position":"center center","background-size":"auto","background-attachment":"scroll","background-type":"","background-media":"","overlay-type":"","overlay-color":"","overlay-opacity":"","overlay-gradient":""},"mobile":{"background-color":"var(--ast-global-color-5)","background-image":"","background-repeat":"repeat","background-position":"center center","background-size":"auto","background-attachment":"scroll","background-type":"","background-media":"","overlay-type":"","overlay-color":"","overlay-opacity":"","overlay-gradient":""}},"footnotes":""},"categories":[3,4],"tags":[],"class_list":["post-23289","post","type-post","status-publish","format-standard","hentry","category-p3","category-portada"],"post_mailing_queue_ids":[],"_links":{"self":[{"href":"https:\/\/agora.xtec.cat\/escalmacelles\/wp-json\/wp\/v2\/posts\/23289","targetHints":{"allow":["GET"]}}],"collection":[{"href":"https:\/\/agora.xtec.cat\/escalmacelles\/wp-json\/wp\/v2\/posts"}],"about":[{"href":"https:\/\/agora.xtec.cat\/escalmacelles\/wp-json\/wp\/v2\/types\/post"}],"author":[{"embeddable":true,"href":"https:\/\/agora.xtec.cat\/escalmacelles\/wp-json\/wp\/v2\/users\/27"}],"replies":[{"embeddable":true,"href":"https:\/\/agora.xtec.cat\/escalmacelles\/wp-json\/wp\/v2\/comments?post=23289"}],"version-history":[{"count":1,"href":"https:\/\/agora.xtec.cat\/escalmacelles\/wp-json\/wp\/v2\/posts\/23289\/revisions"}],"predecessor-version":[{"id":23291,"href":"https:\/\/agora.xtec.cat\/escalmacelles\/wp-json\/wp\/v2\/posts\/23289\/revisions\/23291"}],"wp:attachment":[{"href":"https:\/\/agora.xtec.cat\/escalmacelles\/wp-json\/wp\/v2\/media?parent=23289"}],"wp:term":[{"taxonomy":"category","embeddable":true,"href":"https:\/\/agora.xtec.cat\/escalmacelles\/wp-json\/wp\/v2\/categories?post=23289"},{"taxonomy":"post_tag","embeddable":true,"href":"https:\/\/agora.xtec.cat\/escalmacelles\/wp-json\/wp\/v2\/tags?post=23289"}],"curies":[{"name":"wp","href":"https:\/\/api.w.org\/{rel}","templated":true}]}}