{"id":23241,"date":"2025-10-02T09:42:52","date_gmt":"2025-10-02T07:42:52","guid":{"rendered":"https:\/\/agora.xtec.cat\/escalmacelles\/?p=23241"},"modified":"2025-10-02T09:42:52","modified_gmt":"2025-10-02T07:42:52","slug":"jornada-de-convivencia-al-cicle-inicial","status":"publish","type":"post","link":"https:\/\/agora.xtec.cat\/escalmacelles\/portada\/jornada-de-convivencia-al-cicle-inicial\/","title":{"rendered":"JORNADA DE CONVIV\u00c8NCIA AL CICLE INICIAL"},"content":{"rendered":"<p>Hola de nou, fam\u00edlies<\/p>\n<p>&nbsp;<\/p>\n<p>El dilluns 29 de setembre tot l&#8217;alumnat de Cicle Inicial vam fer una sortida al poble, al Camp de Futbol i al Parc d&#8217;Europa.<\/p>\n<p>Es tractava d&#8217;una jornada de conviv\u00e8ncia en el qual, l&#8217;alumnat de 1r i 2n van compartir moltes estones i jocs, donant-los l&#8217;oportunitat de con\u00e8ixer-se i mantenir el primer vincle internivell (1r i 2n). Com ja sabeu, en uns dies iniciarem els tallers de pl\u00e0stica que farem barrejant nens i nenes de 1r i 2n, doncs com ja hem dit, aquesta sortida els va donar l&#8217;oportunitat de trencar el gel.<\/p>\n<p>Aixi que, vam anar al Camp de futbol on el mestre d&#8217;educaci\u00f3 fisica, el Juan va preparar-nos 6 jocs molt divertits:<\/p>\n<p>1- Relleus<\/p>\n<p>2- El paracaiguda<\/p>\n<p>3- Pedra, paper o tisora<\/p>\n<p>4- El congelador<\/p>\n<p>5- La cadena<\/p>\n<p>6- Les est\u00e0tues<\/p>\n<p>Al finalitzar totes les estacions, vam anar al Parc d&#8217;Europa on vam dinar i vam poder continuar jugant, aix\u00f2 s\u00ed, aquest cop de manera lliure.<\/p>\n<p>&nbsp;<\/p>\n<p>Va ser un dia d&#8217;all\u00f2 m\u00e9s divertit!<\/p>\n<p><a href=\"https:\/\/agora.xtec.cat\/escalmacelles\/wp-content\/uploads\/usu1902\/2025\/10\/redi.jpg\"><img loading=\"lazy\" decoding=\"async\" class=\"alignnone size-full wp-image-23243\" src=\"https:\/\/agora.xtec.cat\/escalmacelles\/wp-content\/uploads\/usu1902\/2025\/10\/redi.jpg\" alt=\"\" width=\"1024\" height=\"768\" srcset=\"https:\/\/agora.xtec.cat\/escalmacelles\/wp-content\/uploads\/usu1902\/2025\/10\/redi.jpg 1024w, https:\/\/agora.xtec.cat\/escalmacelles\/wp-content\/uploads\/usu1902\/2025\/10\/redi-300x225.jpg 300w, https:\/\/agora.xtec.cat\/escalmacelles\/wp-content\/uploads\/usu1902\/2025\/10\/redi-768x576.jpg 768w\" sizes=\"auto, (max-width: 1024px) 100vw, 1024px\" \/><\/a><\/p>\n<p>&nbsp;<\/p>\n","protected":false},"excerpt":{"rendered":"<p>Hola de nou, fam\u00edlies &nbsp; El dilluns 29 de setembre tot l&#8217;alumnat de Cicle Inicial vam fer una sortida al poble, al Camp de Futbol i al Parc d&#8217;Europa. Es tractava d&#8217;una jornada de conviv\u00e8ncia en el qual, l&#8217;alumnat de 1r i 2n van compartir moltes estones i jocs, donant-los l&#8217;oportunitat de con\u00e8ixer-se i mantenir [&hellip;]<\/p>\n","protected":false},"author":30,"featured_media":0,"comment_status":"open","ping_status":"open","sticky":false,"template":"","format":"standard","meta":{"_bbp_topic_count":0,"_bbp_reply_count":0,"_bbp_total_topic_count":0,"_bbp_total_reply_count":0,"_bbp_voice_count":0,"_bbp_anonymous_reply_count":0,"_bbp_topic_count_hidden":0,"_bbp_reply_count_hidden":0,"_bbp_forum_subforum_count":0,"site-sidebar-layout":"default","site-content-layout":"","ast-site-content-layout":"default","site-content-style":"default","site-sidebar-style":"default","ast-global-header-display":"","ast-banner-title-visibility":"","ast-main-header-display":"","ast-hfb-above-header-display":"","ast-hfb-below-header-display":"","ast-hfb-mobile-header-display":"","site-post-title":"","ast-breadcrumbs-content":"","ast-featured-img":"","footer-sml-layout":"","theme-transparent-header-meta":"default","adv-header-id-meta":"","stick-header-meta":"","header-above-stick-meta":"","header-main-stick-meta":"","header-below-stick-meta":"","astra-migrate-meta-layouts":"set","ast-page-background-enabled":"default","ast-page-background-meta":{"desktop":{"background-color":"var(--ast-global-color-4)","background-image":"","background-repeat":"repeat","background-position":"center center","background-size":"auto","background-attachment":"scroll","background-type":"","background-media":"","overlay-type":"","overlay-color":"","overlay-opacity":"","overlay-gradient":""},"tablet":{"background-color":"","background-image":"","background-repeat":"repeat","background-position":"center center","background-size":"auto","background-attachment":"scroll","background-type":"","background-media":"","overlay-type":"","overlay-color":"","overlay-opacity":"","overlay-gradient":""},"mobile":{"background-color":"","background-image":"","background-repeat":"repeat","background-position":"center center","background-size":"auto","background-attachment":"scroll","background-type":"","background-media":"","overlay-type":"","overlay-color":"","overlay-opacity":"","overlay-gradient":""}},"ast-content-background-meta":{"desktop":{"background-color":"var(--ast-global-color-5)","background-image":"","background-repeat":"repeat","background-position":"center center","background-size":"auto","background-attachment":"scroll","background-type":"","background-media":"","overlay-type":"","overlay-color":"","overlay-opacity":"","overlay-gradient":""},"tablet":{"background-color":"var(--ast-global-color-5)","background-image":"","background-repeat":"repeat","background-position":"center center","background-size":"auto","background-attachment":"scroll","background-type":"","background-media":"","overlay-type":"","overlay-color":"","overlay-opacity":"","overlay-gradient":""},"mobile":{"background-color":"var(--ast-global-color-5)","background-image":"","background-repeat":"repeat","background-position":"center center","background-size":"auto","background-attachment":"scroll","background-type":"","background-media":"","overlay-type":"","overlay-color":"","overlay-opacity":"","overlay-gradient":""}},"footnotes":""},"categories":[10,11,4,5],"tags":[],"class_list":["post-23241","post","type-post","status-publish","format-standard","hentry","category-1r","category-2n","category-portada","category-primaria"],"post_mailing_queue_ids":[],"_links":{"self":[{"href":"https:\/\/agora.xtec.cat\/escalmacelles\/wp-json\/wp\/v2\/posts\/23241","targetHints":{"allow":["GET"]}}],"collection":[{"href":"https:\/\/agora.xtec.cat\/escalmacelles\/wp-json\/wp\/v2\/posts"}],"about":[{"href":"https:\/\/agora.xtec.cat\/escalmacelles\/wp-json\/wp\/v2\/types\/post"}],"author":[{"embeddable":true,"href":"https:\/\/agora.xtec.cat\/escalmacelles\/wp-json\/wp\/v2\/users\/30"}],"replies":[{"embeddable":true,"href":"https:\/\/agora.xtec.cat\/escalmacelles\/wp-json\/wp\/v2\/comments?post=23241"}],"version-history":[{"count":2,"href":"https:\/\/agora.xtec.cat\/escalmacelles\/wp-json\/wp\/v2\/posts\/23241\/revisions"}],"predecessor-version":[{"id":23245,"href":"https:\/\/agora.xtec.cat\/escalmacelles\/wp-json\/wp\/v2\/posts\/23241\/revisions\/23245"}],"wp:attachment":[{"href":"https:\/\/agora.xtec.cat\/escalmacelles\/wp-json\/wp\/v2\/media?parent=23241"}],"wp:term":[{"taxonomy":"category","embeddable":true,"href":"https:\/\/agora.xtec.cat\/escalmacelles\/wp-json\/wp\/v2\/categories?post=23241"},{"taxonomy":"post_tag","embeddable":true,"href":"https:\/\/agora.xtec.cat\/escalmacelles\/wp-json\/wp\/v2\/tags?post=23241"}],"curies":[{"name":"wp","href":"https:\/\/api.w.org\/{rel}","templated":true}]}}